{"id":18107,"date":"2025-08-06T08:45:20","date_gmt":"2025-08-06T08:45:20","guid":{"rendered":"https:\/\/www.europesays.com\/pt\/18107\/"},"modified":"2025-08-06T08:45:20","modified_gmt":"2025-08-06T08:45:20","slug":"dinamarca-noruega-e-suecia-juntam-se-a-pacote-de-ajuda-militar-a-ucrania","status":"publish","type":"post","link":"https:\/\/www.europesays.com\/pt\/18107\/","title":{"rendered":"Dinamarca, Noruega e Su\u00e9cia juntam-se a pacote de ajuda militar \u00e0 Ucr\u00e2nia"},"content":{"rendered":"<p>                    <b>\u201cNoruega, Su\u00e9cia e Dinamarca est\u00e3o a unir for\u00e7as num pacote de apoio militar para garantir equipamentos de defesa norte-americanos de alta prioridade para a Ucr\u00e2nia\u201d<\/b>, l\u00ea-se num comunicado conjunto dos governos dos tr\u00eas pa\u00edses n\u00f3rdicos, no qual \u00e9 referido que \u00e9 a NATO que est\u00e1 a coordenar este pacote de ajuda.<\/p>\n<p><b>&#8220;Com esta contribui\u00e7\u00e3o, queremos garantir que a Ucr\u00e2nia receba rapidamente o equipamento de que necessita, ao mesmo tempo que fortalecemos a coopera\u00e7\u00e3o da NATO na defesa da Ucr\u00e2nia e garantimos a paz segundo os termos ucranianos&#8221;<\/b>, afirmou o ministro noruegu\u00eas da Defesa, Tore O. Sandvik.<\/p>\n<p>Segundo o primeiro-ministro da Noruega, Jonas Gahr St\u00f8re, esta \u00e9 uma \u201ciniciativa importante da NATO e dos Estados Unidos\u201d, que \u201cajuda a garantir que os ucranianos recebam rapidamente equipamentos militares cruciais para se defenderem e fortalece a coopera\u00e7\u00e3o\u201d entre os aliados na luta pela defesa da Ucr\u00e2nia.<\/p>\n<p>J\u00e1 o ministro dinamarqu\u00eas da Defesa adiantou que o dinheiro estaria dispon\u00edvel imediatamente e que a Dinamarca est\u00e1 disposta a considerar financiamento adicional posteriormente.<br \/>&#13;<br \/>\n<b><br \/>&#13;<br \/>\n&#8220;A velocidade \u00e9 absolutamente crucial&#8221;<\/b>, afirmou Troels Lund Poulsen tamb\u00e9m numa nota.<\/p>\n<p>O pacote de financiamento conjunto dos tr\u00eas pa\u00edses n\u00f3rdicos prev\u00ea uma contribui\u00e7\u00e3o de cerca de 80 milh\u00f5es de euros da Dinamarca, perto de 120 milh\u00f5es da Noruega e de 230 milh\u00f5es da Su\u00e9cia.<\/p>\n<p>&#8220;O fornecimento cont\u00ednuo deste tipo de material de defesa americano, que a Europa n\u00e3o consegue fornecer em quantidade suficiente, \u00e9 decisivo para a capacidade de defesa da Ucr\u00e2nia&#8221;, disse o vice-primeiro-ministro sueco, Ebba Busch, em confer\u00eancia de imprensa.<\/p>\n<p>Os Pa\u00edses Baixos foram o primeiro pa\u00eds a anunciar a participa\u00e7\u00e3o nesta parceria,\u00a0 na segunda-feira, com 500 milh\u00f5es de euros.<\/p>\n<p><b>&#8220;Isto faz dos Pa\u00edses Baixos o primeiro pa\u00eds a dar continuidade aos acordos assinados entre a NATO e os Estados Unidos sobre a compra de armas de defesa a\u00e9rea norte-americanas para a Ucr\u00e2nia, entre outras coisas&#8221;<\/b>, afirmou o primeiro-ministro neerland\u00eas em exerc\u00edcio, Dick Schoof, numa mensagem nas redes sociais.<\/p>\n<p>Este financiamento revelado surge na sequ\u00eancia do acordo assinado por Mark Rutte, o secret\u00e1rio-geral da Alian\u00e7a Atl\u00e2ntica, e Donald Trump na Casa Branca, a 14 de julho, que prev\u00ea que os aliados europeus e o Canad\u00e1 contribuam para os pacotes peri\u00f3dicos de ajuda militar \u00e0 Ucr\u00e2nia, cada um no valor aproximado de 500 milh\u00f5es de d\u00f3lares (432 milh\u00f5es de euros).<\/p>\n<p>Estes pacotes ter\u00e3o equipamento e muni\u00e7\u00f5es identificados pela Ucr\u00e2nia como &#8220;prioridades operacionais&#8221; e incluir\u00e3o capacidades que os Estados Unidos podem fornecer em quantidades superiores \u00e0s da Europa e Canad\u00e1.&#13;<\/p>\n","protected":false},"excerpt":{"rendered":"\u201cNoruega, Su\u00e9cia e Dinamarca est\u00e3o a unir for\u00e7as num pacote de apoio militar para garantir equipamentos de defesa&hellip;\n","protected":false},"author":2,"featured_media":18108,"comment_status":"","ping_status":"","sticky":false,"template":"","format":"standard","meta":{"footnotes":""},"categories":[50],"tags":[27,28,15,16,14,25,26,21,22,62,3400,12,13,19,20,23,24,17,18,840,29,30,31,63,64,65],"class_list":{"0":"post-18107","1":"post","2":"type-post","3":"status-publish","4":"format-standard","5":"has-post-thumbnail","7":"category-mundo","8":"tag-breaking-news","9":"tag-breakingnews","10":"tag-featured-news","11":"tag-featurednews","12":"tag-headlines","13":"tag-latest-news","14":"tag-latestnews","15":"tag-main-news","16":"tag-mainnews","17":"tag-mundo","18":"tag-nato","19":"tag-news","20":"tag-noticias","21":"tag-noticias-principais","22":"tag-noticiasprincipais","23":"tag-principais-noticias","24":"tag-principaisnoticias","25":"tag-top-stories","26":"tag-topstories","27":"tag-ucrania","28":"tag-ultimas","29":"tag-ultimas-noticias","30":"tag-ultimasnoticias","31":"tag-world","32":"tag-world-news","33":"tag-worldnews"},"share_on_mastodon":{"url":"","error":""},"_links":{"self":[{"href":"https:\/\/www.europesays.com\/pt\/wp-json\/wp\/v2\/posts\/18107","targetHints":{"allow":["GET"]}}],"collection":[{"href":"https:\/\/www.europesays.com\/pt\/wp-json\/wp\/v2\/posts"}],"about":[{"href":"https:\/\/www.europesays.com\/pt\/wp-json\/wp\/v2\/types\/post"}],"author":[{"embeddable":true,"href":"https:\/\/www.europesays.com\/pt\/wp-json\/wp\/v2\/users\/2"}],"replies":[{"embeddable":true,"href":"https:\/\/www.europesays.com\/pt\/wp-json\/wp\/v2\/comments?post=18107"}],"version-history":[{"count":0,"href":"https:\/\/www.europesays.com\/pt\/wp-json\/wp\/v2\/posts\/18107\/revisions"}],"wp:featuredmedia":[{"embeddable":true,"href":"https:\/\/www.europesays.com\/pt\/wp-json\/wp\/v2\/media\/18108"}],"wp:attachment":[{"href":"https:\/\/www.europesays.com\/pt\/wp-json\/wp\/v2\/media?parent=18107"}],"wp:term":[{"taxonomy":"category","embeddable":true,"href":"https:\/\/www.europesays.com\/pt\/wp-json\/wp\/v2\/categories?post=18107"},{"taxonomy":"post_tag","embeddable":true,"href":"https:\/\/www.europesays.com\/pt\/wp-json\/wp\/v2\/tags?post=18107"}],"curies":[{"name":"wp","href":"https:\/\/api.w.org\/{rel}","templated":true}]}}