{"id":181112,"date":"2025-12-09T08:40:45","date_gmt":"2025-12-09T08:40:45","guid":{"rendered":"https:\/\/www.europesays.com\/pt\/181112\/"},"modified":"2025-12-09T08:40:45","modified_gmt":"2025-12-09T08:40:45","slug":"gripe-das-aves-inflaciona-precos-ovos-custam-quase-o-dobro-do-que-em-2022","status":"publish","type":"post","link":"https:\/\/www.europesays.com\/pt\/181112\/","title":{"rendered":"Gripe das aves inflaciona pre\u00e7os: ovos custam quase o dobro do que em 2022"},"content":{"rendered":"<p data-remotead-prev-elm=\"true\" data-remotead-elm-id=\"inread\">Segundo a Associa\u00e7\u00e3o Nacional dos Avicultores Produtores de Ovos e a Federa\u00e7\u00e3o Portuguesa das Associa\u00e7\u00f5es Av\u00edcolas, os surtos, nomeadamente em Espanha, onde ter\u00e3o sido afetados cerca de tr\u00eas milh\u00f5es de galinhas poedeiras, provocaram alguma &#8220;escassez&#8221; no mercado global e juntaram-se \u00e0 subida dos fatores de produ\u00e7\u00e3o, investimentos para retirar as aves de gaiolas e procura na \u00e9poca natal\u00edcia, contribuindo para que os portugueses tenham de gastar mais dinheiro para encher a despensa.<\/p>\n","protected":false},"excerpt":{"rendered":"Segundo a Associa\u00e7\u00e3o Nacional dos Avicultores Produtores de Ovos e a Federa\u00e7\u00e3o Portuguesa das Associa\u00e7\u00f5es Av\u00edcolas, os surtos,&hellip;\n","protected":false},"author":2,"featured_media":181113,"comment_status":"","ping_status":"","sticky":false,"template":"","format":"standard","meta":{"footnotes":""},"categories":[86],"tags":[16284,116,619,32,33,117],"class_list":{"0":"post-181112","1":"post","2":"type-post","3":"status-publish","4":"format-standard","5":"has-post-thumbnail","7":"category-saude","8":"tag-gripe-das-aves","9":"tag-health","10":"tag-nacional","11":"tag-portugal","12":"tag-pt","13":"tag-saude"},"share_on_mastodon":{"url":"https:\/\/pubeurope.com\/@pt\/115688716584001678","error":""},"_links":{"self":[{"href":"https:\/\/www.europesays.com\/pt\/wp-json\/wp\/v2\/posts\/181112","targetHints":{"allow":["GET"]}}],"collection":[{"href":"https:\/\/www.europesays.com\/pt\/wp-json\/wp\/v2\/posts"}],"about":[{"href":"https:\/\/www.europesays.com\/pt\/wp-json\/wp\/v2\/types\/post"}],"author":[{"embeddable":true,"href":"https:\/\/www.europesays.com\/pt\/wp-json\/wp\/v2\/users\/2"}],"replies":[{"embeddable":true,"href":"https:\/\/www.europesays.com\/pt\/wp-json\/wp\/v2\/comments?post=181112"}],"version-history":[{"count":0,"href":"https:\/\/www.europesays.com\/pt\/wp-json\/wp\/v2\/posts\/181112\/revisions"}],"wp:featuredmedia":[{"embeddable":true,"href":"https:\/\/www.europesays.com\/pt\/wp-json\/wp\/v2\/media\/181113"}],"wp:attachment":[{"href":"https:\/\/www.europesays.com\/pt\/wp-json\/wp\/v2\/media?parent=181112"}],"wp:term":[{"taxonomy":"category","embeddable":true,"href":"https:\/\/www.europesays.com\/pt\/wp-json\/wp\/v2\/categories?post=181112"},{"taxonomy":"post_tag","embeddable":true,"href":"https:\/\/www.europesays.com\/pt\/wp-json\/wp\/v2\/tags?post=181112"}],"curies":[{"name":"wp","href":"https:\/\/api.w.org\/{rel}","templated":true}]}}