{"id":181115,"date":"2025-12-09T08:53:56","date_gmt":"2025-12-09T08:53:56","guid":{"rendered":"https:\/\/www.europesays.com\/pt\/181115\/"},"modified":"2025-12-09T08:53:56","modified_gmt":"2025-12-09T08:53:56","slug":"thaila-ayala-compartilha-fotos-pessoais-da-festa-de-aniversario-de-4-anos-do-filho-confira","status":"publish","type":"post","link":"https:\/\/www.europesays.com\/pt\/181115\/","title":{"rendered":"Thaila Ayala compartilha fotos pessoais da festa de anivers\u00e1rio de 4 anos do filho; confira"},"content":{"rendered":"<p><a href=\"https:\/\/caras.com.br\/tags\/thaila-ayala\" rel=\"nofollow noopener\" target=\"_blank\"><strong>Thaila Ayala<\/strong><\/a> compartilhou, nesta segunda-feira, 8, uma sequ\u00eancia de fotos da festa de anivers\u00e1rio do filho <strong>Francisco,<\/strong> que completou 4 anos. A comemora\u00e7\u00e3o aconteceu no \u00faltimo s\u00e1bado, 6, e reuniu familiares e amigos para marcar a data especial. O menino \u00e9 fruto do casamento da atriz com <strong>Renato G\u00f3es,<\/strong> com quem ela tamb\u00e9m tem <strong>Tereza,<\/strong> de dois anos.<\/p>\n<p>Nas redes sociais, Thaila publicou registros do evento e acompanhou as imagens com uma mensagem emocionada sobre a maternidade. A atriz afirmou viver um \u201ccarrossel perfeito\u201d ao celebrar mais um ano de vida do primog\u00eanito e destacou a alegria de presenciar o crescimento do filho.<\/p>\n<p>Na legenda, celebrou: \u201c\u00c9 muitaaaa, muita alegria, muita satisfa\u00e7\u00e3o, emo\u00e7\u00e3o de poder proporcionar uma festa linda dessa pra ele, mas muito mais do que isso a GRATID\u00c3O de celebrar seus 4 anos meu filho e poder assistir de perto esse seu sorriso largo com esses olhos brilhando pra vida! Te amo!\u201d<\/p>\n<blockquote class=\"instagram-media\" style=\"background: #FFF; border: 0; border-radius: 3px; box-shadow: 0 0 1px 0 rgba(0,0,0,0.5),0 1px 10px 0 rgba(0,0,0,0.15); margin: 1px; max-width: 540px; min-width: 326px; padding: 0; width: calc(100% - 2px);\" data-instgrm-captioned=\"\" data-instgrm-permalink=\"https:\/\/www.instagram.com\/p\/DSAd9BWDsuG\/?utm_source=ig_embed&amp;utm_campaign=loading\" data-instgrm-version=\"14\"><\/blockquote>\n<p>\t O tema da festa <\/p>\n<p>A festa de Francisco teve como tema o filme de anima\u00e7\u00e3o Zootopia, escolhido pelo pr\u00f3prio aniversariante. Segundo Thaila, o interesse do menino pelo longa surgiu h\u00e1 mais de um ano e segue firme desde ent\u00e3o. A atriz explicou que a decora\u00e7\u00e3o foi desenvolvida especialmente para o evento, j\u00e1 que o tema nunca havia sido produzido em festas infantis no Rio de Janeiro.<\/p>\n<p>Thaila mostrou nos stories a rea\u00e7\u00e3o ao chegar ao sal\u00e3o e encontrar o ambiente decorado com personagens, cen\u00e1rios e elementos inspirados no filme. Ela contou que todo o projeto foi criado do zero, com itens personalizados e um espa\u00e7o preparado para receber as crian\u00e7as com brinquedos e \u00e1reas de divers\u00e3o.<\/p>\n<p>A escolha do tema tamb\u00e9m se conecta \u00e0 vida profissional da atriz. Thaila revelou que, por conta da paix\u00e3o de Francisco por Zootopia, ela dividiu suas experi\u00eancias com o filme nas redes e, posteriormente, recebeu o convite da Disney para dublar a personagem Sra. Fuzzby em Zootopia 2. A coincid\u00eancia tornou a celebra\u00e7\u00e3o ainda mais especial para a fam\u00edlia.<\/p>\n<p>Leia tamb\u00e9m: <a href=\"https:\/\/caras.com.br\/festas\/thaila-ayala-se-surpreende-com-decoracao-inedita-da-festa-do-filho-nunca-tinham-feito.phtml\" rel=\"nofollow noopener\" target=\"_blank\">Thaila Ayala se surpreende com decora\u00e7\u00e3o in\u00e9dita da festa do filho: \u2018Nunca tinham feito\u2019<\/a><\/p>\n<p>        <a href=\"https:\/\/caras.com.br\/autor\/izabella-nicolau\" rel=\"nofollow noopener\" target=\"_blank\">&#13;<br \/>\n          <img loading=\"lazy\" decoding=\"async\" alt=\"Izabella Nicolau\" src=\"https:\/\/www.europesays.com\/pt\/wp-content\/uploads\/2025\/10\/1761546134_794_whatsapp_image_2025-08-12_at_15.10.50_1_sqmd.jpeg\" class=\"avatar avatar-115 photo rounded-circle\" height=\"115\" width=\"115\"\/>        <\/a><\/p>\n<p><strong>Izabella Nicolau<\/strong> \u00e9 rep\u00f3rter de conte\u00fado do site CARAS. Formada em jornalismo, j\u00e1 passou por sites como Observat\u00f3rio do Cinema e Ultraverso. Escreve sobre cultura, entretenimento e celebridades.<\/p>\n<p>\t                                            <script async src=\"\/\/www.instagram.com\/embed.js\"><\/script><\/p>\n","protected":false},"excerpt":{"rendered":"Thaila Ayala compartilhou, nesta segunda-feira, 8, uma sequ\u00eancia de fotos da festa de anivers\u00e1rio do filho Francisco, que&hellip;\n","protected":false},"author":2,"featured_media":181116,"comment_status":"","ping_status":"","sticky":false,"template":"","format":"standard","meta":{"footnotes":""},"categories":[145],"tags":[211,210,114,115,32,33,36867],"class_list":{"0":"post-181115","1":"post","2":"type-post","3":"status-publish","4":"format-standard","5":"has-post-thumbnail","7":"category-celebridades","8":"tag-celebridades","9":"tag-celebrities","10":"tag-entertainment","11":"tag-entretenimento","12":"tag-portugal","13":"tag-pt","14":"tag-thaila-ayala"},"share_on_mastodon":{"url":"https:\/\/pubeurope.com\/@pt\/115688771898917320","error":""},"_links":{"self":[{"href":"https:\/\/www.europesays.com\/pt\/wp-json\/wp\/v2\/posts\/181115","targetHints":{"allow":["GET"]}}],"collection":[{"href":"https:\/\/www.europesays.com\/pt\/wp-json\/wp\/v2\/posts"}],"about":[{"href":"https:\/\/www.europesays.com\/pt\/wp-json\/wp\/v2\/types\/post"}],"author":[{"embeddable":true,"href":"https:\/\/www.europesays.com\/pt\/wp-json\/wp\/v2\/users\/2"}],"replies":[{"embeddable":true,"href":"https:\/\/www.europesays.com\/pt\/wp-json\/wp\/v2\/comments?post=181115"}],"version-history":[{"count":0,"href":"https:\/\/www.europesays.com\/pt\/wp-json\/wp\/v2\/posts\/181115\/revisions"}],"wp:featuredmedia":[{"embeddable":true,"href":"https:\/\/www.europesays.com\/pt\/wp-json\/wp\/v2\/media\/181116"}],"wp:attachment":[{"href":"https:\/\/www.europesays.com\/pt\/wp-json\/wp\/v2\/media?parent=181115"}],"wp:term":[{"taxonomy":"category","embeddable":true,"href":"https:\/\/www.europesays.com\/pt\/wp-json\/wp\/v2\/categories?post=181115"},{"taxonomy":"post_tag","embeddable":true,"href":"https:\/\/www.europesays.com\/pt\/wp-json\/wp\/v2\/tags?post=181115"}],"curies":[{"name":"wp","href":"https:\/\/api.w.org\/{rel}","templated":true}]}}