{"id":181121,"date":"2025-12-09T09:03:14","date_gmt":"2025-12-09T09:03:14","guid":{"rendered":"https:\/\/www.europesays.com\/pt\/181121\/"},"modified":"2025-12-09T09:03:14","modified_gmt":"2025-12-09T09:03:14","slug":"google-garante-nao-haver-planos-para-ter-publicidade-na-ia-gemini","status":"publish","type":"post","link":"https:\/\/www.europesays.com\/pt\/181121\/","title":{"rendered":"Google garante n\u00e3o haver planos para ter publicidade na IA Gemini"},"content":{"rendered":"<p>Com uma aparente luta pelo dom\u00ednio da IA, a Google tem conseguido manter-se no topo, batendo a OpenAI e outros concorrentes. Este \u00e9 o espa\u00e7o ideal para colocar publicidade e assim pagar os investimentos feitos. Um relat\u00f3rio recente dava como certa a publicidade no Gemini, mas a Google veio refutar esse cen\u00e1rio para a sua IA.<\/p>\n<p><a target=\"_blank\" href=\"https:\/\/pplware.sapo.pt\/wp-content\/uploads\/2025\/12\/gemini-ai-v4-glow.webp\" rel=\"nofollow noopener\"><img fetchpriority=\"high\" decoding=\"async\" src=\"https:\/\/www.europesays.com\/pt\/wp-content\/uploads\/2025\/12\/gemini-ai-v4-glow-1024x576.webp.webp\" alt=\"Google Gemini publicidade IA\" width=\"720\" height=\"405\" class=\"aligncenter size-large wp-image-1092380\"  \/><\/a>\n<\/p>\n<p>Vamos ter publicidade na IA Gemini?<\/p>\n<p>Um relat\u00f3rio recente <a target=\"_blank\" href=\"https:\/\/www.adweek.com\/media\/google-gemini-ads-2026\/\" rel=\"nofollow noopener\">afirma<\/a> que a Google est\u00e1 a preparar-se para inserir an\u00fancios nas suas ferramentas de IA Gemini, cada vez mais populares, mas a Google insiste que &#8220;n\u00e3o h\u00e1 planos&#8221; para an\u00fancios no Gemini. Mais uma vez a IA parece criar interesse, desta vez no campo da publicidade, dada a quantidade de utilizadores que atrai.<\/p>\n<p>Um relat\u00f3rio divulgado recentemente pela AdWeek afirmava que a Google &#8220;informou os seus clientes de publicidade&#8221; que planeia levar an\u00fancios para &#8220;o seu chatbot de IA, Gemini&#8221;. Isto iria acontecer algures em 2026, de forma totalmente separada dos an\u00fancios j\u00e1 existentes no Modo IA e nas Vis\u00f5es Gerais de IA.<\/p>\n<blockquote class=\"tw-align-center twitter-tweet\" data-conversation=\"none\">\n<p lang=\"en\" dir=\"ltr\">This story is based on uninformed, anonymous sources who are making inaccurate claims. There are no ads in the Gemini app and there are no current plans to change that.<\/p>\n<p>\u2014 Dan Taylor (@edantaylor) <a target=\"_blank\" href=\"https:\/\/twitter.com\/edantaylor\/status\/1998112845813448861?ref_src=twsrc%5Etfw\" rel=\"nofollow noopener\">December 8, 2025<\/a><\/p>\n<\/blockquote>\n<p>A Google nega que isso esteja a acontecer. Num tweet, Dan Taylor, vice-presidente de an\u00fancios globais da Google, afirma que \u201cn\u00e3o h\u00e1 an\u00fancios na aplica\u00e7\u00e3o Gemini e n\u00e3o h\u00e1 planos para mudar isso\u201d. Taylor alega ainda que a reportagem se baseia em \u201cfontes an\u00f3nimas e desinformadas que fazem afirma\u00e7\u00f5es imprecisas\u201d. A conta AdLiaison da Google reiterou esta posi\u00e7\u00e3o, revelando de forma clara os seus planos futuros.<\/p>\n<p>Google garante que &#8220;n\u00e3o h\u00e1 planos&#8221;<\/p>\n<p>Revelou que, de forma sum\u00e1ria, n\u00e3o h\u00e1 an\u00fancios na aplica\u00e7\u00e3o Gemini e n\u00e3o h\u00e1 planos para mudar isso. Os an\u00fancios est\u00e3o dispon\u00edveis nas Vis\u00f5es Gerais de IA nos EUA e est\u00e3o a ser expandidos para mais pa\u00edses de l\u00edngua inglesa. A empresa continua a testar an\u00fancios no Modo IA.<\/p>\n<blockquote class=\"tw-align-center twitter-tweet\">\n<p lang=\"en\" dir=\"ltr\">Boosting this for others who may have seen the story and had questions. In short, there are no ads in the Gemini app, and there are no current plans to change that.<\/p>\n<p>Ads are available in AI Overviews in the US and are expanding to more English speaking countries. We continue to\u2026 <a target=\"_blank\" href=\"https:\/\/t.co\/n7hBVVxYYo\" rel=\"nofollow\">https:\/\/t.co\/n7hBVVxYYo<\/a><\/p>\n<p>\u2014 AdsLiaison (@adsliaison) <a target=\"_blank\" href=\"https:\/\/twitter.com\/adsliaison\/status\/1998125406654738552?ref_src=twsrc%5Etfw\" rel=\"nofollow noopener\">December 8, 2025<\/a><\/p>\n<\/blockquote>\n<p>Isto acontece numa altura em que o Gemini est\u00e1 a experimentar um crescimento significativo. A Google revelou em outubro que o Gemini conta com mais de 650 milh\u00f5es de utilizadores mensais. Isto representa um aumento face aos 350 milh\u00f5es registados no in\u00edcio do ano. Parte deste crescimento veio do Nano Banana, que, segundo a Google, atraiu 23 milh\u00f5es de novos utilizadores.<\/p>\n<p>Com a OpenAI a preparar-se para trazer an\u00fancios para o ChatGPT, \u00e9 curiosa a posi\u00e7\u00e3o da Google. A empresa tem apostado de forma muito forte na publicidade nos seus servi\u00e7os e produtos e este seria um espa\u00e7o muito interessante para a sua apresenta\u00e7\u00e3o. Claro que os utilizadores preferem esta abordagem, mantendo-se assim livre.<\/p>\n<p>\t\t\t\t\t\t<script async src=\"https:\/\/platform.twitter.com\/widgets.js\" charset=\"utf-8\"><\/script><\/p>\n","protected":false},"excerpt":{"rendered":"Com uma aparente luta pelo dom\u00ednio da IA, a Google tem conseguido manter-se no topo, batendo a OpenAI&hellip;\n","protected":false},"author":2,"featured_media":181122,"comment_status":"","ping_status":"","sticky":false,"template":"","format":"standard","meta":{"footnotes":""},"categories":[84],"tags":[109,107,108,4995,643,414,32,33,550,105,103,104,106,110],"class_list":{"0":"post-181121","1":"post","2":"type-post","3":"status-publish","4":"format-standard","5":"has-post-thumbnail","7":"category-ciencia-e-tecnologia","8":"tag-ciencia","9":"tag-ciencia-e-tecnologia","10":"tag-cienciaetecnologia","11":"tag-gemini","12":"tag-google","13":"tag-ia","14":"tag-portugal","15":"tag-pt","16":"tag-publicidade","17":"tag-science","18":"tag-science-and-technology","19":"tag-scienceandtechnology","20":"tag-technology","21":"tag-tecnologia"},"share_on_mastodon":{"url":"https:\/\/pubeurope.com\/@pt\/115688807360324712","error":""},"_links":{"self":[{"href":"https:\/\/www.europesays.com\/pt\/wp-json\/wp\/v2\/posts\/181121","targetHints":{"allow":["GET"]}}],"collection":[{"href":"https:\/\/www.europesays.com\/pt\/wp-json\/wp\/v2\/posts"}],"about":[{"href":"https:\/\/www.europesays.com\/pt\/wp-json\/wp\/v2\/types\/post"}],"author":[{"embeddable":true,"href":"https:\/\/www.europesays.com\/pt\/wp-json\/wp\/v2\/users\/2"}],"replies":[{"embeddable":true,"href":"https:\/\/www.europesays.com\/pt\/wp-json\/wp\/v2\/comments?post=181121"}],"version-history":[{"count":0,"href":"https:\/\/www.europesays.com\/pt\/wp-json\/wp\/v2\/posts\/181121\/revisions"}],"wp:featuredmedia":[{"embeddable":true,"href":"https:\/\/www.europesays.com\/pt\/wp-json\/wp\/v2\/media\/181122"}],"wp:attachment":[{"href":"https:\/\/www.europesays.com\/pt\/wp-json\/wp\/v2\/media?parent=181121"}],"wp:term":[{"taxonomy":"category","embeddable":true,"href":"https:\/\/www.europesays.com\/pt\/wp-json\/wp\/v2\/categories?post=181121"},{"taxonomy":"post_tag","embeddable":true,"href":"https:\/\/www.europesays.com\/pt\/wp-json\/wp\/v2\/tags?post=181121"}],"curies":[{"name":"wp","href":"https:\/\/api.w.org\/{rel}","templated":true}]}}