{"id":181123,"date":"2025-12-09T09:05:20","date_gmt":"2025-12-09T09:05:20","guid":{"rendered":"https:\/\/www.europesays.com\/pt\/181123\/"},"modified":"2025-12-09T09:05:20","modified_gmt":"2025-12-09T09:05:20","slug":"trump-quer-tirar-poder-aos-estados-e-centralizar-regulamentacao-da-ia-com-decreto-executivo","status":"publish","type":"post","link":"https:\/\/www.europesays.com\/pt\/181123\/","title":{"rendered":"Trump quer tirar poder aos estados e centralizar regulamenta\u00e7\u00e3o da IA com decreto executivo"},"content":{"rendered":"<p>O Presidente dos EUA, Donald Trump, vai assinar um decreto esta semana para impedir que os estados americanos regulem a intelig\u00eancia artificial (IA) a n\u00edvel regional, sendo que muitos j\u00e1 legislaram na aus\u00eancia de um quadro federal.<\/p>\n<p>Em teoria, um decreto n\u00e3o se pode sobrepor a um texto aprovado pelo Congresso ou pelo Parlamento de um estado americano.<\/p>\n<p>&#8220;Deve haver apenas um regulamento se quisermos continuar a ser os primeiros no dom\u00ednio da IA. (&#8230;) Mas isso n\u00e3o durar\u00e1 se os 50 estados, muitos dos quais s\u00e3o maus atores, se envolverem nas REGRAS e no PROCESSO DE APLICA\u00c7\u00c3O&#8221;, escreveu o presidente americano na sua rede social Truth Social.<\/p>\n<p>O l\u00edder dos EUA n\u00e3o indicou se o decreto conteria medidas regulat\u00f3rias que poderiam substituir a legisla\u00e7\u00e3o dos estados. At\u00e9 agora, Donald Trump sempre se mostrou favor\u00e1vel a uma abordagem desregulamentada da IA.<\/p>\n<p>Mais de 100 leis j\u00e1 foram aprovadas em cerca de trinta estados, com maioria democrata e republicana.<\/p>\n<p>Estas abordam v\u00e1rios aspetos relacionados com a IA, desde o desenvolvimento racional de modelos de IA generativa at\u00e9 a cria\u00e7\u00e3o de &#8216;deepfakes&#8217; (conte\u00fado que mostra uma pessoa com recurso a IA), passando pela obriga\u00e7\u00e3o de transpar\u00eancia sobre o uso dessa tecnologia.<\/p>\n<p>V\u00e1rias propostas de lei foram apresentadas ao Congresso, mas nenhuma foi ainda submetida a vota\u00e7\u00e3o.<\/p>\n<p>Poucas horas ap\u00f3s a sua tomada de posse, em janeiro, Donald Trump cancelou um decreto do seu antecessor Joe Biden sobre seguran\u00e7a em mat\u00e9ria de intelig\u00eancia artificial (IA).<\/p>\n<p>O texto inicial, divulgado em outubro de 2023, impunha, nomeadamente, \u00e0s empresas do setor a obriga\u00e7\u00e3o de transmitir ao governo federal determinados dados relativos aos seus modelos de IA.<\/p>\n<p>Assim, as empresas deveriam comunicar os resultados dos testes quando os programas apresentassem &#8220;um risco grave em termos de seguran\u00e7a nacional, seguran\u00e7a econ\u00f3mica nacional ou sa\u00fade p\u00fablica&#8221;.<\/p>\n<p>O decreto tamb\u00e9m atribu\u00eda ao Instituto Nacional de Padr\u00f5es e Tecnologia (NIST) a miss\u00e3o de formular recomenda\u00e7\u00f5es e definir padr\u00f5es relativos \u00e0 IA.<\/p>\n<p>Al\u00e9m disso, exigia que todas as ag\u00eancias governamentais realizassem uma avalia\u00e7\u00e3o dos riscos relacionados \u00e0 IA no decorrer das suas atividades.<\/p>\n","protected":false},"excerpt":{"rendered":"O Presidente dos EUA, Donald Trump, vai assinar um decreto esta semana para impedir que os estados americanos&hellip;\n","protected":false},"author":2,"featured_media":177626,"comment_status":"","ping_status":"","sticky":false,"template":"","format":"standard","meta":{"footnotes":""},"categories":[50],"tags":[27,28,15,16,14,25,26,21,22,62,12,13,19,20,23,24,17,18,29,30,31,63,64,65],"class_list":{"0":"post-181123","1":"post","2":"type-post","3":"status-publish","4":"format-standard","5":"has-post-thumbnail","7":"category-mundo","8":"tag-breaking-news","9":"tag-breakingnews","10":"tag-featured-news","11":"tag-featurednews","12":"tag-headlines","13":"tag-latest-news","14":"tag-latestnews","15":"tag-main-news","16":"tag-mainnews","17":"tag-mundo","18":"tag-news","19":"tag-noticias","20":"tag-noticias-principais","21":"tag-noticiasprincipais","22":"tag-principais-noticias","23":"tag-principaisnoticias","24":"tag-top-stories","25":"tag-topstories","26":"tag-ultimas","27":"tag-ultimas-noticias","28":"tag-ultimasnoticias","29":"tag-world","30":"tag-world-news","31":"tag-worldnews"},"share_on_mastodon":{"url":"https:\/\/pubeurope.com\/@pt\/115688815076703998","error":""},"_links":{"self":[{"href":"https:\/\/www.europesays.com\/pt\/wp-json\/wp\/v2\/posts\/181123","targetHints":{"allow":["GET"]}}],"collection":[{"href":"https:\/\/www.europesays.com\/pt\/wp-json\/wp\/v2\/posts"}],"about":[{"href":"https:\/\/www.europesays.com\/pt\/wp-json\/wp\/v2\/types\/post"}],"author":[{"embeddable":true,"href":"https:\/\/www.europesays.com\/pt\/wp-json\/wp\/v2\/users\/2"}],"replies":[{"embeddable":true,"href":"https:\/\/www.europesays.com\/pt\/wp-json\/wp\/v2\/comments?post=181123"}],"version-history":[{"count":0,"href":"https:\/\/www.europesays.com\/pt\/wp-json\/wp\/v2\/posts\/181123\/revisions"}],"wp:featuredmedia":[{"embeddable":true,"href":"https:\/\/www.europesays.com\/pt\/wp-json\/wp\/v2\/media\/177626"}],"wp:attachment":[{"href":"https:\/\/www.europesays.com\/pt\/wp-json\/wp\/v2\/media?parent=181123"}],"wp:term":[{"taxonomy":"category","embeddable":true,"href":"https:\/\/www.europesays.com\/pt\/wp-json\/wp\/v2\/categories?post=181123"},{"taxonomy":"post_tag","embeddable":true,"href":"https:\/\/www.europesays.com\/pt\/wp-json\/wp\/v2\/tags?post=181123"}],"curies":[{"name":"wp","href":"https:\/\/api.w.org\/{rel}","templated":true}]}}