{"id":181145,"date":"2025-12-09T09:33:18","date_gmt":"2025-12-09T09:33:18","guid":{"rendered":"https:\/\/www.europesays.com\/pt\/181145\/"},"modified":"2025-12-09T09:33:18","modified_gmt":"2025-12-09T09:33:18","slug":"dhl-recebe-o-seu-primeiro-camiao-eletrico-tesla-semi-a-revolucao-eletrica-tambem-nos-pesados","status":"publish","type":"post","link":"https:\/\/www.europesays.com\/pt\/181145\/","title":{"rendered":"DHL recebe o seu primeiro cami\u00e3o el\u00e9trico Tesla Semi. A revolu\u00e7\u00e3o el\u00e9trica tamb\u00e9m nos pesados"},"content":{"rendered":"<p>O programa Tesla Semi est\u00e1 a ganhar dinamismo com outro grande operador log\u00edstico a juntar-se oficialmente \u00e0 frota. O gigante log\u00edstico alem\u00e3o DHL confirmou que recebeu o seu primeiro Tesla Semi.<\/p>\n<p><a target=\"_blank\" href=\"https:\/\/pplware.sapo.pt\/wp-content\/uploads\/2025\/12\/tesla_semi_DHL00.webp\" rel=\"nofollow noopener\"><img fetchpriority=\"high\" decoding=\"async\" src=\"https:\/\/www.europesays.com\/pt\/wp-content\/uploads\/2025\/12\/tesla_semi_DHL00-720x405.webp.webp\" alt=\"Imagem Tesla Semi DHL\" width=\"720\" height=\"405\" class=\"aligncenter wp-image-1092341 size-medium\"  \/><\/a><\/p>\n<p>Mais empresas a operar o Tesla Semi<\/p>\n<p>Durante muito tempo, a <a target=\"_blank\" href=\"https:\/\/pplware.sapo.pt\/motores\/este-e-o-futuro-pepsi-partilha-experiencia-dos-seus-condutores-com-o-camiao-eletrico-da-tesla\/\" rel=\"nofollow noopener\">PepsiCo<\/a> foi a \u00fanica empresa a operar o Tesla Semi em volume significativo fora do pr\u00f3prio fabricante.<\/p>\n<p>Mas \u00e0 medida que nos aproximamos da produ\u00e7\u00e3o em volume no Nevada, estamos a ver mais unidades a chegar \u00e0s m\u00e3os de grandes clientes como <strong>Walmart, Costco e Sysco<\/strong>.\u00a0Agora, a DHL <a target=\"_blank\" href=\"https:\/\/pplware.sapo.pt\/motores\/apos-testes-a-dhl-revelou-que-o-tesla-semi-excedeu-as-expectativas\/\" rel=\"nofollow noopener\">est\u00e1 oficialmente a bordo<\/a>.<\/p>\n<p>Primeiro comunicado e resultados do piloto<\/p>\n<p>Num comunicado de imprensa emitido na semana passada, o gigante log\u00edstico confirmou a entrega do seu primeiro Tesla Semi totalmente el\u00e9trico para ser integrado nas suas opera\u00e7\u00f5es nos EUA.<\/p>\n<p>Isto segue-se a um programa piloto em Livermore, Calif\u00f3rnia, onde a DHL testou as capacidades do cami\u00e3o em rotas reais.<\/p>\n<p><a target=\"_blank\" href=\"https:\/\/pplware.sapo.pt\/wp-content\/uploads\/2024\/10\/tesla_semi_dhl_eua00.jpg\" onclick=\"refreshIframe()\" class=\"foobox\" rel=\"nofollow noopener\"><img loading=\"lazy\" decoding=\"async\" src=\"https:\/\/www.europesays.com\/pt\/wp-content\/uploads\/2025\/12\/tesla_semi_dhl_eua00-720x405.jpg\" alt=\"Tesla Semi testado pela DHL\" width=\"720\" height=\"405\" class=\"aligncenter size-medium wp-image-1020895\"  \/><\/a><\/p>\n<p>De acordo com o an\u00fancio oficial, durante uma rota de longo curso de 630 km, o Tesla Semi registou uma m\u00e9dia de 1,72 kWh por milha (cerca de 1,07 kWh por km) enquanto transportava um peso bruto combinado de 34 toneladas m\u00e9tricas.<\/p>\n<blockquote>\n<p>O nosso piloto do Tesla Semi superou as expectativas, provando a sua capacidade de transportar de forma eficiente uma carga t\u00edpica da DHL por longas dist\u00e2ncias com uma \u00fanica carga. Integrar o Tesla Semi na nossa frota \u00e9 um passo importante para alcan\u00e7ar os nossos objetivos de descarboniza\u00e7\u00e3o e fornecer solu\u00e7\u00f5es mais sustent\u00e1veis aos nossos clientes.<\/p>\n<p>Com a sua autonomia de at\u00e9 500 milhas (aproximadamente 805 km), o Semi desbloqueia oportunidades que anteriormente estavam al\u00e9m dos limites dos ve\u00edculos el\u00e9tricos de servi\u00e7o pesado, e estamos entusiasmados por fazer parceria com a Tesla para tornar isso uma realidade.<\/p>\n<\/blockquote>\n<p>Disse Jim Monkmeyer, Presidente de Transportes, DHL Supply Chain North America.<\/p>\n<p><a target=\"_blank\" href=\"https:\/\/pplware.sapo.pt\/wp-content\/uploads\/2024\/10\/interior_tesla_semi.jpg\" onclick=\"refreshIframe()\" class=\"foobox\" rel=\"nofollow noopener\"><img loading=\"lazy\" decoding=\"async\" src=\"https:\/\/www.europesays.com\/pt\/wp-content\/uploads\/2025\/12\/interior_tesla_semi-720x405.jpg\" alt=\"Interior Tesla Semi\" width=\"720\" height=\"405\" class=\"aligncenter size-medium wp-image-1019327\"  \/><\/a><\/p>\n<p>Relev\u00e2ncia da efici\u00eancia e pr\u00f3ximos passos<\/p>\n<p>Esta efici\u00eancia de 1,72 kWh\/milha \u00e9 cr\u00edtica. Quando a Tesla revelou o Semi pela primeira vez, prometeu um consumo inferior a 2 kWh por milha (aproximadamente 1,24 kWh por km).<\/p>\n<p>Muitos <strong>c\u00e9ticos duvidaram deste valor para um cami\u00e3o Classe 8<\/strong> totalmente carregado, mas os dados reais da DHL confirmam que a Tesla n\u00e3o s\u00f3 est\u00e1 a cumprir esse objetivo como a super\u00e1-lo de forma significativa, mesmo com uma carga de 34 toneladas.<\/p>\n<p>O cami\u00e3o est\u00e1 agora a operar na Calif\u00f3rnia Central. Curiosamente, a DHL refere que, nas suas opera\u00e7\u00f5es di\u00e1rias atuais, o cami\u00e3o percorre cerca de 160 km por dia e s\u00f3 necessita de carregamento cerca de uma vez por semana.<\/p>\n<blockquote>\n<p>A DHL tem sido um excelente parceiro e apreciamos o seu apoio precoce e cont\u00ednuo ao programa Semi. Estamos entusiasmados por apoiar a sua implementa\u00e7\u00e3o na Am\u00e9rica do Norte, e a sua experi\u00eancia como fornecedor de log\u00edstica de confian\u00e7a ajudar\u00e1 a tornar o produto ainda melhor para futuros mercados globais.<\/p>\n<\/blockquote>\n<p>Explica Dan Priestley, Diretor do programa Tesla Semi na Tesla.<\/p>\n<p>A DHL afirma que esta entrega expande a sua frota de ve\u00edculos el\u00e9tricos Classe 8 na Am\u00e9rica do Norte <strong>para mais de 150 unidades<\/strong>.<\/p>\n<p>A empresa planeia adicionar mais cami\u00f5es Tesla Semi em 2026, \u00e0 medida que a Tesla iniciar a sua produ\u00e7\u00e3o em volume.<\/p>\n<p>Depois de planear iniciar a produ\u00e7\u00e3o em 2025 durante os \u00faltimos dois anos, a Tesla adiou recentemente a produ\u00e7\u00e3o do Tesla Semi para 2026.<\/p>\n","protected":false},"excerpt":{"rendered":"O programa Tesla Semi est\u00e1 a ganhar dinamismo com outro grande operador log\u00edstico a juntar-se oficialmente \u00e0 frota.&hellip;\n","protected":false},"author":2,"featured_media":181146,"comment_status":"","ping_status":"","sticky":false,"template":"","format":"standard","meta":{"footnotes":""},"categories":[83],"tags":[88,37076,89,90,32,33,37077,296,37078],"class_list":{"0":"post-181145","1":"post","2":"type-post","3":"status-publish","4":"format-standard","5":"has-post-thumbnail","7":"category-empresas","8":"tag-business","9":"tag-dhl","10":"tag-economy","11":"tag-empresas","12":"tag-portugal","13":"tag-pt","14":"tag-semi","15":"tag-tesla","16":"tag-tesla-semi"},"share_on_mastodon":{"url":"https:\/\/pubeurope.com\/@pt\/115688925431158084","error":""},"_links":{"self":[{"href":"https:\/\/www.europesays.com\/pt\/wp-json\/wp\/v2\/posts\/181145","targetHints":{"allow":["GET"]}}],"collection":[{"href":"https:\/\/www.europesays.com\/pt\/wp-json\/wp\/v2\/posts"}],"about":[{"href":"https:\/\/www.europesays.com\/pt\/wp-json\/wp\/v2\/types\/post"}],"author":[{"embeddable":true,"href":"https:\/\/www.europesays.com\/pt\/wp-json\/wp\/v2\/users\/2"}],"replies":[{"embeddable":true,"href":"https:\/\/www.europesays.com\/pt\/wp-json\/wp\/v2\/comments?post=181145"}],"version-history":[{"count":0,"href":"https:\/\/www.europesays.com\/pt\/wp-json\/wp\/v2\/posts\/181145\/revisions"}],"wp:featuredmedia":[{"embeddable":true,"href":"https:\/\/www.europesays.com\/pt\/wp-json\/wp\/v2\/media\/181146"}],"wp:attachment":[{"href":"https:\/\/www.europesays.com\/pt\/wp-json\/wp\/v2\/media?parent=181145"}],"wp:term":[{"taxonomy":"category","embeddable":true,"href":"https:\/\/www.europesays.com\/pt\/wp-json\/wp\/v2\/categories?post=181145"},{"taxonomy":"post_tag","embeddable":true,"href":"https:\/\/www.europesays.com\/pt\/wp-json\/wp\/v2\/tags?post=181145"}],"curies":[{"name":"wp","href":"https:\/\/api.w.org\/{rel}","templated":true}]}}