{"id":181147,"date":"2025-12-09T09:34:11","date_gmt":"2025-12-09T09:34:11","guid":{"rendered":"https:\/\/www.europesays.com\/pt\/181147\/"},"modified":"2025-12-09T09:34:11","modified_gmt":"2025-12-09T09:34:11","slug":"lituania-declara-estado-de-emergencia-nacional-devido-a-baloes-bielorrussos-no-espaco-aereo","status":"publish","type":"post","link":"https:\/\/www.europesays.com\/pt\/181147\/","title":{"rendered":"Litu\u00e2nia declara estado de emerg\u00eancia nacional devido a bal\u00f5es bielorrussos no espa\u00e7o a\u00e9reo"},"content":{"rendered":"<p class=\"category\"><a href=\"https:\/\/sicnoticias.pt\/mundo\/europa\" rel=\"nofollow noopener\" target=\"_blank\">Europa<\/a><\/p>\n<p class=\"g-article-lead lead\" data-field=\"lead\">Os referidos aparelhos voadores t\u00eam vindo a obrigar repetidamente \u00e0 suspens\u00e3o das opera\u00e7\u00f5es no aeroporto de V\u00edlnius, sendo percecionados como uma forma de guerra h\u00edbrida.<\/p>\n<p><img decoding=\"async\" src=\"https:\/\/www.europesays.com\/pt\/wp-content\/uploads\/2025\/12\/1765272851_922_original.webp\" alt=\"Litu\u00e2nia declara estado de emerg\u00eancia nacional devido a bal\u00f5es bielorrussos no espa\u00e7o a\u00e9reo\"\/><\/p>\n<p>NurPhoto \/ GETTY IMAGES<\/p>\n<p><strong>O governo da Litu\u00e2nia declarou esta ter\u00e7a-feira estado de emerg\u00eancia nacional por motivos de risco de seguran\u00e7a devido \u00e0 dete\u00e7\u00e3o no seu espa\u00e7o a\u00e9reo de bal\u00f5es da Bielorr\u00fassia, aliada do regime do presidente da Federa\u00e7\u00e3o Russa, Vladimir Putin.<\/strong><\/p>\n<p>Serhii Ivashchuk<\/p>\n<p>O executivo daquele pa\u00eds b\u00e1ltico (Nordeste da Europa) invocou esta ter\u00e7a-feira &#8220;interesses da seguran\u00e7a nacional&#8221; e &#8220;perigo&#8221; para vidas humanas, propriedades e ambiente em virtude de bal\u00f5es que transportam &#8220;contrabando&#8221; a partir daquela antiga rep\u00fablica sovi\u00e9tica.<\/p>\n<p>O an\u00fancio aconteceu ap\u00f3s reuni\u00e3o do conselho de ministros da Litu\u00e2nia, membro da Organiza\u00e7\u00e3o do Tratado do Atl\u00e2ntico Norte (<a href=\"https:\/\/www.nato.int\/en\" target=\"_blank\" rel=\"noopener noreferrer nofollow\"><strong>NATO<\/strong><\/a>, na sigla inglesa), da qual Portugal \u00e9 um dos fundadores e conta com 32 estados-membros.<\/p>\n<p>A Litu\u00e2nia tem sido um dos pa\u00edses que mais <strong>apoia a causa ucraniana contra a <\/strong><a href=\"https:\/\/sicnoticias.pt\/especiais\/guerra-russia-ucrania\" target=\"_blank\" rel=\"noopener noreferrer nofollow\"><strong>ofensiva militar e invas\u00e3o russas<\/strong><\/a>, que come\u00e7ou em 24 de fevereiro de 2022, at\u00e9 pela sua proximidade geogr\u00e1fica face \u00e0quela pot\u00eancia nuclear, tendo tamb\u00e9m pertencido \u00e0 extinta Uni\u00e3o das Rep\u00fablicas Socialistas Sovi\u00e9ticas (URSS).<\/p>\n<blockquote><p>\u201cA emerg\u00eancia foi declarada por causa de perturba\u00e7\u00f5es \u00e0 avia\u00e7\u00e3o civil e devido a preocupa\u00e7\u00f5es com a seguran\u00e7a nacional. H\u00e1 necessidade de coordena\u00e7\u00e3o mais pr\u00f3xima entre as institui\u00e7\u00f5es\u201d, disse o ministro da Administra\u00e7\u00e3o Interna lituano, Vladislavas Kondratovi\u010dius.<\/p><\/blockquote>\n<p>Aquele g\u00e9nero de bal\u00f5es s\u00e3o normalmente utilizados para o contrabando de tabaco, mas as autoridades de V\u00edlnius consideram que o aumento do seu n\u00famero e as respetivas trajet\u00f3rias s\u00e3o atos deliberados de perturba\u00e7\u00e3o orquestrados pelas hom\u00f3logas da Bielorr\u00fassia.<\/p>\n","protected":false},"excerpt":{"rendered":"Europa Os referidos aparelhos voadores t\u00eam vindo a obrigar repetidamente \u00e0 suspens\u00e3o das opera\u00e7\u00f5es no aeroporto de V\u00edlnius,&hellip;\n","protected":false},"author":2,"featured_media":181148,"comment_status":"","ping_status":"","sticky":false,"template":"","format":"standard","meta":{"footnotes":""},"categories":[50],"tags":[27,28,15,16,14,25,26,21,22,62,12,13,19,20,23,24,17,18,29,30,31,63,64,65],"class_list":{"0":"post-181147","1":"post","2":"type-post","3":"status-publish","4":"format-standard","5":"has-post-thumbnail","7":"category-mundo","8":"tag-breaking-news","9":"tag-breakingnews","10":"tag-featured-news","11":"tag-featurednews","12":"tag-headlines","13":"tag-latest-news","14":"tag-latestnews","15":"tag-main-news","16":"tag-mainnews","17":"tag-mundo","18":"tag-news","19":"tag-noticias","20":"tag-noticias-principais","21":"tag-noticiasprincipais","22":"tag-principais-noticias","23":"tag-principaisnoticias","24":"tag-top-stories","25":"tag-topstories","26":"tag-ultimas","27":"tag-ultimas-noticias","28":"tag-ultimasnoticias","29":"tag-world","30":"tag-world-news","31":"tag-worldnews"},"share_on_mastodon":{"url":"https:\/\/pubeurope.com\/@pt\/115688929208253499","error":""},"_links":{"self":[{"href":"https:\/\/www.europesays.com\/pt\/wp-json\/wp\/v2\/posts\/181147","targetHints":{"allow":["GET"]}}],"collection":[{"href":"https:\/\/www.europesays.com\/pt\/wp-json\/wp\/v2\/posts"}],"about":[{"href":"https:\/\/www.europesays.com\/pt\/wp-json\/wp\/v2\/types\/post"}],"author":[{"embeddable":true,"href":"https:\/\/www.europesays.com\/pt\/wp-json\/wp\/v2\/users\/2"}],"replies":[{"embeddable":true,"href":"https:\/\/www.europesays.com\/pt\/wp-json\/wp\/v2\/comments?post=181147"}],"version-history":[{"count":0,"href":"https:\/\/www.europesays.com\/pt\/wp-json\/wp\/v2\/posts\/181147\/revisions"}],"wp:featuredmedia":[{"embeddable":true,"href":"https:\/\/www.europesays.com\/pt\/wp-json\/wp\/v2\/media\/181148"}],"wp:attachment":[{"href":"https:\/\/www.europesays.com\/pt\/wp-json\/wp\/v2\/media?parent=181147"}],"wp:term":[{"taxonomy":"category","embeddable":true,"href":"https:\/\/www.europesays.com\/pt\/wp-json\/wp\/v2\/categories?post=181147"},{"taxonomy":"post_tag","embeddable":true,"href":"https:\/\/www.europesays.com\/pt\/wp-json\/wp\/v2\/tags?post=181147"}],"curies":[{"name":"wp","href":"https:\/\/api.w.org\/{rel}","templated":true}]}}