{"id":181149,"date":"2025-12-09T09:35:22","date_gmt":"2025-12-09T09:35:22","guid":{"rendered":"https:\/\/www.europesays.com\/pt\/181149\/"},"modified":"2025-12-09T09:35:22","modified_gmt":"2025-12-09T09:35:22","slug":"ele-tira-caes-de-abrigos-e-leva-os-as-costas-para-encontrar-um-novo-dono-pela-cidade-animais","status":"publish","type":"post","link":"https:\/\/www.europesays.com\/pt\/181149\/","title":{"rendered":"Ele tira c\u00e3es de abrigos e leva-os \u00e0s costas para encontrar um novo dono pela cidade | Animais"},"content":{"rendered":"<p data-end=\"386\" data-start=\"211\">Numa tarde recente, numa carruagem do metro de Nova Iorque, uma cadela branca com manchas castanhas espreitava da mochila de um homem. Bertha lambia-o constantemente.<\/p>\n<p data-end=\"744\" data-start=\"388\">A cadela foi encontrada na rua em Outubro e acolhida pelos abrigos para animais da cidade. Apesar de ter tido um in\u00edcio de vida dif\u00edcil, nesse dia parecia radiante. Aceitou festinhas no pesco\u00e7o de dezenas de desconhecidos, escolheu um brinquedo novo, devorou uma guloseima e desfrutou de um longo passeio. A sa\u00edda resultou na sua adop\u00e7\u00e3o poucos dias depois.<\/p>\n<p data-end=\"1131\" data-start=\"746\">O homem que a carregava n\u00e3o era o dono, mas uma esp\u00e9cie de volunt\u00e1rio. Bryan Reisberg passa um dia por semana a tirar c\u00e3es de abrigos como a Bertha dos seus canis, colocando-os numa mochila com a inscri\u00e7\u00e3o &#8220;adopta-me&#8221; e levando-os no metro por Nova Iorque. O objectivo \u00e9 que as pessoas vejam os c\u00e3es de abrigo como ele os v\u00ea: curiosos, doces e potenciais animais de companhia.<\/p>\n<p data-end=\"1278\" data-start=\"1133\">&#8220;A personalidade desta menina\u2026 custou-me muito deix\u00e1-la&#8221;, disse Reisberg sobre a Bertha. &#8220;Ela s\u00f3 queria dar carinho \u00e0s pessoas.&#8221;<\/p>\n<p>                &#13;<br \/>\n                    &#13;<br \/>\n                    &#13;<br \/>\n                        &#13;<br \/>\nDR                    &#13;<\/p>\n<p data-end=\"1493\" data-start=\"1280\">Reisberg tem forma\u00e7\u00e3o profissional em cinema. Filma v\u00eddeos de cada um dos c\u00e3es que leva a passear e partilha uma compila\u00e7\u00e3o cuidada nas redes sociais. No total, os v\u00eddeos ultrapassam 75 milh\u00f5es de visualiza\u00e7\u00f5es.<\/p>\n<p data-end=\"1595\" data-start=\"1495\">At\u00e9 agora, Reisberg levou 11 c\u00e3es. Dez deles foram adoptados depois de os v\u00eddeos serem publicados.<\/p>\n<p data-end=\"1784\" data-start=\"1597\">&#8220;O objectivo principal de cada v\u00eddeo \u00e9 que estes c\u00e3es sejam adoptados&#8221;, disse, acrescentando que o \u00fanico c\u00e3o que n\u00e3o foi adoptado tinha um problema m\u00e9dico que precisou de ser resolvido.<\/p>\n<p data-end=\"2218\" data-start=\"1786\">Reisberg escreve sempre uma legenda divertida a acompanhar cada v\u00eddeo, incluindo informa\u00e7\u00e3o importante sobre o c\u00e3o. No caso da Bertha, escreveu que ela gosta de &#8220;beijos, mais beijos, brinquedos espec\u00edficos, cachorros-quentes, viagens de metro, fazer amigos, ir ao colo&#8221;, e acrescentou: &#8220;J\u00e1 disse que ela adora dar e receber beijos?&#8221; A \u00fanica coisa de que a Bertha n\u00e3o gosta, segundo a publica\u00e7\u00e3o: &#8220;certos peluches&#8221;.<\/p>\n<p data-end=\"2427\" data-start=\"2220\">&#8220;\u00c9 incr\u00edvel para mim ver um impacto directo e real no mundo \u2014 melhorar a vida de uma pessoa e a vida de um c\u00e3o porque tiraste algumas horas para criar conte\u00fado&#8221;, disse Reisberg. &#8220;\u00c9 muito gratificante&#8221;.<\/p>\n<p data-end=\"2697\" data-start=\"2429\">Esta n\u00e3o \u00e9 a primeira incurs\u00e3o de Reisberg na cria\u00e7\u00e3o de conte\u00fado. Em 2015, come\u00e7ou a ganhar uma grande audi\u00eancia nas redes sociais ao partilhar v\u00eddeos hilariantes da pr\u00f3pria cadela, uma corgi fofa chamada Maxine, que levava \u00e0s costas pela cidade numa mochila.<\/p>\n<p data-end=\"2983\" data-start=\"2699\">Na altura, Reisberg trabalhava numa produtora, a realizar an\u00fancios publicit\u00e1rios. Ele e a esposa n\u00e3o queriam deixar a Maxine sozinha em casa o dia todo, por isso Reisberg levava-a para o trabalho numa mochila pr\u00f3pria para c\u00e3es. Chamavam muito a aten\u00e7\u00e3o dos passageiros do metro.<\/p>\n<p data-end=\"3155\" data-start=\"2985\">&#8220;Ela tinha sempre um grande sorriso na cara&#8221;, disse &#8220;Reisberg&#8221;. &#8220;As pessoas iam ali, um pouco miser\u00e1veis, cabe\u00e7a baixa, e depois viam um c\u00e3o fofinho e iluminavam-se&#8221;. Come\u00e7ou a publicar v\u00eddeos das suas viagens di\u00e1rias. Tornaram-se virais rapidamente.<\/p>\n<p data-end=\"3366\" data-start=\"3242\">&#8220;Ela ficou conhecida como &#8216;a cadela na mochila&#8217; em todo o mundo&#8221;, disse &#8220;Reisberg&#8221;. Recebia constantemente perguntas sobre a transportadora que usava, que, segundo ele, era &#8220;mal concebida&#8221;. &#8220;N\u00e3o a recomendaria, porque j\u00e1 se tinha partido v\u00e1rias vezes&#8221;, disse.<\/p>\n<p data-end=\"3734\" data-start=\"3550\">Assim, em 2020, Reisberg deixou o emprego para criar uma mochila pr\u00f3pria para c\u00e3es e, em 2021, lan\u00e7ou a Little Chonk, que produz equipamento e acess\u00f3rios para animais de estima\u00e7\u00e3o. Atrav\u00e9s das redes sociais da Maxine, &#8220;falava com pessoas todos os dias sobre o que sentiam pelos seus animais, o que lhes faltava, o que precisavam e o que queriam&#8221;, disse &#8220;Reisberg&#8221;.<\/p>\n<p data-end=\"4059\" data-start=\"3925\">No in\u00edcio deste ano, um amigo deu-lhe a ideia de usar as p\u00e1ginas populares da Maxine para promover c\u00e3es de abrigo. Come\u00e7ou no Ver\u00e3o.<\/p>\n<p data-end=\"4341\" data-start=\"4061\">&#8220;Ele apareceu um dia e perguntou se podia ajudar&#8221;, disse Julie Castle, que trabalha com milhares de outros abrigos e associa\u00e7\u00f5es de resgate no pa\u00eds. &#8220;Foi t\u00e3o fortuito, porque ele tem um alcance enorme.&#8221;<\/p>\n<p data-end=\"4556\" data-start=\"4343\">Os trabalhadores do abrigo ajudam Reisberg a escolher os c\u00e3es para os seus passeios, que tenta fazer cerca de uma vez por semana. O c\u00e3o deve ser capaz de lidar com o caos de uma aventura numa cidade movimentada.<\/p>\n<p data-end=\"4848\" data-start=\"4558\">Castle afirmou que o impacto dos v\u00eddeos de Reisberg foi imediato \u2014 n\u00e3o s\u00f3 para os c\u00e3es apresentados e adoptados, mas para outros na associa\u00e7\u00e3o.<\/p>\n<p data-end=\"5303\" data-start=\"5028\">Nos \u00faltimos seis meses, &#8220;vimos cerca de mais 100 c\u00e3es serem adoptados em compara\u00e7\u00e3o com o ano passado\u2026 foi uma mudan\u00e7a enorme para n\u00f3s&#8221;, disse Castle. &#8220;Atribu\u00edmos grande parte disso a ele, ao poder da sua presen\u00e7a nas redes sociais e \u00e0 forma como apresenta estes c\u00e3es.&#8221;<\/p>\n<p data-end=\"5371\" data-start=\"5305\">&#8220;Refor\u00e7a a ideia de que os animais de abrigo n\u00e3o est\u00e3o &#8216;avariados'&#8221;, disse Castle. &#8220;S\u00e3o \u00f3ptimos e procuram um lar carinhoso.&#8221;<\/p>\n<p data-end=\"5626\" data-start=\"5506\">A <a href=\"https:\/\/www.publico.pt\/2024\/01\/12\/p3\/fotogaleria\/carlos-fotografa-animais-vivem-associacoes-mil-ja-adoptados-411413\" target=\"_blank\" rel=\"nofollow noopener\">fotografia h\u00e1 muito ajuda<\/a> a promover adop\u00e7\u00f5es, mas Reisberg disse que os v\u00eddeos elevam isso a outro n\u00edvel. &#8220;Imediatamente, percebe-se o c\u00e3o, a personalidade dele.&#8221;<\/p>\n<p data-end=\"6164\" data-start=\"5755\">&#8220;H\u00e1 imensas coisas que se podem fazer para ajudar estes animais a encontrar um lar&#8221;, disse Castle. &#8220;O Bryan \u00e9 um grande exemplo do que uma \u00fanica pessoa pode fazer, mas praticamente qualquer um pode participar.&#8221;<\/p>\n<p data-end=\"6576\" data-start=\"6384\">Reisberg disse que se tem divertido imenso nestas aventuras com os c\u00e3es e que qualquer pessoa com vontade de fazer o mesmo deveria tentar. Continua surpreendido com o impacto que est\u00e1 a ter. &#8220;Posso ser uma for\u00e7a para o bem e para a mudan\u00e7a, e isso tem sido realmente empoderador&#8221;, disse.<\/p>\n","protected":false},"excerpt":{"rendered":"Numa tarde recente, numa carruagem do metro de Nova Iorque, uma cadela branca com manchas castanhas espreitava da&hellip;\n","protected":false},"author":2,"featured_media":181150,"comment_status":"","ping_status":"","sticky":false,"template":"","format":"standard","meta":{"footnotes":""},"categories":[10],"tags":[1353,4539,27,28,61,6941,15,16,14,25,26,21,22,12,13,19,20,534,542,8570,32,23,24,33,291,17,18,29,30,31],"class_list":{"0":"post-181149","1":"post","2":"type-post","3":"status-publish","4":"format-standard","5":"has-post-thumbnail","7":"category-portugal","8":"tag-animais","9":"tag-animal","10":"tag-breaking-news","11":"tag-breakingnews","12":"tag-caes","13":"tag-cao","14":"tag-featured-news","15":"tag-featurednews","16":"tag-headlines","17":"tag-latest-news","18":"tag-latestnews","19":"tag-main-news","20":"tag-mainnews","21":"tag-news","22":"tag-noticias","23":"tag-noticias-principais","24":"tag-noticiasprincipais","25":"tag-p3","26":"tag-para-redes","27":"tag-pet","28":"tag-portugal","29":"tag-principais-noticias","30":"tag-principaisnoticias","31":"tag-pt","32":"tag-relaxar","33":"tag-top-stories","34":"tag-topstories","35":"tag-ultimas","36":"tag-ultimas-noticias","37":"tag-ultimasnoticias"},"share_on_mastodon":{"url":"https:\/\/pubeurope.com\/@pt\/115688932849481447","error":""},"_links":{"self":[{"href":"https:\/\/www.europesays.com\/pt\/wp-json\/wp\/v2\/posts\/181149","targetHints":{"allow":["GET"]}}],"collection":[{"href":"https:\/\/www.europesays.com\/pt\/wp-json\/wp\/v2\/posts"}],"about":[{"href":"https:\/\/www.europesays.com\/pt\/wp-json\/wp\/v2\/types\/post"}],"author":[{"embeddable":true,"href":"https:\/\/www.europesays.com\/pt\/wp-json\/wp\/v2\/users\/2"}],"replies":[{"embeddable":true,"href":"https:\/\/www.europesays.com\/pt\/wp-json\/wp\/v2\/comments?post=181149"}],"version-history":[{"count":0,"href":"https:\/\/www.europesays.com\/pt\/wp-json\/wp\/v2\/posts\/181149\/revisions"}],"wp:featuredmedia":[{"embeddable":true,"href":"https:\/\/www.europesays.com\/pt\/wp-json\/wp\/v2\/media\/181150"}],"wp:attachment":[{"href":"https:\/\/www.europesays.com\/pt\/wp-json\/wp\/v2\/media?parent=181149"}],"wp:term":[{"taxonomy":"category","embeddable":true,"href":"https:\/\/www.europesays.com\/pt\/wp-json\/wp\/v2\/categories?post=181149"},{"taxonomy":"post_tag","embeddable":true,"href":"https:\/\/www.europesays.com\/pt\/wp-json\/wp\/v2\/tags?post=181149"}],"curies":[{"name":"wp","href":"https:\/\/api.w.org\/{rel}","templated":true}]}}