{"id":181152,"date":"2025-12-09T09:40:17","date_gmt":"2025-12-09T09:40:17","guid":{"rendered":"https:\/\/www.europesays.com\/pt\/181152\/"},"modified":"2025-12-09T09:40:17","modified_gmt":"2025-12-09T09:40:17","slug":"secret-story-apos-critica-raquel-lanca-farpa-a-a-pipoca-mais-doce-nem-toda-a-gente-tem-coragem","status":"publish","type":"post","link":"https:\/\/www.europesays.com\/pt\/181152\/","title":{"rendered":"Secret Story&#8221;. Ap\u00f3s cr\u00edtica, Raquel lan\u00e7a farpa a &#8220;A Pipoca Mais Doce&#8221;: &#8220;Nem toda a gente tem coragem"},"content":{"rendered":"<p><a href=\"https:\/\/selfie.iol.pt\/famosos\/casa-dos-segredos\/secret-story-raquel-e-expulsa-e-reage-assim\/20251110\/69112d2bd34e3caad84b180e\" target=\"_blank\" rel=\"nofollow noopener\">Raquel Galv\u00e3o Dem\u00e9trio<\/a> apareceu, na gala deste domingo, dia 7, da nona edi\u00e7\u00e3o de &#8220;<a href=\"https:\/\/tvi.iol.pt\/secretstory\/\" target=\"_blank\" rel=\"nofollow noopener\">Secret Story<\/a> &#8211; Casa dos Segredos&#8221; com uma maquilhagem marcante, o que levou &#8220;A Pipoca Mais Doce&#8221;, nome art\u00edstico de Ana Garcia Martins, a reagir.<\/p>\n<p>&#8220;Porque \u00e9 que a maquilhadora a odeia?&#8221;, ironizou a influenciadora digital, numa mensagem publicada no Instagram.<\/p>\n<p>Na mesma rede social, <a href=\"https:\/\/selfie.iol.pt\/famosos\/casa-dos-segredos\/secret-story-expulsa-raquel-descobre-que-pedro-jorge-e-marisa-sao-casados-e-e-assim-que-reage\/20251110\/69113639d34e3caad84b183f\" target=\"_blank\" rel=\"nofollow noopener\">Raquel Galv\u00e3o Dem\u00e9trio<\/a> reagiu \u00e0 cr\u00edtica de &#8220;A Pipoca Mais Doce&#8221;. &#8220;Adorei a preocupa\u00e7\u00e3o com a minha maquilhagem, sobretudo vinda de algu\u00e9m que levou para a estreia do novo &#8216;Avatar&#8217; um look t\u00e3o tem\u00e1tico e arrojado&#8221;, notou a ex-concorrente do reality show da <a href=\"https:\/\/tvi.iol.pt\/\" target=\"_blank\" rel=\"nofollow noopener\">TVI<\/a>, lan\u00e7ando uma farpa: &#8220;Nem toda a gente tem coragem para assumir o cosplay integral.&#8221;<\/p>\n<p style=\"text-align:center\"><img loading=\"lazy\" decoding=\"async\" alt=\"\" height=\"889\" src=\"https:\/\/www.europesays.com\/pt\/wp-content\/uploads\/2025\/12\/6936ea98d34e2bd5c6d4dbd7.webp\" width=\"500\"\/><\/p>\n<p>\u00a0<\/p>\n","protected":false},"excerpt":{"rendered":"Raquel Galv\u00e3o Dem\u00e9trio apareceu, na gala deste domingo, dia 7, da nona edi\u00e7\u00e3o de &#8220;Secret Story &#8211; Casa&hellip;\n","protected":false},"author":2,"featured_media":181153,"comment_status":"","ping_status":"","sticky":false,"template":"","format":"standard","meta":{"footnotes":""},"categories":[142],"tags":[5813,5812,2632,13471,114,115,6309,980,6983,1015,619,32,33,5936,25232,1014,1315,6985,16687,16686,1012,6986,16688,151,162],"class_list":{"0":"post-181152","1":"post","2":"type-post","3":"status-publish","4":"format-standard","5":"has-post-thumbnail","7":"category-tv","8":"tag-a-pipoca-mais-doce","9":"tag-ana-garcia-martins","10":"tag-casa-dos-segredos","11":"tag-casa-dos-segredos-9","12":"tag-entertainment","13":"tag-entretenimento","14":"tag-ex-concorrente","15":"tag-famosos","16":"tag-influenciadora-digital","17":"tag-instagram","18":"tag-nacional","19":"tag-portugal","20":"tag-pt","21":"tag-raquel","22":"tag-raquel-galvao-demetrio","23":"tag-reality-show","24":"tag-secret-story","25":"tag-secret-story-casa-dos-segredos","26":"tag-secret-story-casa-dos-segredos-9","27":"tag-secret-story-9","28":"tag-selfie","29":"tag-ss","30":"tag-ss9","31":"tag-tv","32":"tag-tvi"},"share_on_mastodon":{"url":"https:\/\/pubeurope.com\/@pt\/115688952738545097","error":""},"_links":{"self":[{"href":"https:\/\/www.europesays.com\/pt\/wp-json\/wp\/v2\/posts\/181152","targetHints":{"allow":["GET"]}}],"collection":[{"href":"https:\/\/www.europesays.com\/pt\/wp-json\/wp\/v2\/posts"}],"about":[{"href":"https:\/\/www.europesays.com\/pt\/wp-json\/wp\/v2\/types\/post"}],"author":[{"embeddable":true,"href":"https:\/\/www.europesays.com\/pt\/wp-json\/wp\/v2\/users\/2"}],"replies":[{"embeddable":true,"href":"https:\/\/www.europesays.com\/pt\/wp-json\/wp\/v2\/comments?post=181152"}],"version-history":[{"count":0,"href":"https:\/\/www.europesays.com\/pt\/wp-json\/wp\/v2\/posts\/181152\/revisions"}],"wp:featuredmedia":[{"embeddable":true,"href":"https:\/\/www.europesays.com\/pt\/wp-json\/wp\/v2\/media\/181153"}],"wp:attachment":[{"href":"https:\/\/www.europesays.com\/pt\/wp-json\/wp\/v2\/media?parent=181152"}],"wp:term":[{"taxonomy":"category","embeddable":true,"href":"https:\/\/www.europesays.com\/pt\/wp-json\/wp\/v2\/categories?post=181152"},{"taxonomy":"post_tag","embeddable":true,"href":"https:\/\/www.europesays.com\/pt\/wp-json\/wp\/v2\/tags?post=181152"}],"curies":[{"name":"wp","href":"https:\/\/api.w.org\/{rel}","templated":true}]}}