{"id":181154,"date":"2025-12-09T09:44:12","date_gmt":"2025-12-09T09:44:12","guid":{"rendered":"https:\/\/www.europesays.com\/pt\/181154\/"},"modified":"2025-12-09T09:44:12","modified_gmt":"2025-12-09T09:44:12","slug":"o-cha-secreto-que-alivia-inflamacoes-protege-o-corpo-e-traz-bem-estar-para-sua-rotina","status":"publish","type":"post","link":"https:\/\/www.europesays.com\/pt\/181154\/","title":{"rendered":"O ch\u00e1 secreto que alivia inflama\u00e7\u00f5es, protege o corpo e traz bem-estar para sua rotina"},"content":{"rendered":"<p>Esta caracter\u00edstica faz com que a mangiferina seja um objeto de interesse para o manejo de condi\u00e7\u00f5es inflamat\u00f3rias de car\u00e1ter cr\u00f4nico.O grande potencial anti-inflamat\u00f3rio da mangiferina tem sido objeto de diversos estudos cient\u00edficos focados no desenvolvimento de novos f\u00e1rmacos naturais.<\/p>\n<p>\u201cA mangiferina, o principal fitoqu\u00edmico das folhas de Mangifera indica, demonstrou atividade anti-inflamat\u00f3ria significativa atrav\u00e9s da inibi\u00e7\u00e3o de enzimas como a ciclo-oxigenase (COX) e a lipoxigenase (LOX), oferecendo um mecanismo claro para seu uso tradicional\u201d, afirma uma pesquisa citada pelo Correio Brasiliense.<\/p>\n<p>O mecanismo claro de inibi\u00e7\u00e3o das enzimas COX e LOX oferece o suporte cient\u00edfico necess\u00e1rio para validar o uso tradicional das folhas de Mangifera indica. O princ\u00edpio ativo \u00e9 o xanton\u00f3ide mangiferina, comprovando a a\u00e7\u00e3o anti-inflamat\u00f3ria das folhas.<\/p>\n","protected":false},"excerpt":{"rendered":"Esta caracter\u00edstica faz com que a mangiferina seja um objeto de interesse para o manejo de condi\u00e7\u00f5es inflamat\u00f3rias&hellip;\n","protected":false},"author":2,"featured_media":181155,"comment_status":"","ping_status":"","sticky":false,"template":"","format":"standard","meta":{"footnotes":""},"categories":[86],"tags":[547,116,32,33,117],"class_list":{"0":"post-181154","1":"post","2":"type-post","3":"status-publish","4":"format-standard","5":"has-post-thumbnail","7":"category-saude","8":"tag-alimentacao-saudavel","9":"tag-health","10":"tag-portugal","11":"tag-pt","12":"tag-saude"},"share_on_mastodon":{"url":"https:\/\/pubeurope.com\/@pt\/115688968270442604","error":""},"_links":{"self":[{"href":"https:\/\/www.europesays.com\/pt\/wp-json\/wp\/v2\/posts\/181154","targetHints":{"allow":["GET"]}}],"collection":[{"href":"https:\/\/www.europesays.com\/pt\/wp-json\/wp\/v2\/posts"}],"about":[{"href":"https:\/\/www.europesays.com\/pt\/wp-json\/wp\/v2\/types\/post"}],"author":[{"embeddable":true,"href":"https:\/\/www.europesays.com\/pt\/wp-json\/wp\/v2\/users\/2"}],"replies":[{"embeddable":true,"href":"https:\/\/www.europesays.com\/pt\/wp-json\/wp\/v2\/comments?post=181154"}],"version-history":[{"count":0,"href":"https:\/\/www.europesays.com\/pt\/wp-json\/wp\/v2\/posts\/181154\/revisions"}],"wp:featuredmedia":[{"embeddable":true,"href":"https:\/\/www.europesays.com\/pt\/wp-json\/wp\/v2\/media\/181155"}],"wp:attachment":[{"href":"https:\/\/www.europesays.com\/pt\/wp-json\/wp\/v2\/media?parent=181154"}],"wp:term":[{"taxonomy":"category","embeddable":true,"href":"https:\/\/www.europesays.com\/pt\/wp-json\/wp\/v2\/categories?post=181154"},{"taxonomy":"post_tag","embeddable":true,"href":"https:\/\/www.europesays.com\/pt\/wp-json\/wp\/v2\/tags?post=181154"}],"curies":[{"name":"wp","href":"https:\/\/api.w.org\/{rel}","templated":true}]}}