{"id":181159,"date":"2025-12-09T09:48:19","date_gmt":"2025-12-09T09:48:19","guid":{"rendered":"https:\/\/www.europesays.com\/pt\/181159\/"},"modified":"2025-12-09T09:48:19","modified_gmt":"2025-12-09T09:48:19","slug":"europa-deve-resistir-a-ameaca-de-interferencia-politica-externa","status":"publish","type":"post","link":"https:\/\/www.europesays.com\/pt\/181159\/","title":{"rendered":"Europa deve resistir \u00e0 amea\u00e7a de interfer\u00eancia pol\u00edtica externa"},"content":{"rendered":"<p>O presidente do Conselho Europeu, Ant\u00f3nio Costa, afirmou esta segunda-feira, 8 de dezembro, que a Europa n\u00e3o pode aceitar uma \u201camea\u00e7a de interfer\u00eancia\u201d na sua vida pol\u00edtica, ap\u00f3s a divulga\u00e7\u00e3o da nova estrat\u00e9gia de seguran\u00e7a dos EUA, que critica os europeus.<\/p>\n<p>\u201cO que n\u00e3o podemos aceitar \u00e9 esta amea\u00e7a de interfer\u00eancia na vida pol\u00edtica da Europa&#8221;, declarou Ant\u00f3nio Costa, numa interven\u00e7\u00e3o no Instituto Jacques Delors, salientando que \u201cos Estados Unidos n\u00e3o podem substituir os cidad\u00e3os europeus na escolha de quais s\u00e3o os bons partidos e os maus partidos\u201d.<\/p>\n<p>A Administra\u00e7\u00e3o norte-americana, liderada pelo presidente Donald Trump, divulgou na sexta-feira um documento que redefine a sua \u201cEstrat\u00e9gia de Seguran\u00e7a Nacional\u201d, na qual a <strong><a aria-label=\"content\" target=\"_blank\" href=\"https:\/\/www.dn.pt\/internacional\/trump-avisa-para-o-risco-de-extino-civilizacional-da-europa-continente-ficar-irreconhecvel\" rel=\"nofollow noopener\">deixa um aviso sobre o risco de &#8220;extin\u00e7\u00e3o civilizacional&#8221; da Europa.<\/a><\/strong><\/p>\n<p>Segundo a ag\u00eancia France-Presse, o documento, muito aguardado, formaliza a ofensiva lan\u00e7ada por Washington contra o continente europeu h\u00e1 meses.<\/p>\n<p><strong>&#8220;Caso as tend\u00eancias atuais persistam, o continente [europeu] estar\u00e1 irreconhec\u00edvel daqui a 20 anos ou menos&#8221;, refere o documento, no qual \u00e9 defendido a &#8220;restaura\u00e7\u00e3o da supremacia&#8221; dos EUA na Am\u00e9rica Latina.<\/strong><\/p>\n<p>Entre outros alvos da Administra\u00e7\u00e3o norte-americana, est\u00e3o as institui\u00e7\u00f5es europeias que alega minarem &#8220;a liberdade pol\u00edtica e a soberania\u201d, as pol\u00edticas migrat\u00f3rias, a \u201ccensura \u00e0 liberdade de express\u00e3o e a repress\u00e3o da oposi\u00e7\u00e3o pol\u00edtica, o colapso das taxas de natalidade e a perda das identidades nacionais e da autoconfian\u00e7a\u201d na Europa.<\/p>\n<p>\u201cTemos diferen\u00e7as nas nossas vis\u00f5es do mundo, mas isto vai para al\u00e9m disso. <strong>Esta estrat\u00e9gia continua a falar da Europa como uma aliada, mas, se somos aliados, devemos agir como aliados\u201d e respeitar a soberania uns dos outros, defendeu Ant\u00f3nio Costa.<\/strong><\/p>\n<p>Para o presidente do Conselho Europeu, \u201cos Estados Unidos continuam a ser um aliado importante, os Estados Unidos continuam a ser um parceiro econ\u00f3mico importante\u201d.<\/p>\n<p><strong>\u201cMas a nossa Europa tem de ser soberana\u201d, concluiu.<\/strong><\/p>\n","protected":false},"excerpt":{"rendered":"O presidente do Conselho Europeu, Ant\u00f3nio Costa, afirmou esta segunda-feira, 8 de dezembro, que a Europa n\u00e3o pode&hellip;\n","protected":false},"author":2,"featured_media":181160,"comment_status":"","ping_status":"","sticky":false,"template":"","format":"standard","meta":{"footnotes":""},"categories":[50],"tags":[6953,27,28,92,413,445,15,16,14,25,26,21,22,62,12,13,19,20,23,24,17,18,29,30,31,63,64,65],"class_list":{"0":"post-181159","1":"post","2":"type-post","3":"status-publish","4":"format-standard","5":"has-post-thumbnail","7":"category-mundo","8":"tag-antonio-costa","9":"tag-breaking-news","10":"tag-breakingnews","11":"tag-donald-trump","12":"tag-eua","13":"tag-europa","14":"tag-featured-news","15":"tag-featurednews","16":"tag-headlines","17":"tag-latest-news","18":"tag-latestnews","19":"tag-main-news","20":"tag-mainnews","21":"tag-mundo","22":"tag-news","23":"tag-noticias","24":"tag-noticias-principais","25":"tag-noticiasprincipais","26":"tag-principais-noticias","27":"tag-principaisnoticias","28":"tag-top-stories","29":"tag-topstories","30":"tag-ultimas","31":"tag-ultimas-noticias","32":"tag-ultimasnoticias","33":"tag-world","34":"tag-world-news","35":"tag-worldnews"},"share_on_mastodon":{"url":"https:\/\/pubeurope.com\/@pt\/115688984041915934","error":""},"_links":{"self":[{"href":"https:\/\/www.europesays.com\/pt\/wp-json\/wp\/v2\/posts\/181159","targetHints":{"allow":["GET"]}}],"collection":[{"href":"https:\/\/www.europesays.com\/pt\/wp-json\/wp\/v2\/posts"}],"about":[{"href":"https:\/\/www.europesays.com\/pt\/wp-json\/wp\/v2\/types\/post"}],"author":[{"embeddable":true,"href":"https:\/\/www.europesays.com\/pt\/wp-json\/wp\/v2\/users\/2"}],"replies":[{"embeddable":true,"href":"https:\/\/www.europesays.com\/pt\/wp-json\/wp\/v2\/comments?post=181159"}],"version-history":[{"count":0,"href":"https:\/\/www.europesays.com\/pt\/wp-json\/wp\/v2\/posts\/181159\/revisions"}],"wp:featuredmedia":[{"embeddable":true,"href":"https:\/\/www.europesays.com\/pt\/wp-json\/wp\/v2\/media\/181160"}],"wp:attachment":[{"href":"https:\/\/www.europesays.com\/pt\/wp-json\/wp\/v2\/media?parent=181159"}],"wp:term":[{"taxonomy":"category","embeddable":true,"href":"https:\/\/www.europesays.com\/pt\/wp-json\/wp\/v2\/categories?post=181159"},{"taxonomy":"post_tag","embeddable":true,"href":"https:\/\/www.europesays.com\/pt\/wp-json\/wp\/v2\/tags?post=181159"}],"curies":[{"name":"wp","href":"https:\/\/api.w.org\/{rel}","templated":true}]}}