{"id":181161,"date":"2025-12-09T09:51:12","date_gmt":"2025-12-09T09:51:12","guid":{"rendered":"https:\/\/www.europesays.com\/pt\/181161\/"},"modified":"2025-12-09T09:51:12","modified_gmt":"2025-12-09T09:51:12","slug":"de-la-soul-sobrevivem-com-alegria-as-fatalidades","status":"publish","type":"post","link":"https:\/\/www.europesays.com\/pt\/181161\/","title":{"rendered":"De La Soul sobrevivem com alegria \u00e0s fatalidades"},"content":{"rendered":"<p data-remotead-prev-elm=\"true\" data-remotead-elm-id=\"inread\">H\u00e1 uma disposi\u00e7\u00e3o perante o Mundo que nunca se perde, sejam quais forem as circunst\u00e2ncias. No caso dos De La Soul, a (boa) disposi\u00e7\u00e3o foi sujeita \u00e0 mais terr\u00edvel das provas &#8211; a perda de Dave Jude Jolicoeur, ou &#8220;Trugoy the Dove&#8221;, ter\u00e7a parte da banda, falecido em 2023 com 54 anos -, mas n\u00e3o ficou destru\u00edda. &#8220;Hard for me to cry, &#8216;cause I&#8217;m thankful&#8221;, resume Kelvin &#8220;Posdnuos&#8221; Mercer numa das faixas de &#8220;Cabin in the sky&#8221;, nono \u00e1lbum de est\u00fadio dos De La Soul.<\/p>\n","protected":false},"excerpt":{"rendered":"H\u00e1 uma disposi\u00e7\u00e3o perante o Mundo que nunca se perde, sejam quais forem as circunst\u00e2ncias. No caso dos&hellip;\n","protected":false},"author":2,"featured_media":181162,"comment_status":"","ping_status":"","sticky":false,"template":"","format":"standard","meta":{"footnotes":""},"categories":[145],"tags":[1753,211,210,37079,7875,114,115,150,32,33],"class_list":{"0":"post-181161","1":"post","2":"type-post","3":"status-publish","4":"format-standard","5":"has-post-thumbnail","7":"category-celebridades","8":"tag-artes","9":"tag-celebridades","10":"tag-celebrities","11":"tag-de-la-soul","12":"tag-disco","13":"tag-entertainment","14":"tag-entretenimento","15":"tag-musica","16":"tag-portugal","17":"tag-pt"},"share_on_mastodon":{"url":"https:\/\/pubeurope.com\/@pt\/115688995771543732","error":""},"_links":{"self":[{"href":"https:\/\/www.europesays.com\/pt\/wp-json\/wp\/v2\/posts\/181161","targetHints":{"allow":["GET"]}}],"collection":[{"href":"https:\/\/www.europesays.com\/pt\/wp-json\/wp\/v2\/posts"}],"about":[{"href":"https:\/\/www.europesays.com\/pt\/wp-json\/wp\/v2\/types\/post"}],"author":[{"embeddable":true,"href":"https:\/\/www.europesays.com\/pt\/wp-json\/wp\/v2\/users\/2"}],"replies":[{"embeddable":true,"href":"https:\/\/www.europesays.com\/pt\/wp-json\/wp\/v2\/comments?post=181161"}],"version-history":[{"count":0,"href":"https:\/\/www.europesays.com\/pt\/wp-json\/wp\/v2\/posts\/181161\/revisions"}],"wp:featuredmedia":[{"embeddable":true,"href":"https:\/\/www.europesays.com\/pt\/wp-json\/wp\/v2\/media\/181162"}],"wp:attachment":[{"href":"https:\/\/www.europesays.com\/pt\/wp-json\/wp\/v2\/media?parent=181161"}],"wp:term":[{"taxonomy":"category","embeddable":true,"href":"https:\/\/www.europesays.com\/pt\/wp-json\/wp\/v2\/categories?post=181161"},{"taxonomy":"post_tag","embeddable":true,"href":"https:\/\/www.europesays.com\/pt\/wp-json\/wp\/v2\/tags?post=181161"}],"curies":[{"name":"wp","href":"https:\/\/api.w.org\/{rel}","templated":true}]}}