{"id":181167,"date":"2025-12-09T10:01:19","date_gmt":"2025-12-09T10:01:19","guid":{"rendered":"https:\/\/www.europesays.com\/pt\/181167\/"},"modified":"2025-12-09T10:01:19","modified_gmt":"2025-12-09T10:01:19","slug":"sao-os-portugueses-gente-em-quem-se-pode-confiar","status":"publish","type":"post","link":"https:\/\/www.europesays.com\/pt\/181167\/","title":{"rendered":"S\u00e3o os portugueses gente em quem se pode confiar?"},"content":{"rendered":"<p>\tVis\u00e3o | S\u00e3o os portugueses gente em quem se pode confiar?<\/p>\n<p>&#13;<br \/>\n&#13;<br \/>\n&#13;<br \/>\n&#13;<br \/>\n&#13;<br \/>\n&#13;<\/p>\n<p>    Mais Not\u00edcias<\/p>\n<p>        <a href=\"https:\/\/caras.pt\/decoracao\/2025-04-30-caras-decoracao-10-ideias-para-transformar-o-velho-em-novo\/?utm_source=Vis\u00e3o&amp;utm_medium=Gaveta_Multimarca&amp;utm_campaign=Gavetas_Artigos_22\" target=\"_blank\" rel=\"nofollow noopener\"><br \/>\n            <img decoding=\"async\" class=\"attachment-Horizontal size-Horizontal wp-post-image\" alt=\"CARAS Decora\u00e7\u00e3o: 10 ideias para transformar o velho em novo\" loading=\"lazy\" responsive-image=\"1\" bad-src=\"https:\/\/www.europesays.com\/pt\/wp-content\/uploads\/2025\/11\/250430_pexels-cottonbro-5089155_decoracao.jpg\" src=\"https:\/\/www.europesays.com\/pt\/wp-content\/uploads\/2025\/11\/250430_pexels-cottonbro-5089155_decoracao.jpg\"\/><br \/>\n        <\/a><\/p>\n<p>        <a href=\"https:\/\/caras.pt\/decoracao\/2025-04-30-caras-decoracao-10-ideias-para-transformar-o-velho-em-novo\/?utm_source=Vis\u00e3o&amp;utm_medium=Gaveta_Multimarca&amp;utm_campaign=Gavetas_Artigos_22\" target=\"_blank\" class=\"article-block-title\" rel=\"nofollow noopener\"><br \/>\n            CARAS Decora\u00e7\u00e3o: 10 ideias para transformar o velho em novo<br \/>\n        <\/a><\/p>\n<p>        <a href=\"https:\/\/holofote.pt\/capas\/2024-06-21-tony-carreira-e-a-namorada\/?utm_source=Vis\u00e3o&amp;utm_medium=Gaveta_Multimarca&amp;utm_campaign=Gavetas_Artigos_22\" target=\"_blank\" rel=\"nofollow noopener\"><br \/>\n            <img decoding=\"async\" class=\"attachment-Horizontal size-Horizontal wp-post-image\" alt=\"Fotos exclusivas - Tony Carreira e a namorada,  \u00c2ngela Rocha, como nunca os viu - Romance na avenida\" loading=\"lazy\" responsive-image=\"1\" bad-src=\"https:\/\/www.europesays.com\/pt\/wp-content\/uploads\/2025\/12\/240618_Tony-Carreira-e-Angela-Rocha-7_wm.jpg\" src=\"https:\/\/www.europesays.com\/pt\/wp-content\/uploads\/2025\/12\/240618_Tony-Carreira-e-Angela-Rocha-7_wm.jpg\"\/><br \/>\n        <\/a><\/p>\n<p>        <a href=\"https:\/\/holofote.pt\/capas\/2024-06-21-tony-carreira-e-a-namorada\/?utm_source=Vis\u00e3o&amp;utm_medium=Gaveta_Multimarca&amp;utm_campaign=Gavetas_Artigos_22\" target=\"_blank\" class=\"article-block-title\" rel=\"nofollow noopener\"><br \/>\n            Fotos exclusivas &#8211; Tony Carreira e a namorada,  \u00c2ngela Rocha, como nunca os viu &#8211; Romance na avenida<br \/>\n        <\/a><\/p>\n<p>        <a href=\"https:\/\/visao.pt\/exameinformatica\/noticias-ei\/aeroespacial\/2025-07-10-cortes-orcamentais-de-trump-podem-levar-a-mais-de-2000-despedimentos-na-nasa\/?utm_source=Vis\u00e3o&amp;utm_medium=Gaveta_Multimarca&amp;utm_campaign=Gavetas_Artigos_22\" target=\"_blank\" rel=\"nofollow noopener\"><br \/>\n            <img decoding=\"async\" class=\"attachment-Horizontal size-Horizontal wp-post-image\" alt=\"Cortes or\u00e7amentais de Trump podem levar a mais de 2000 despedimentos na NASA\" loading=\"lazy\" responsive-image=\"1\" bad-src=\"https:\/\/www.europesays.com\/pt\/wp-content\/uploads\/2025\/12\/240924_nasa-satelites_exame-informatica.jpg\" src=\"https:\/\/www.europesays.com\/pt\/wp-content\/uploads\/2025\/12\/240924_nasa-satelites_exame-informatica.jpg\"\/><br \/>\n        <\/a><\/p>\n<p>        <a href=\"https:\/\/visao.pt\/exameinformatica\/noticias-ei\/aeroespacial\/2025-07-10-cortes-orcamentais-de-trump-podem-levar-a-mais-de-2000-despedimentos-na-nasa\/?utm_source=Vis\u00e3o&amp;utm_medium=Gaveta_Multimarca&amp;utm_campaign=Gavetas_Artigos_22\" target=\"_blank\" class=\"article-block-title\" rel=\"nofollow noopener\"><br \/>\n            Cortes or\u00e7amentais de Trump podem levar a mais de 2000 despedimentos na NASA<br \/>\n        <\/a><\/p>\n<p>        <a href=\"https:\/\/visao.pt\/visaosaude\/2025-06-17-cocktail-toxico-encontrado-em-plastico-reciclado\/?utm_source=Vis\u00e3o&amp;utm_medium=Gaveta_Multimarca&amp;utm_campaign=Gavetas_Artigos_22\" target=\"_blank\" rel=\"nofollow noopener\"><br \/>\n            <img decoding=\"async\" class=\"attachment-Horizontal size-Horizontal wp-post-image\" alt=\"Cocktail t\u00f3xico encontrado em pl\u00e1stico reciclado\" loading=\"lazy\" responsive-image=\"1\" bad-src=\"https:\/\/www.europesays.com\/pt\/wp-content\/uploads\/2025\/12\/250623_pellets_visao-saude.jpg\" src=\"https:\/\/www.europesays.com\/pt\/wp-content\/uploads\/2025\/12\/250623_pellets_visao-saude.jpg\"\/><br \/>\n        <\/a><\/p>\n<p>        <a href=\"https:\/\/visao.pt\/visaosaude\/2025-06-17-cocktail-toxico-encontrado-em-plastico-reciclado\/?utm_source=Vis\u00e3o&amp;utm_medium=Gaveta_Multimarca&amp;utm_campaign=Gavetas_Artigos_22\" target=\"_blank\" class=\"article-block-title\" rel=\"nofollow noopener\"><br \/>\n            Cocktail t\u00f3xico encontrado em pl\u00e1stico reciclado<br \/>\n        <\/a><\/p>\n<p>        <a href=\"https:\/\/visao.pt\/visaose7e\/2025-11-28-mercados-de-natal-as-compras-em-portugal-e-na-europa\/?utm_source=Vis\u00e3o&amp;utm_medium=Gaveta_Multimarca&amp;utm_campaign=Gavetas_Artigos_22\" target=\"_blank\" rel=\"nofollow noopener\"><br \/>\n            <img decoding=\"async\" class=\"attachment-Horizontal size-Horizontal wp-post-image\" alt=\"Mercados de Natal: \u00c0s compras em Portugal e na Europa\" loading=\"lazy\" responsive-image=\"1\" bad-src=\"https:\/\/www.europesays.com\/pt\/wp-content\/uploads\/2025\/12\/251126_obidos-credito_nunoefconceicao-5_se7e.jpg\" src=\"https:\/\/www.europesays.com\/pt\/wp-content\/uploads\/2025\/12\/251126_obidos-credito_nunoefconceicao-5_se7e.jpg\"\/><br \/>\n        <\/a><\/p>\n<p>        <a href=\"https:\/\/visao.pt\/visaose7e\/2025-11-28-mercados-de-natal-as-compras-em-portugal-e-na-europa\/?utm_source=Vis\u00e3o&amp;utm_medium=Gaveta_Multimarca&amp;utm_campaign=Gavetas_Artigos_22\" target=\"_blank\" class=\"article-block-title\" rel=\"nofollow noopener\"><br \/>\n            Mercados de Natal: \u00c0s compras em Portugal e na Europa<br \/>\n        <\/a><\/p>\n<p>        <a href=\"https:\/\/visao.pt\/anossaprima\/expirar\/2024-03-28-25-pecas-para-receber-a-primavera-em-casa\/?utm_source=Vis\u00e3o&amp;utm_medium=Gaveta_Multimarca&amp;utm_campaign=Gavetas_Artigos_22\" target=\"_blank\" rel=\"nofollow noopener\"><br \/>\n            <img decoding=\"async\" class=\"attachment-Horizontal size-Horizontal wp-post-image\" alt=\"25 pe\u00e7as para receber a primavera em casa\" loading=\"lazy\" responsive-image=\"1\" bad-src=\"https:\/\/www.europesays.com\/pt\/wp-content\/uploads\/2025\/12\/240328_annie-spratt-44f81niLM0A-unsplash_prima.jpg\" src=\"https:\/\/www.europesays.com\/pt\/wp-content\/uploads\/2025\/12\/240328_annie-spratt-44f81niLM0A-unsplash_prima.jpg\"\/><br \/>\n        <\/a><\/p>\n<p>        <a href=\"https:\/\/visao.pt\/anossaprima\/expirar\/2024-03-28-25-pecas-para-receber-a-primavera-em-casa\/?utm_source=Vis\u00e3o&amp;utm_medium=Gaveta_Multimarca&amp;utm_campaign=Gavetas_Artigos_22\" target=\"_blank\" class=\"article-block-title\" rel=\"nofollow noopener\"><br \/>\n            25 pe\u00e7as para receber a primavera em casa<br \/>\n        <\/a><\/p>\n<p>        <a href=\"https:\/\/visao.pt\/exameinformatica\/noticias-ei\/aeroespacial\/2025-07-11-reino-unido-junta-se-a-franca-para-investir-na-rival-europeia-da-starlink\/?utm_source=Vis\u00e3o&amp;utm_medium=Gaveta_Multimarca&amp;utm_campaign=Gavetas_Artigos_22\" target=\"_blank\" rel=\"nofollow noopener\"><br \/>\n            <img decoding=\"async\" class=\"attachment-Horizontal size-Horizontal wp-post-image\" alt=\"Reino Unido junta-se a Fran\u00e7a para investir na rival europeia da Starlink\" loading=\"lazy\" responsive-image=\"1\" bad-src=\"https:\/\/www.europesays.com\/pt\/wp-content\/uploads\/2025\/11\/250106_oneweb_exame-informatica.jpg\" src=\"https:\/\/www.europesays.com\/pt\/wp-content\/uploads\/2025\/11\/250106_oneweb_exame-informatica.jpg\"\/><br \/>\n        <\/a><\/p>\n<p>        <a href=\"https:\/\/visao.pt\/exameinformatica\/noticias-ei\/aeroespacial\/2025-07-11-reino-unido-junta-se-a-franca-para-investir-na-rival-europeia-da-starlink\/?utm_source=Vis\u00e3o&amp;utm_medium=Gaveta_Multimarca&amp;utm_campaign=Gavetas_Artigos_22\" target=\"_blank\" class=\"article-block-title\" rel=\"nofollow noopener\"><br \/>\n            Reino Unido junta-se a Fran\u00e7a para investir na rival europeia da Starlink<br \/>\n        <\/a><\/p>\n<p>        <a href=\"https:\/\/visao.pt\/visaosaude\/2025-08-10-ovos-ilibados-no-caso-do-colesterol\/?utm_source=Vis\u00e3o&amp;utm_medium=Gaveta_Multimarca&amp;utm_campaign=Gavetas_Artigos_22\" target=\"_blank\" rel=\"nofollow noopener\"><br \/>\n            <img decoding=\"async\" class=\"attachment-Horizontal size-Horizontal wp-post-image\" alt=\"Ovos \" ilibados=\"\" no=\"\" caso=\"\" do=\"\" colesterol=\"\" loading=\"lazy\" responsive-image=\"1\" bad-src=\"https:\/\/www.europesays.com\/pt\/wp-content\/uploads\/2025\/08\/250221_eggs-1111587_1280_wm.jpg\" src=\"https:\/\/www.europesays.com\/pt\/wp-content\/uploads\/2025\/08\/250221_eggs-1111587_1280_wm.jpg\"\/><br \/>\n        <\/a><\/p>\n<p>        <a href=\"https:\/\/visao.pt\/visaosaude\/2025-08-10-ovos-ilibados-no-caso-do-colesterol\/?utm_source=Vis\u00e3o&amp;utm_medium=Gaveta_Multimarca&amp;utm_campaign=Gavetas_Artigos_22\" target=\"_blank\" class=\"article-block-title\" rel=\"nofollow noopener\"><br \/>\n            Ovos &#8220;ilibados&#8221; no caso do colesterol<br \/>\n        <\/a><\/p>\n<p>        <a href=\"https:\/\/caras.pt\/lifestyle\/2023-12-12-amigo-secreto-20-ideias-de-presentes-ate-e20\/?utm_source=Vis\u00e3o&amp;utm_medium=Gaveta_Multimarca&amp;utm_campaign=Gavetas_Artigos_22\" target=\"_blank\" rel=\"nofollow noopener\"><br \/>\n            <img decoding=\"async\" class=\"attachment-Horizontal size-Horizontal wp-post-image\" alt=\"Amigo Secreto: 20 ideias de presentes at\u00e9 \u20ac20\" loading=\"lazy\" responsive-image=\"1\" bad-src=\"https:\/\/www.europesays.com\/pt\/wp-content\/uploads\/2025\/12\/231211_Untitled-1_wm.jpg\" src=\"https:\/\/www.europesays.com\/pt\/wp-content\/uploads\/2025\/12\/231211_Untitled-1_wm.jpg\"\/><br \/>\n        <\/a><\/p>\n<p>        <a href=\"https:\/\/caras.pt\/lifestyle\/2023-12-12-amigo-secreto-20-ideias-de-presentes-ate-e20\/?utm_source=Vis\u00e3o&amp;utm_medium=Gaveta_Multimarca&amp;utm_campaign=Gavetas_Artigos_22\" target=\"_blank\" class=\"article-block-title\" rel=\"nofollow noopener\"><br \/>\n            Amigo Secreto: 20 ideias de presentes at\u00e9 \u20ac20<br \/>\n        <\/a><\/p>\n<p>        <a href=\"https:\/\/visao.pt\/jornaldeletras\/artesvisuais\/2025-06-25-deus-intuicao-e-rock-and-roll\/?utm_source=Vis\u00e3o&amp;utm_medium=Gaveta_Multimarca&amp;utm_campaign=Gavetas_Artigos_22\" target=\"_blank\" rel=\"nofollow noopener\"><br \/>\n            <img decoding=\"async\" class=\"attachment-Horizontal size-Horizontal wp-post-image\" alt=\"Deus, intui\u00e7\u00e3o e Rock and Roll\" loading=\"lazy\" responsive-image=\"1\" bad-src=\"https:\/\/www.europesays.com\/pt\/wp-content\/uploads\/2025\/09\/250623_GhostRanch_jornal-de-letras.jpeg\" src=\"https:\/\/www.europesays.com\/pt\/wp-content\/uploads\/2025\/09\/250623_GhostRanch_jornal-de-letras.jpeg\"\/><br \/>\n        <\/a><\/p>\n<p>        <a href=\"https:\/\/visao.pt\/jornaldeletras\/artesvisuais\/2025-06-25-deus-intuicao-e-rock-and-roll\/?utm_source=Vis\u00e3o&amp;utm_medium=Gaveta_Multimarca&amp;utm_campaign=Gavetas_Artigos_22\" target=\"_blank\" class=\"article-block-title\" rel=\"nofollow noopener\"><br \/>\n            Deus, intui\u00e7\u00e3o e Rock and Roll<br \/>\n        <\/a><\/p>\n<p>        <a href=\"https:\/\/caras.pt\/famosos\/2025-07-16-lady-kitty-spencer-regressa-a-roma-para-o-desfile-de-alta-costura-de-dolce-gabbana\/?utm_source=Vis\u00e3o&amp;utm_medium=Gaveta_Multimarca&amp;utm_campaign=Gavetas_Artigos_22\" target=\"_blank\" rel=\"nofollow noopener\"><br \/>\n            <img decoding=\"async\" class=\"attachment-Horizontal size-Horizontal wp-post-image\" alt=\"Lady Kitty Spencer regressa a Roma para o desfile de alta-costura de Dolce &amp; Gabbana\" loading=\"lazy\" responsive-image=\"1\" bad-src=\"https:\/\/www.europesays.com\/pt\/wp-content\/uploads\/2025\/09\/250716_1-1_wm.jpg\" src=\"https:\/\/www.europesays.com\/pt\/wp-content\/uploads\/2025\/09\/250716_1-1_wm.jpg\"\/><br \/>\n        <\/a><\/p>\n<p>        <a href=\"https:\/\/caras.pt\/famosos\/2025-07-16-lady-kitty-spencer-regressa-a-roma-para-o-desfile-de-alta-costura-de-dolce-gabbana\/?utm_source=Vis\u00e3o&amp;utm_medium=Gaveta_Multimarca&amp;utm_campaign=Gavetas_Artigos_22\" target=\"_blank\" class=\"article-block-title\" rel=\"nofollow noopener\"><br \/>\n            Lady Kitty Spencer regressa a Roma para o desfile de alta-costura de Dolce &amp; Gabbana<br \/>\n        <\/a><\/p>\n<p>        <a href=\"https:\/\/visao.pt\/jornaldeletras\/teatro-e-danca\/2025-05-15-a-sagracao-da-primavera-quando-a-morte-e-tambem-fonte-de-vida\/?utm_source=Vis\u00e3o&amp;utm_medium=Gaveta_Multimarca&amp;utm_campaign=Gavetas_Artigos_22\" target=\"_blank\" rel=\"nofollow noopener\"><br \/>\n            <img decoding=\"async\" class=\"attachment-Horizontal size-Horizontal wp-post-image\" alt=\"A Sagra\u00e7\u00e3o da Primavera - Quando a morte \u00e9 tamb\u00e9m fonte de vida\" loading=\"lazy\" responsive-image=\"1\" bad-src=\"https:\/\/images.trustinnews.pt\/uploads\/sites\/5\/2025\/05\/250514_A-Sagrac\u0327a\u0303o-da-Primavera-5_FIMFA\u00a9Lorenza-Daverio_jornal-de-letras.jpg\" src=\"https:\/\/images.trustinnews.pt\/uploads\/sites\/5\/2025\/05\/250514_A-Sagrac\u0327a\u0303o-da-Primavera-5_FIMFA\u00a9Lorenza-Daverio_jornal-de-letras.jpg\"\/><br \/>\n        <\/a><\/p>\n<p>        <a href=\"https:\/\/visao.pt\/jornaldeletras\/teatro-e-danca\/2025-05-15-a-sagracao-da-primavera-quando-a-morte-e-tambem-fonte-de-vida\/?utm_source=Vis\u00e3o&amp;utm_medium=Gaveta_Multimarca&amp;utm_campaign=Gavetas_Artigos_22\" target=\"_blank\" class=\"article-block-title\" rel=\"nofollow noopener\"><br \/>\n            A Sagra\u00e7\u00e3o da Primavera &#8211; Quando a morte \u00e9 tamb\u00e9m fonte de vida<br \/>\n        <\/a><\/p>\n<p>        <a href=\"https:\/\/visao.pt\/exame\/opiniao-exame\/2025-06-17-do-liberation-day-ao-acordo-de-genebra-o-que-se-segue\/?utm_source=Vis\u00e3o&amp;utm_medium=Gaveta_Multimarca&amp;utm_campaign=Gavetas_Artigos_22\" target=\"_blank\" rel=\"nofollow noopener\"><br \/>\n            <img decoding=\"async\" class=\"attachment-Horizontal size-Horizontal wp-post-image\" alt=\"Do Liberation Day ao Acordo de Genebra \u2013 O que se segue?\" loading=\"lazy\" responsive-image=\"1\" bad-src=\"https:\/\/www.europesays.com\/pt\/wp-content\/uploads\/2025\/11\/250403_DOC.20250403.44710813.12007577_exame.jpg\" src=\"https:\/\/www.europesays.com\/pt\/wp-content\/uploads\/2025\/11\/250403_DOC.20250403.44710813.12007577_exame.jpg\"\/><br \/>\n        <\/a><\/p>\n<p>        <a href=\"https:\/\/visao.pt\/exame\/opiniao-exame\/2025-06-17-do-liberation-day-ao-acordo-de-genebra-o-que-se-segue\/?utm_source=Vis\u00e3o&amp;utm_medium=Gaveta_Multimarca&amp;utm_campaign=Gavetas_Artigos_22\" target=\"_blank\" class=\"article-block-title\" rel=\"nofollow noopener\"><br \/>\n            Do Liberation Day ao Acordo de Genebra \u2013 O que se segue?<br \/>\n        <\/a><\/p>\n<p>        <a href=\"https:\/\/visao.pt\/volt\/2025-07-03-tesla-entregou-menos-carros-no-segundo-trimestre-do-ano\/?utm_source=Vis\u00e3o&amp;utm_medium=Gaveta_Multimarca&amp;utm_campaign=Gavetas_Artigos_22\" target=\"_blank\" rel=\"nofollow noopener\"><br \/>\n            <img decoding=\"async\" class=\"attachment-Horizontal size-Horizontal wp-post-image\" alt=\"Tesla entregou menos carros no segundo trimestre do ano\" loading=\"lazy\" responsive-image=\"1\" bad-src=\"https:\/\/www.europesays.com\/pt\/wp-content\/uploads\/2025\/12\/250124_Tesla-New-Model-Y-1_volt.jpg\" src=\"https:\/\/www.europesays.com\/pt\/wp-content\/uploads\/2025\/12\/250124_Tesla-New-Model-Y-1_volt.jpg\"\/><br \/>\n        <\/a><\/p>\n<p>        <a href=\"https:\/\/visao.pt\/volt\/2025-07-03-tesla-entregou-menos-carros-no-segundo-trimestre-do-ano\/?utm_source=Vis\u00e3o&amp;utm_medium=Gaveta_Multimarca&amp;utm_campaign=Gavetas_Artigos_22\" target=\"_blank\" class=\"article-block-title\" rel=\"nofollow noopener\"><br \/>\n            Tesla entregou menos carros no segundo trimestre do ano<br \/>\n        <\/a><\/p>\n<p>        <a href=\"https:\/\/visao.pt\/visao_verde\/ambiente\/2025-05-30-keep-the-coins-i-want-change-um-mapa-para-a-sustentabilidade-empresarial-em-2025\/?utm_source=Vis\u00e3o&amp;utm_medium=Gaveta_Multimarca&amp;utm_campaign=Gavetas_Artigos_22\" target=\"_blank\" rel=\"nofollow noopener\"><br \/>\n            <img decoding=\"async\" class=\"attachment-Horizontal size-Horizontal wp-post-image\" alt=\"Keep the coins, I want change: um mapa para a sustentabilidade empresarial em 2025\" loading=\"lazy\" responsive-image=\"1\" bad-src=\"https:\/\/www.europesays.com\/pt\/wp-content\/uploads\/2025\/09\/250529_finance-7529921_1920_visao-verde.jpg\" src=\"https:\/\/www.europesays.com\/pt\/wp-content\/uploads\/2025\/09\/250529_finance-7529921_1920_visao-verde.jpg\"\/><br \/>\n        <\/a><\/p>\n<p>        <a href=\"https:\/\/visao.pt\/visao_verde\/ambiente\/2025-05-30-keep-the-coins-i-want-change-um-mapa-para-a-sustentabilidade-empresarial-em-2025\/?utm_source=Vis\u00e3o&amp;utm_medium=Gaveta_Multimarca&amp;utm_campaign=Gavetas_Artigos_22\" target=\"_blank\" class=\"article-block-title\" rel=\"nofollow noopener\"><br \/>\n            Keep the coins, I want change: um mapa para a sustentabilidade empresarial em 2025<br \/>\n        <\/a><\/p>\n<p>        <a href=\"https:\/\/caras.pt\/realeza\/2025-09-15-rainha-letizia-celebra-53-o-aniversario\/?utm_source=Vis\u00e3o&amp;utm_medium=Gaveta_Multimarca&amp;utm_campaign=Gavetas_Artigos_22\" target=\"_blank\" rel=\"nofollow noopener\"><br \/>\n            <img decoding=\"async\" class=\"attachment-Horizontal size-Horizontal wp-post-image\" alt=\"Rainha Letizia celebra 53.\u00ba anivers\u00e1rio\" loading=\"lazy\" responsive-image=\"1\" bad-src=\"https:\/\/www.europesays.com\/pt\/wp-content\/uploads\/2025\/09\/250915_241027_DOC.20241025.43797655.11683139-477x1080-1_wm.jpg\" src=\"https:\/\/www.europesays.com\/pt\/wp-content\/uploads\/2025\/09\/250915_241027_DOC.20241025.43797655.11683139-477x1080-1_wm.jpg\"\/><br \/>\n        <\/a><\/p>\n<p>        <a href=\"https:\/\/caras.pt\/realeza\/2025-09-15-rainha-letizia-celebra-53-o-aniversario\/?utm_source=Vis\u00e3o&amp;utm_medium=Gaveta_Multimarca&amp;utm_campaign=Gavetas_Artigos_22\" target=\"_blank\" class=\"article-block-title\" rel=\"nofollow noopener\"><br \/>\n            Rainha Letizia celebra 53.\u00ba anivers\u00e1rio<br \/>\n        <\/a><\/p>\n<p>        <a href=\"https:\/\/activa.pt\/moda\/2022-11-27-sapatos-de-festa-para-comprar-agora-e-usar-depois\/?utm_source=Vis\u00e3o&amp;utm_medium=Gaveta_Multimarca&amp;utm_campaign=Gavetas_Artigos_22\" target=\"_blank\" rel=\"nofollow noopener\"><br \/>\n            <img decoding=\"async\" class=\"attachment-Horizontal size-Horizontal wp-post-image\" alt=\"Sapatos de festa para comprar agora e usar depois\" loading=\"lazy\" responsive-image=\"1\" bad-src=\"https:\/\/www.europesays.com\/pt\/wp-content\/uploads\/2025\/12\/221123_314451679_213755930991028_6309684871321705129_n_wm.jpg\" src=\"https:\/\/www.europesays.com\/pt\/wp-content\/uploads\/2025\/12\/221123_314451679_213755930991028_6309684871321705129_n_wm.jpg\"\/><br \/>\n        <\/a><\/p>\n<p>        <a href=\"https:\/\/activa.pt\/moda\/2022-11-27-sapatos-de-festa-para-comprar-agora-e-usar-depois\/?utm_source=Vis\u00e3o&amp;utm_medium=Gaveta_Multimarca&amp;utm_campaign=Gavetas_Artigos_22\" target=\"_blank\" class=\"article-block-title\" rel=\"nofollow noopener\"><br \/>\n            Sapatos de festa para comprar agora e usar depois<br \/>\n        <\/a><\/p>\n<p>        <a href=\"https:\/\/caras.pt\/decoracao\/2025-04-25-cosentino-inaugura-o-cosentino-city-porto-e-reforca-a-sua-presenca-em-portugal\/?utm_source=Vis\u00e3o&amp;utm_medium=Gaveta_Multimarca&amp;utm_campaign=Gavetas_Artigos_22\" target=\"_blank\" rel=\"nofollow noopener\"><br \/>\n            <img decoding=\"async\" class=\"attachment-Horizontal size-Horizontal wp-post-image\" alt=\"Cosentino inaugura o Cosentino City Porto e refor\u00e7a a sua presen\u00e7a em Portugal\" loading=\"lazy\" responsive-image=\"1\" bad-src=\"https:\/\/www.europesays.com\/pt\/wp-content\/uploads\/2025\/12\/250424_Cosentino-City-Porto-9_decoracao.jpg\" src=\"https:\/\/www.europesays.com\/pt\/wp-content\/uploads\/2025\/12\/250424_Cosentino-City-Porto-9_decoracao.jpg\"\/><br \/>\n        <\/a><\/p>\n<p>        <a href=\"https:\/\/caras.pt\/decoracao\/2025-04-25-cosentino-inaugura-o-cosentino-city-porto-e-reforca-a-sua-presenca-em-portugal\/?utm_source=Vis\u00e3o&amp;utm_medium=Gaveta_Multimarca&amp;utm_campaign=Gavetas_Artigos_22\" target=\"_blank\" class=\"article-block-title\" rel=\"nofollow noopener\"><br \/>\n            Cosentino inaugura o Cosentino City Porto e refor\u00e7a a sua presen\u00e7a em Portugal<br \/>\n        <\/a><\/p>\n<p>        <a href=\"https:\/\/visao.pt\/visaojunior\/conteudo-patrocinado-vj\/2025-06-17-oficinas-de-verao-onde-a-criatividade-nao-tira-ferias\/?utm_source=Vis\u00e3o&amp;utm_medium=Gaveta_Multimarca&amp;utm_campaign=Gavetas_Artigos_22\" target=\"_blank\" rel=\"nofollow noopener\"><br \/>\n            <img decoding=\"async\" class=\"attachment-Horizontal size-Horizontal wp-post-image\" alt=\"Oficinas de ver\u00e3o onde a criatividade n\u00e3o tira f\u00e9rias\" loading=\"lazy\" responsive-image=\"1\" bad-src=\"https:\/\/www.europesays.com\/pt\/wp-content\/uploads\/2025\/11\/250616_Oficinas-de-Verao_Gulbenkian_3200_1200-1920x720-1_brand_studio.jpg\" src=\"https:\/\/www.europesays.com\/pt\/wp-content\/uploads\/2025\/11\/250616_Oficinas-de-Verao_Gulbenkian_3200_1200-1920x720-1_brand_studio.jpg\"\/><br \/>\n        <\/a><\/p>\n<p>        <a href=\"https:\/\/visao.pt\/visaojunior\/conteudo-patrocinado-vj\/2025-06-17-oficinas-de-verao-onde-a-criatividade-nao-tira-ferias\/?utm_source=Vis\u00e3o&amp;utm_medium=Gaveta_Multimarca&amp;utm_campaign=Gavetas_Artigos_22\" target=\"_blank\" class=\"article-block-title\" rel=\"nofollow noopener\"><br \/>\n            Oficinas de ver\u00e3o onde a criatividade n\u00e3o tira f\u00e9rias<br \/>\n        <\/a><\/p>\n<p>        <a href=\"https:\/\/caras.pt\/famosos\/2025-07-18-margherita-missoni-a-moda-tem-de-acompanhar-o-ritmo-das-mulheres\/?utm_source=Vis\u00e3o&amp;utm_medium=Gaveta_Multimarca&amp;utm_campaign=Gavetas_Artigos_22\" target=\"_blank\" rel=\"nofollow noopener\"><br \/>\n            <img decoding=\"async\" class=\"attachment-Horizontal size-Horizontal wp-post-image\" alt=\"Margherita Missoni: \u201cA moda tem de\u00a0 acompanhar o ritmo das mulheres\u201d\" loading=\"lazy\" responsive-image=\"1\" bad-src=\"https:\/\/www.europesays.com\/pt\/wp-content\/uploads\/2025\/12\/250718_DSC_9540_wm.jpg\" src=\"https:\/\/www.europesays.com\/pt\/wp-content\/uploads\/2025\/12\/250718_DSC_9540_wm.jpg\"\/><br \/>\n        <\/a><\/p>\n<p>        <a href=\"https:\/\/caras.pt\/famosos\/2025-07-18-margherita-missoni-a-moda-tem-de-acompanhar-o-ritmo-das-mulheres\/?utm_source=Vis\u00e3o&amp;utm_medium=Gaveta_Multimarca&amp;utm_campaign=Gavetas_Artigos_22\" target=\"_blank\" class=\"article-block-title\" rel=\"nofollow noopener\"><br \/>\n            Margherita Missoni: \u201cA moda tem de\u00a0 acompanhar o ritmo das mulheres\u201d<br \/>\n        <\/a><\/p>\n<p>        <a href=\"https:\/\/visao.pt\/visaosaude\/2025-08-04-so-ver-uma-pessoa-doente-ja-faz-disparar-o-sistema-imunitario\/?utm_source=Vis\u00e3o&amp;utm_medium=Gaveta_Multimarca&amp;utm_campaign=Gavetas_Artigos_22\" target=\"_blank\" rel=\"nofollow noopener\"><br \/>\n            <img decoding=\"async\" class=\"attachment-Horizontal size-Horizontal wp-post-image\" alt=\"S\u00f3 ver uma pessoa doente j\u00e1 faz disparar o sistema imunit\u00e1rio\" loading=\"lazy\" responsive-image=\"1\" bad-src=\"https:\/\/www.europesays.com\/pt\/wp-content\/uploads\/2025\/11\/ja-lhe-aconteceu-ficar-doente-logo-nas-ferias-nao-e-coincidencia-2_visao-saude.jpeg\" src=\"https:\/\/www.europesays.com\/pt\/wp-content\/uploads\/2025\/11\/ja-lhe-aconteceu-ficar-doente-logo-nas-ferias-nao-e-coincidencia-2_visao-saude.jpeg\"\/><br \/>\n        <\/a><\/p>\n<p>        <a href=\"https:\/\/visao.pt\/visaosaude\/2025-08-04-so-ver-uma-pessoa-doente-ja-faz-disparar-o-sistema-imunitario\/?utm_source=Vis\u00e3o&amp;utm_medium=Gaveta_Multimarca&amp;utm_campaign=Gavetas_Artigos_22\" target=\"_blank\" class=\"article-block-title\" rel=\"nofollow noopener\"><br \/>\n            S\u00f3 ver uma pessoa doente j\u00e1 faz disparar o sistema imunit\u00e1rio<br \/>\n        <\/a><\/p>\n<p>        <a href=\"https:\/\/holofote.pt\/famosos\/2023-08-26-fadistas-em-biquini-e-a-banhos-veja-as-fotos\/?utm_source=Vis\u00e3o&amp;utm_medium=Gaveta_Multimarca&amp;utm_campaign=Gavetas_Artigos_22\" target=\"_blank\" rel=\"nofollow noopener\"><br \/>\n            <img decoding=\"async\" class=\"attachment-Horizontal size-Horizontal wp-post-image\" alt=\"Fadistas em biqu\u00edni e a banhos. Veja as fotos!\" loading=\"lazy\" responsive-image=\"1\" bad-src=\"https:\/\/www.europesays.com\/pt\/wp-content\/uploads\/2025\/12\/230822_Cuca-Roseta1_wm.jpg\" src=\"https:\/\/www.europesays.com\/pt\/wp-content\/uploads\/2025\/12\/230822_Cuca-Roseta1_wm.jpg\"\/><br \/>\n        <\/a><\/p>\n<p>        <a href=\"https:\/\/holofote.pt\/famosos\/2023-08-26-fadistas-em-biquini-e-a-banhos-veja-as-fotos\/?utm_source=Vis\u00e3o&amp;utm_medium=Gaveta_Multimarca&amp;utm_campaign=Gavetas_Artigos_22\" target=\"_blank\" class=\"article-block-title\" rel=\"nofollow noopener\"><br \/>\n            Fadistas em biqu\u00edni e a banhos. Veja as fotos!<br \/>\n        <\/a><\/p>\n<p>        <a href=\"https:\/\/visao.pt\/exameinformatica\/mobilidade_inteligente\/2025-06-18-tecnico-e-vinci-energies-portugal-apresentam-novo-formula-student-para-2025-2026\/?utm_source=Vis\u00e3o&amp;utm_medium=Gaveta_Multimarca&amp;utm_campaign=Gavetas_Artigos_22\" target=\"_blank\" rel=\"nofollow noopener\"><br \/>\n            <img decoding=\"async\" class=\"attachment-Horizontal size-Horizontal wp-post-image\" alt=\"T\u00e9cnico e Vinci Energies Portugal apresentam novo Formula Student para 2025\/2026\" loading=\"lazy\" responsive-image=\"1\" bad-src=\"https:\/\/www.europesays.com\/pt\/wp-content\/uploads\/2025\/09\/250618_Vinci_exame-informatica.png\" src=\"https:\/\/www.europesays.com\/pt\/wp-content\/uploads\/2025\/09\/250618_Vinci_exame-informatica.png\"\/><br \/>\n        <\/a><\/p>\n<p>        <a href=\"https:\/\/visao.pt\/exameinformatica\/mobilidade_inteligente\/2025-06-18-tecnico-e-vinci-energies-portugal-apresentam-novo-formula-student-para-2025-2026\/?utm_source=Vis\u00e3o&amp;utm_medium=Gaveta_Multimarca&amp;utm_campaign=Gavetas_Artigos_22\" target=\"_blank\" class=\"article-block-title\" rel=\"nofollow noopener\"><br \/>\n            T\u00e9cnico e Vinci Energies Portugal apresentam novo Formula Student para 2025\/2026<br \/>\n        <\/a><\/p>\n<p>        <a href=\"https:\/\/visao.pt\/visaohistoria\/2025-01-06-um-seculo-de-propaganda-na-visao-historia\/?utm_source=Vis\u00e3o&amp;utm_medium=Gaveta_Multimarca&amp;utm_campaign=Gavetas_Artigos_22\" target=\"_blank\" rel=\"nofollow noopener\"><br \/>\n            <img decoding=\"async\" class=\"attachment-Horizontal size-Horizontal wp-post-image\" alt=\"Um s\u00e9culo de propaganda na VIS\u00c3O Hist\u00f3ria\" loading=\"lazy\" responsive-image=\"1\" bad-src=\"https:\/\/www.europesays.com\/pt\/wp-content\/uploads\/2025\/11\/250103_banner-VH82-1_visao-historia.jpg\" src=\"https:\/\/www.europesays.com\/pt\/wp-content\/uploads\/2025\/11\/250103_banner-VH82-1_visao-historia.jpg\"\/><br \/>\n        <\/a><\/p>\n<p>        <a href=\"https:\/\/visao.pt\/visaohistoria\/2025-01-06-um-seculo-de-propaganda-na-visao-historia\/?utm_source=Vis\u00e3o&amp;utm_medium=Gaveta_Multimarca&amp;utm_campaign=Gavetas_Artigos_22\" target=\"_blank\" class=\"article-block-title\" rel=\"nofollow noopener\"><br \/>\n            Um s\u00e9culo de propaganda na VIS\u00c3O Hist\u00f3ria<br \/>\n        <\/a><\/p>\n<p>        <a href=\"https:\/\/visao.pt\/visaosaude\/2025-09-02-investigadores-conseguem-novas-receitas-para-reprogramar-celulas-que-podem-ajudar-a-combater-o-cancro\/?utm_source=Vis\u00e3o&amp;utm_medium=Gaveta_Multimarca&amp;utm_campaign=Gavetas_Artigos_22\" target=\"_blank\" rel=\"nofollow noopener\"><br \/>\n            <img decoding=\"async\" class=\"attachment-Horizontal size-Horizontal wp-post-image\" alt=\"Investigadores conseguem novas \" receitas=\"\" para=\"\" reprogramar=\"\" c=\"\" que=\"\" podem=\"\" ajudar=\"\" a=\"\" combater=\"\" o=\"\" cancro=\"\" loading=\"lazy\" responsive-image=\"1\" bad-src=\"https:\/\/www.europesays.com\/pt\/wp-content\/uploads\/2025\/09\/240517_cancro-600x315.jpg\" src=\"https:\/\/www.europesays.com\/pt\/wp-content\/uploads\/2025\/09\/240517_cancro-600x315.jpg\"\/><br \/>\n        <\/a><\/p>\n<p>        <a href=\"https:\/\/visao.pt\/visaosaude\/2025-09-02-investigadores-conseguem-novas-receitas-para-reprogramar-celulas-que-podem-ajudar-a-combater-o-cancro\/?utm_source=Vis\u00e3o&amp;utm_medium=Gaveta_Multimarca&amp;utm_campaign=Gavetas_Artigos_22\" target=\"_blank\" class=\"article-block-title\" rel=\"nofollow noopener\"><br \/>\n            Investigadores conseguem novas &#8220;receitas&#8221; para reprogramar c\u00e9lulas que podem ajudar a combater o cancro<br \/>\n        <\/a><\/p>\n<p>        <a href=\"https:\/\/holofote.pt\/famosos\/2023-01-13-barbara-branco-e-jose-condessa-em-cenas-eroticas-em-o-crime-do-padre-amaro\/?utm_source=Vis\u00e3o&amp;utm_medium=Gaveta_Multimarca&amp;utm_campaign=Gavetas_Artigos_22\" target=\"_blank\" rel=\"nofollow noopener\"><br \/>\n            <img decoding=\"async\" class=\"attachment-Horizontal size-Horizontal wp-post-image\" alt=\"B\u00e1rbara Branco e Jos\u00e9 Condessa em cenas er\u00f3ticas em \" o=\"\" crime=\"\" do=\"\" padre=\"\" amaro=\"\" loading=\"lazy\" responsive-image=\"1\" bad-src=\"https:\/\/www.europesays.com\/pt\/wp-content\/uploads\/2025\/12\/230110_FotoJet-2_wm.jpg\" src=\"https:\/\/www.europesays.com\/pt\/wp-content\/uploads\/2025\/12\/230110_FotoJet-2_wm.jpg\"\/><br \/>\n        <\/a><\/p>\n<p>        <a href=\"https:\/\/holofote.pt\/famosos\/2023-01-13-barbara-branco-e-jose-condessa-em-cenas-eroticas-em-o-crime-do-padre-amaro\/?utm_source=Vis\u00e3o&amp;utm_medium=Gaveta_Multimarca&amp;utm_campaign=Gavetas_Artigos_22\" target=\"_blank\" class=\"article-block-title\" rel=\"nofollow noopener\"><br \/>\n            B\u00e1rbara Branco e Jos\u00e9 Condessa em cenas er\u00f3ticas em &#8220;O Crime do Padre Amaro&#8221;<br \/>\n        <\/a><\/p>\n<p>        <a href=\"https:\/\/visao.pt\/exame\/2025-06-11-e-se-os-refugiados-do-clima-formos-nos\/?utm_source=Vis\u00e3o&amp;utm_medium=Gaveta_Multimarca&amp;utm_campaign=Gavetas_Artigos_22\" target=\"_blank\" rel=\"nofollow noopener\"><br \/>\n            <img decoding=\"async\" class=\"attachment-Horizontal size-Horizontal wp-post-image\" alt=\"E se os refugiados do clima formos n\u00f3s?\" loading=\"lazy\" responsive-image=\"1\" bad-src=\"https:\/\/www.europesays.com\/pt\/wp-content\/uploads\/2025\/09\/250610_DOC.20241031.43833477.11694689_exame.jpg\" src=\"https:\/\/www.europesays.com\/pt\/wp-content\/uploads\/2025\/09\/250610_DOC.20241031.43833477.11694689_exame.jpg\"\/><br \/>\n        <\/a><\/p>\n<p>        <a href=\"https:\/\/visao.pt\/exame\/2025-06-11-e-se-os-refugiados-do-clima-formos-nos\/?utm_source=Vis\u00e3o&amp;utm_medium=Gaveta_Multimarca&amp;utm_campaign=Gavetas_Artigos_22\" target=\"_blank\" class=\"article-block-title\" rel=\"nofollow noopener\"><br \/>\n            E se os refugiados do clima formos n\u00f3s?<br \/>\n        <\/a><\/p>\n<p>        <a href=\"https:\/\/visao.pt\/exameinformatica\/2025-07-11-indeed-e-glassdoor-vao-despedir-1300-trabalhadores\/?utm_source=Vis\u00e3o&amp;utm_medium=Gaveta_Multimarca&amp;utm_campaign=Gavetas_Artigos_22\" target=\"_blank\" rel=\"nofollow noopener\"><br \/>\n            <img decoding=\"async\" class=\"attachment-Horizontal size-Horizontal wp-post-image\" alt=\"Indeed e Glassdoor v\u00e3o despedir 1300 trabalhadores\" loading=\"lazy\" responsive-image=\"1\" bad-src=\"https:\/\/www.europesays.com\/pt\/wp-content\/uploads\/2025\/09\/230206_tecnologia_exame-informatica.jpg\" src=\"https:\/\/www.europesays.com\/pt\/wp-content\/uploads\/2025\/09\/230206_tecnologia_exame-informatica.jpg\"\/><br \/>\n        <\/a><\/p>\n<p>        <a href=\"https:\/\/visao.pt\/exameinformatica\/2025-07-11-indeed-e-glassdoor-vao-despedir-1300-trabalhadores\/?utm_source=Vis\u00e3o&amp;utm_medium=Gaveta_Multimarca&amp;utm_campaign=Gavetas_Artigos_22\" target=\"_blank\" class=\"article-block-title\" rel=\"nofollow noopener\"><br \/>\n            Indeed e Glassdoor v\u00e3o despedir 1300 trabalhadores<br \/>\n        <\/a><\/p>\n<p>        <a href=\"https:\/\/visao.pt\/visaose7e\/2025-12-02-peregrinacao-vinica-nem-douro-nem-beira-e-meda\/?utm_source=Vis\u00e3o&amp;utm_medium=Gaveta_Multimarca&amp;utm_campaign=Gavetas_Artigos_22\" target=\"_blank\" rel=\"nofollow noopener\"><br \/>\n            <img decoding=\"async\" class=\"attachment-Horizontal size-Horizontal wp-post-image\" alt=\"Peregrina\u00e7\u00e3o v\u00ednica. Nem Douro nem Beira, \u00e9 Meda!\" loading=\"lazy\" responsive-image=\"1\" bad-src=\"https:\/\/www.europesays.com\/pt\/wp-content\/uploads\/2025\/12\/251202_meda_se7e.jpg\" src=\"https:\/\/www.europesays.com\/pt\/wp-content\/uploads\/2025\/12\/251202_meda_se7e.jpg\"\/><br \/>\n        <\/a><\/p>\n<p>        <a href=\"https:\/\/visao.pt\/visaose7e\/2025-12-02-peregrinacao-vinica-nem-douro-nem-beira-e-meda\/?utm_source=Vis\u00e3o&amp;utm_medium=Gaveta_Multimarca&amp;utm_campaign=Gavetas_Artigos_22\" target=\"_blank\" class=\"article-block-title\" rel=\"nofollow noopener\"><br \/>\n            Peregrina\u00e7\u00e3o v\u00ednica. Nem Douro nem Beira, \u00e9 Meda!<br \/>\n        <\/a><\/p>\n<p>        <a href=\"https:\/\/visao.pt\/atualidade\/50-anos-do-25-de-abril\/2024-04-25-salgueiro-maia-o-heroi-a-contragosto\/?utm_source=Vis\u00e3o&amp;utm_medium=Gaveta_Multimarca&amp;utm_campaign=Gavetas_Artigos_22\" target=\"_blank\" rel=\"nofollow noopener\"><br \/>\n            <img decoding=\"async\" class=\"attachment-Horizontal size-Horizontal wp-post-image\" alt=\"Salgueiro Maia, o her\u00f3i a contragosto\" loading=\"lazy\" responsive-image=\"1\" bad-src=\"https:\/\/www.europesays.com\/pt\/wp-content\/uploads\/2025\/12\/perfil-de-salgueiro-maia-heroi-a-contragosto-2_wm.jpeg\" src=\"https:\/\/www.europesays.com\/pt\/wp-content\/uploads\/2025\/12\/perfil-de-salgueiro-maia-heroi-a-contragosto-2_wm.jpeg\"\/><br \/>\n        <\/a><\/p>\n<p>        <a href=\"https:\/\/visao.pt\/atualidade\/50-anos-do-25-de-abril\/2024-04-25-salgueiro-maia-o-heroi-a-contragosto\/?utm_source=Vis\u00e3o&amp;utm_medium=Gaveta_Multimarca&amp;utm_campaign=Gavetas_Artigos_22\" target=\"_blank\" class=\"article-block-title\" rel=\"nofollow noopener\"><br \/>\n            Salgueiro Maia, o her\u00f3i a contragosto<br \/>\n        <\/a><\/p>\n<p>        <a href=\"https:\/\/visao.pt\/visaojunior\/revista\/2025-05-24-antonio-casalinho-ninguem-o-para\/?utm_source=Vis\u00e3o&amp;utm_medium=Gaveta_Multimarca&amp;utm_campaign=Gavetas_Artigos_22\" target=\"_blank\" rel=\"nofollow noopener\"><br \/>\n            <img decoding=\"async\" class=\"attachment-Horizontal size-Horizontal wp-post-image\" alt=\"Ant\u00f3nio Casalinho: ningu\u00e9m o p\u00e1ra\" loading=\"lazy\" responsive-image=\"1\" bad-src=\"https:\/\/www.europesays.com\/pt\/wp-content\/uploads\/2025\/12\/250526_GB_00623_visao-junior.jpg\" src=\"https:\/\/www.europesays.com\/pt\/wp-content\/uploads\/2025\/12\/250526_GB_00623_visao-junior.jpg\"\/><br \/>\n        <\/a><\/p>\n<p>        <a href=\"https:\/\/visao.pt\/visaojunior\/revista\/2025-05-24-antonio-casalinho-ninguem-o-para\/?utm_source=Vis\u00e3o&amp;utm_medium=Gaveta_Multimarca&amp;utm_campaign=Gavetas_Artigos_22\" target=\"_blank\" class=\"article-block-title\" rel=\"nofollow noopener\"><br \/>\n            Ant\u00f3nio Casalinho: ningu\u00e9m o p\u00e1ra<br \/>\n        <\/a><\/p>\n<p>        <a href=\"https:\/\/activa.pt\/moda\/2023-11-05-a-colecao-de-festa-da-parfois-promete-fazer-nos-brilhar-como-nunca\/?utm_source=Vis\u00e3o&amp;utm_medium=Gaveta_Multimarca&amp;utm_campaign=Gavetas_Artigos_22\" target=\"_blank\" rel=\"nofollow noopener\"><br \/>\n            <img decoding=\"async\" class=\"attachment-Horizontal size-Horizontal wp-post-image\" alt=\"A cole\u00e7\u00e3o de festa da Parfois promete fazer-nos brilhar como nunca\" loading=\"lazy\" responsive-image=\"1\" bad-src=\"https:\/\/www.europesays.com\/pt\/wp-content\/uploads\/2025\/12\/231103_BB0A8018_wm.jpg\" src=\"https:\/\/www.europesays.com\/pt\/wp-content\/uploads\/2025\/12\/231103_BB0A8018_wm.jpg\"\/><br \/>\n        <\/a><\/p>\n<p>        <a href=\"https:\/\/activa.pt\/moda\/2023-11-05-a-colecao-de-festa-da-parfois-promete-fazer-nos-brilhar-como-nunca\/?utm_source=Vis\u00e3o&amp;utm_medium=Gaveta_Multimarca&amp;utm_campaign=Gavetas_Artigos_22\" target=\"_blank\" class=\"article-block-title\" rel=\"nofollow noopener\"><br \/>\n            A cole\u00e7\u00e3o de festa da Parfois promete fazer-nos brilhar como nunca<br \/>\n        <\/a><\/p>\n<p>        <a href=\"https:\/\/visao.pt\/atualidade\/sociedade\/2025-08-03-reportagem-na-selva-magica-da-amazonia\/?utm_source=Vis\u00e3o&amp;utm_medium=Gaveta_Multimarca&amp;utm_campaign=Gavetas_Artigos_22\" target=\"_blank\" rel=\"nofollow noopener\"><br \/>\n            <img decoding=\"async\" class=\"attachment-Horizontal size-Horizontal wp-post-image\" alt=\"Reportagem na selva m\u00e1gica da Amaz\u00f3nia\" loading=\"lazy\" responsive-image=\"1\" bad-src=\"https:\/\/www.europesays.com\/pt\/wp-content\/uploads\/2025\/11\/250731_dreamstime_142245441_wm.jpg\" src=\"https:\/\/www.europesays.com\/pt\/wp-content\/uploads\/2025\/11\/250731_dreamstime_142245441_wm.jpg\"\/><br \/>\n        <\/a><\/p>\n<p>        <a href=\"https:\/\/visao.pt\/atualidade\/sociedade\/2025-08-03-reportagem-na-selva-magica-da-amazonia\/?utm_source=Vis\u00e3o&amp;utm_medium=Gaveta_Multimarca&amp;utm_campaign=Gavetas_Artigos_22\" target=\"_blank\" class=\"article-block-title\" rel=\"nofollow noopener\"><br \/>\n            Reportagem na selva m\u00e1gica da Amaz\u00f3nia<br \/>\n        <\/a><\/p>\n<p>        <a href=\"https:\/\/visao.pt\/exame\/opiniao-exame\/2025-06-18-o-futuro-da-energia-e-agora\/?utm_source=Vis\u00e3o&amp;utm_medium=Gaveta_Multimarca&amp;utm_campaign=Gavetas_Artigos_22\" target=\"_blank\" rel=\"nofollow noopener\"><br \/>\n            <img decoding=\"async\" class=\"attachment-Horizontal size-Horizontal wp-post-image\" alt=\"O futuro da energia \u00e9 agora\" loading=\"lazy\" responsive-image=\"1\" bad-src=\"https:\/\/www.europesays.com\/pt\/wp-content\/uploads\/2025\/11\/240717_cloud-storage-background-remixed-from-public-domain-by-nasa_wm.jpg\" src=\"https:\/\/www.europesays.com\/pt\/wp-content\/uploads\/2025\/11\/240717_cloud-storage-background-remixed-from-public-domain-by-nasa_wm.jpg\"\/><br \/>\n        <\/a><\/p>\n<p>        <a href=\"https:\/\/visao.pt\/exame\/opiniao-exame\/2025-06-18-o-futuro-da-energia-e-agora\/?utm_source=Vis\u00e3o&amp;utm_medium=Gaveta_Multimarca&amp;utm_campaign=Gavetas_Artigos_22\" target=\"_blank\" class=\"article-block-title\" rel=\"nofollow noopener\"><br \/>\n            O futuro da energia \u00e9 agora<br \/>\n        <\/a><\/p>\n<p>        <a href=\"https:\/\/caras.pt\/famosos\/2025-09-29-em-noite-de-glamour-saiba-quem-foram-os-casais-que-marcaram-presenca-nesta-edicao-dos-globos-de-ouro-2\/?utm_source=Vis\u00e3o&amp;utm_medium=Gaveta_Multimarca&amp;utm_campaign=Gavetas_Artigos_22\" target=\"_blank\" rel=\"nofollow noopener\"><br \/>\n            <img decoding=\"async\" class=\"attachment-Horizontal size-Horizontal wp-post-image\" alt=\"Em noite de glamour, saiba quem foram os casais que marcaram presen\u00e7a nesta edi\u00e7\u00e3o dos Globos de Ouro\" loading=\"lazy\" responsive-image=\"1\" bad-src=\"https:\/\/www.europesays.com\/pt\/wp-content\/uploads\/2025\/12\/250929_Untitled-2_wm.jpg\" src=\"https:\/\/www.europesays.com\/pt\/wp-content\/uploads\/2025\/12\/250929_Untitled-2_wm.jpg\"\/><br \/>\n        <\/a><\/p>\n<p>        <a href=\"https:\/\/caras.pt\/famosos\/2025-09-29-em-noite-de-glamour-saiba-quem-foram-os-casais-que-marcaram-presenca-nesta-edicao-dos-globos-de-ouro-2\/?utm_source=Vis\u00e3o&amp;utm_medium=Gaveta_Multimarca&amp;utm_campaign=Gavetas_Artigos_22\" target=\"_blank\" class=\"article-block-title\" rel=\"nofollow noopener\"><br \/>\n            Em noite de glamour, saiba quem foram os casais que marcaram presen\u00e7a nesta edi\u00e7\u00e3o dos Globos de Ouro<br \/>\n        <\/a><\/p>\n<p>        <a href=\"https:\/\/visao.pt\/atualidade\/50-anos-do-25-de-abril\/2024-04-25-sede-da-pide-o-ultimo-bastiao-do-estado-novo\/?utm_source=Vis\u00e3o&amp;utm_medium=Gaveta_Multimarca&amp;utm_campaign=Gavetas_Artigos_22\" target=\"_blank\" rel=\"nofollow noopener\"><br \/>\n            <img decoding=\"async\" class=\"attachment-Horizontal size-Horizontal wp-post-image\" alt=\"Sede da PIDE, o \u00faltimo basti\u00e3o do Estado Novo\" loading=\"lazy\" responsive-image=\"1\" bad-src=\"https:\/\/www.europesays.com\/pt\/wp-content\/uploads\/2025\/11\/240424_sede-da-pide-original_wm.jpg\" src=\"https:\/\/www.europesays.com\/pt\/wp-content\/uploads\/2025\/11\/240424_sede-da-pide-original_wm.jpg\"\/><br \/>\n        <\/a><\/p>\n<p>        <a href=\"https:\/\/visao.pt\/atualidade\/50-anos-do-25-de-abril\/2024-04-25-sede-da-pide-o-ultimo-bastiao-do-estado-novo\/?utm_source=Vis\u00e3o&amp;utm_medium=Gaveta_Multimarca&amp;utm_campaign=Gavetas_Artigos_22\" target=\"_blank\" class=\"article-block-title\" rel=\"nofollow noopener\"><br \/>\n            Sede da PIDE, o \u00faltimo basti\u00e3o do Estado Novo<br \/>\n        <\/a><\/p>\n<p>        <a href=\"https:\/\/activa.pt\/moda\/2024-02-26-elisabetta-franchi-eterniza-estetica-tomboy-em-milao\/?utm_source=Vis\u00e3o&amp;utm_medium=Gaveta_Multimarca&amp;utm_campaign=Gavetas_Artigos_22\" target=\"_blank\" rel=\"nofollow noopener\"><br \/>\n            <img decoding=\"async\" class=\"attachment-Horizontal size-Horizontal wp-post-image\" alt=\"Elisabetta Franchi eterniza est\u00e9tica \" tomboy=\"\" em=\"\" mil=\"\" loading=\"lazy\" responsive-image=\"1\" bad-src=\"https:\/\/www.europesays.com\/pt\/wp-content\/uploads\/2025\/12\/240226_EF_fw24_LW_004_wm.jpg\" src=\"https:\/\/www.europesays.com\/pt\/wp-content\/uploads\/2025\/12\/240226_EF_fw24_LW_004_wm.jpg\"\/><br \/>\n        <\/a><\/p>\n<p>        <a href=\"https:\/\/activa.pt\/moda\/2024-02-26-elisabetta-franchi-eterniza-estetica-tomboy-em-milao\/?utm_source=Vis\u00e3o&amp;utm_medium=Gaveta_Multimarca&amp;utm_campaign=Gavetas_Artigos_22\" target=\"_blank\" class=\"article-block-title\" rel=\"nofollow noopener\"><br \/>\n            Elisabetta Franchi eterniza est\u00e9tica &#8220;tomboy&#8221; em Mil\u00e3o<br \/>\n        <\/a><\/p>\n<p>        <a href=\"https:\/\/visao.pt\/volt\/2025-06-04-carregamentos-na-rede-mobi-e-passam-pela-primeira-vez-os-700-000-num-mes-so\/?utm_source=Vis\u00e3o&amp;utm_medium=Gaveta_Multimarca&amp;utm_campaign=Gavetas_Artigos_22\" target=\"_blank\" rel=\"nofollow noopener\"><br \/>\n            <img decoding=\"async\" class=\"attachment-Horizontal size-Horizontal wp-post-image\" alt=\"Carregamentos na rede Mobi.E passam pela primeira vez os 700 mil num m\u00eas\" loading=\"lazy\" responsive-image=\"1\" bad-src=\"https:\/\/images.trustinnews.pt\/uploads\/sites\/5\/2025\/06\/8240750mobi.e-carregamento-el\u00e9trico-carro-lisboa-portugal-470x330_volt.jpg\" src=\"https:\/\/images.trustinnews.pt\/uploads\/sites\/5\/2025\/06\/8240750mobi.e-carregamento-el\u00e9trico-carro-lisboa-portugal-470x330_volt.jpg\"\/><br \/>\n        <\/a><\/p>\n<p>        <a href=\"https:\/\/visao.pt\/volt\/2025-06-04-carregamentos-na-rede-mobi-e-passam-pela-primeira-vez-os-700-000-num-mes-so\/?utm_source=Vis\u00e3o&amp;utm_medium=Gaveta_Multimarca&amp;utm_campaign=Gavetas_Artigos_22\" target=\"_blank\" class=\"article-block-title\" rel=\"nofollow noopener\"><br \/>\n            Carregamentos na rede Mobi.E passam pela primeira vez os 700 mil num m\u00eas<br \/>\n        <\/a><\/p>\n<p>        <a href=\"https:\/\/visao.pt\/jornaldeletras\/cinema\/2025-04-30-tudo-isto-e-cinema\/?utm_source=Vis\u00e3o&amp;utm_medium=Gaveta_Multimarca&amp;utm_campaign=Gavetas_Artigos_22\" target=\"_blank\" rel=\"nofollow noopener\"><br \/>\n            <img decoding=\"async\" class=\"attachment-Horizontal size-Horizontal wp-post-image\" alt=\"Tudo isto \u00e9 cinema\" loading=\"lazy\" responsive-image=\"1\" bad-src=\"https:\/\/www.europesays.com\/pt\/wp-content\/uploads\/2025\/09\/250429_indie3_jornal-de-letras.jpg\" src=\"https:\/\/www.europesays.com\/pt\/wp-content\/uploads\/2025\/09\/250429_indie3_jornal-de-letras.jpg\"\/><br \/>\n        <\/a><\/p>\n<p>        <a href=\"https:\/\/visao.pt\/visaose7e\/2025-12-07-havemos-de-ir-a-viana-a-do-alentejo\/?utm_source=Vis\u00e3o&amp;utm_medium=Gaveta_Multimarca&amp;utm_campaign=Gavetas_Artigos_22\" target=\"_blank\" rel=\"nofollow noopener\"><br \/>\n            <img decoding=\"async\" class=\"attachment-Horizontal size-Horizontal wp-post-image\" alt=\"Havemos de ir a Viana, \u00e0 do Alentejo\" loading=\"lazy\" responsive-image=\"1\" bad-src=\"https:\/\/www.europesays.com\/pt\/wp-content\/uploads\/2025\/12\/251202_IMG_3305_se7e.jpg\" src=\"https:\/\/www.europesays.com\/pt\/wp-content\/uploads\/2025\/12\/251202_IMG_3305_se7e.jpg\"\/><br \/>\n        <\/a><\/p>\n<p>        <a href=\"https:\/\/visao.pt\/visaose7e\/2025-12-07-havemos-de-ir-a-viana-a-do-alentejo\/?utm_source=Vis\u00e3o&amp;utm_medium=Gaveta_Multimarca&amp;utm_campaign=Gavetas_Artigos_22\" target=\"_blank\" class=\"article-block-title\" rel=\"nofollow noopener\"><br \/>\n            Havemos de ir a Viana, \u00e0 do Alentejo<br \/>\n        <\/a><\/p>\n<p>        <a href=\"https:\/\/visao.pt\/anossaprima\/2024-03-28-um-novo-estudio-em-lisboa-para-jantares-showcookings-apresentacoes-de-marcas-todo-decorado-em-portugues\/?utm_source=Vis\u00e3o&amp;utm_medium=Gaveta_Multimarca&amp;utm_campaign=Gavetas_Artigos_22\" target=\"_blank\" rel=\"nofollow noopener\"><br \/>\n            <img decoding=\"async\" class=\"attachment-Horizontal size-Horizontal wp-post-image\" alt=\"Um novo est\u00fadio em Lisboa para jantares, showcookings, apresenta\u00e7\u00f5es de marcas, todo decorado em portugu\u00eas\" loading=\"lazy\" responsive-image=\"1\" bad-src=\"https:\/\/www.europesays.com\/pt\/wp-content\/uploads\/2025\/09\/240328_RC35037-S_prima.jpg\" src=\"https:\/\/www.europesays.com\/pt\/wp-content\/uploads\/2025\/09\/240328_RC35037-S_prima.jpg\"\/><br \/>\n        <\/a><\/p>\n<p>        <a href=\"https:\/\/visao.pt\/anossaprima\/2024-03-28-um-novo-estudio-em-lisboa-para-jantares-showcookings-apresentacoes-de-marcas-todo-decorado-em-portugues\/?utm_source=Vis\u00e3o&amp;utm_medium=Gaveta_Multimarca&amp;utm_campaign=Gavetas_Artigos_22\" target=\"_blank\" class=\"article-block-title\" rel=\"nofollow noopener\"><br \/>\n            Um novo est\u00fadio em Lisboa para jantares, showcookings, apresenta\u00e7\u00f5es de marcas, todo decorado em portugu\u00eas<br \/>\n        <\/a><\/p>\n<p>        <a href=\"https:\/\/visao.pt\/visaojunior\/revista\/2025-05-24-parabens-bicharada\/?utm_source=Vis\u00e3o&amp;utm_medium=Gaveta_Multimarca&amp;utm_campaign=Gavetas_Artigos_22\" target=\"_blank\" rel=\"nofollow noopener\"><br \/>\n            <img decoding=\"async\" class=\"attachment-Horizontal size-Horizontal wp-post-image\" alt=\"Parab\u00e9ns, bicharada!\" loading=\"lazy\" responsive-image=\"1\" bad-src=\"https:\/\/www.europesays.com\/pt\/wp-content\/uploads\/2025\/09\/250526_LM-Zoo-Santo-Inacio-9_visao-junior.jpg\" src=\"https:\/\/www.europesays.com\/pt\/wp-content\/uploads\/2025\/09\/250526_LM-Zoo-Santo-Inacio-9_visao-junior.jpg\"\/><br \/>\n        <\/a><\/p>\n<p>        <a href=\"https:\/\/caras.pt\/decoracao\/2025-06-03-da-varanda-ao-jardim-viva-o-exterior-com-a-nova-colecao-jysk\/?utm_source=Vis\u00e3o&amp;utm_medium=Gaveta_Multimarca&amp;utm_campaign=Gavetas_Artigos_22\" target=\"_blank\" rel=\"nofollow noopener\"><br \/>\n            <img decoding=\"async\" class=\"attachment-Horizontal size-Horizontal wp-post-image\" alt=\"Da Varanda ao Jardim: Viva o Exterior com a Nova Cole\u00e7\u00e3o JYSK\" loading=\"lazy\" responsive-image=\"1\" bad-src=\"https:\/\/www.europesays.com\/pt\/wp-content\/uploads\/2025\/09\/250527_Lounge-set-SYLTHOLM-45-lugares-madeira_849E-2_brand_studio.png\" src=\"https:\/\/www.europesays.com\/pt\/wp-content\/uploads\/2025\/09\/250527_Lounge-set-SYLTHOLM-45-lugares-madeira_849E-2_brand_studio.png\"\/><br \/>\n        <\/a><\/p>\n<p>        <a href=\"https:\/\/caras.pt\/decoracao\/2025-06-03-da-varanda-ao-jardim-viva-o-exterior-com-a-nova-colecao-jysk\/?utm_source=Vis\u00e3o&amp;utm_medium=Gaveta_Multimarca&amp;utm_campaign=Gavetas_Artigos_22\" target=\"_blank\" class=\"article-block-title\" rel=\"nofollow noopener\"><br \/>\n            Da Varanda ao Jardim: Viva o Exterior com a Nova Cole\u00e7\u00e3o JYSK<br \/>\n        <\/a><\/p>\n<p>        <a href=\"https:\/\/caras.pt\/famosos\/2025-09-30-stella-mccartney-designer-distinguida-na-nat-gala\/?utm_source=Vis\u00e3o&amp;utm_medium=Gaveta_Multimarca&amp;utm_campaign=Gavetas_Artigos_22\" target=\"_blank\" rel=\"nofollow noopener\"><br \/>\n            <img decoding=\"async\" class=\"attachment-Horizontal size-Horizontal wp-post-image\" alt=\"Stella McCartney: designer distinguida na Nat Gala\" loading=\"lazy\" responsive-image=\"1\" bad-src=\"https:\/\/www.europesays.com\/pt\/wp-content\/uploads\/2025\/11\/250930_stellamccartney_1758568739_3727467205882556515_9097967_wm.jpg\" src=\"https:\/\/www.europesays.com\/pt\/wp-content\/uploads\/2025\/11\/250930_stellamccartney_1758568739_3727467205882556515_9097967_wm.jpg\"\/><br \/>\n        <\/a><\/p>\n<p>        <a href=\"https:\/\/caras.pt\/famosos\/2025-09-30-stella-mccartney-designer-distinguida-na-nat-gala\/?utm_source=Vis\u00e3o&amp;utm_medium=Gaveta_Multimarca&amp;utm_campaign=Gavetas_Artigos_22\" target=\"_blank\" class=\"article-block-title\" rel=\"nofollow noopener\"><br \/>\n            Stella McCartney: designer distinguida na Nat Gala<br \/>\n        <\/a><\/p>\n<p>        <a href=\"https:\/\/visao.pt\/anossaprima\/expirar\/2024-03-28-pigmentarium-perfumaria-de-nicho-inspirada-na-heranca-cultural-da-republica-checa\/?utm_source=Vis\u00e3o&amp;utm_medium=Gaveta_Multimarca&amp;utm_campaign=Gavetas_Artigos_22\" target=\"_blank\" rel=\"nofollow noopener\"><br \/>\n            <img decoding=\"async\" class=\"attachment-Horizontal size-Horizontal wp-post-image\" alt=\"Pigmentarium: perfumaria de nicho inspirada na heran\u00e7a cultural da Rep\u00fablica Checa\" loading=\"lazy\" responsive-image=\"1\" bad-src=\"https:\/\/images.trustinnews.pt\/uploads\/sites\/5\/2024\/03\/240328_PIGMENTARIUM-NA-BANEMA-STUDIO-\u00a9-MARIANA-MOTA-1-1_prima.jpg\" src=\"https:\/\/images.trustinnews.pt\/uploads\/sites\/5\/2024\/03\/240328_PIGMENTARIUM-NA-BANEMA-STUDIO-\u00a9-MARIANA-MOTA-1-1_prima.jpg\"\/><br \/>\n        <\/a><\/p>\n<p>        <a href=\"https:\/\/visao.pt\/anossaprima\/expirar\/2024-03-28-pigmentarium-perfumaria-de-nicho-inspirada-na-heranca-cultural-da-republica-checa\/?utm_source=Vis\u00e3o&amp;utm_medium=Gaveta_Multimarca&amp;utm_campaign=Gavetas_Artigos_22\" target=\"_blank\" class=\"article-block-title\" rel=\"nofollow noopener\"><br \/>\n            Pigmentarium: perfumaria de nicho inspirada na heran\u00e7a cultural da Rep\u00fablica Checa<br \/>\n        <\/a><\/p>\n","protected":false},"excerpt":{"rendered":"Vis\u00e3o | S\u00e3o os portugueses gente em quem se pode confiar? &#13; &#13; &#13; &#13; &#13; &#13; Mais&hellip;\n","protected":false},"author":2,"featured_media":181168,"comment_status":"","ping_status":"","sticky":false,"template":"","format":"standard","meta":{"footnotes":""},"categories":[84],"tags":[109,107,108,32,33,105,103,104,106,110],"class_list":{"0":"post-181167","1":"post","2":"type-post","3":"status-publish","4":"format-standard","5":"has-post-thumbnail","7":"category-ciencia-e-tecnologia","8":"tag-ciencia","9":"tag-ciencia-e-tecnologia","10":"tag-cienciaetecnologia","11":"tag-portugal","12":"tag-pt","13":"tag-science","14":"tag-science-and-technology","15":"tag-scienceandtechnology","16":"tag-technology","17":"tag-tecnologia"},"share_on_mastodon":{"url":"https:\/\/pubeurope.com\/@pt\/115689036749830545","error":""},"_links":{"self":[{"href":"https:\/\/www.europesays.com\/pt\/wp-json\/wp\/v2\/posts\/181167","targetHints":{"allow":["GET"]}}],"collection":[{"href":"https:\/\/www.europesays.com\/pt\/wp-json\/wp\/v2\/posts"}],"about":[{"href":"https:\/\/www.europesays.com\/pt\/wp-json\/wp\/v2\/types\/post"}],"author":[{"embeddable":true,"href":"https:\/\/www.europesays.com\/pt\/wp-json\/wp\/v2\/users\/2"}],"replies":[{"embeddable":true,"href":"https:\/\/www.europesays.com\/pt\/wp-json\/wp\/v2\/comments?post=181167"}],"version-history":[{"count":0,"href":"https:\/\/www.europesays.com\/pt\/wp-json\/wp\/v2\/posts\/181167\/revisions"}],"wp:featuredmedia":[{"embeddable":true,"href":"https:\/\/www.europesays.com\/pt\/wp-json\/wp\/v2\/media\/181168"}],"wp:attachment":[{"href":"https:\/\/www.europesays.com\/pt\/wp-json\/wp\/v2\/media?parent=181167"}],"wp:term":[{"taxonomy":"category","embeddable":true,"href":"https:\/\/www.europesays.com\/pt\/wp-json\/wp\/v2\/categories?post=181167"},{"taxonomy":"post_tag","embeddable":true,"href":"https:\/\/www.europesays.com\/pt\/wp-json\/wp\/v2\/tags?post=181167"}],"curies":[{"name":"wp","href":"https:\/\/api.w.org\/{rel}","templated":true}]}}