{"id":181169,"date":"2025-12-09T10:02:27","date_gmt":"2025-12-09T10:02:27","guid":{"rendered":"https:\/\/www.europesays.com\/pt\/181169\/"},"modified":"2025-12-09T10:02:27","modified_gmt":"2025-12-09T10:02:27","slug":"comissao-rebate-criticas-de-elon-musk-e-defende-lei-dos-servicos-digitais","status":"publish","type":"post","link":"https:\/\/www.europesays.com\/pt\/181169\/","title":{"rendered":"Comiss\u00e3o rebate cr\u00edticas de Elon Musk e defende Lei dos Servi\u00e7os Digitais"},"content":{"rendered":"<p>A Comiss\u00e3o Europeia rejeitou as \u201cdeclara\u00e7\u00f5es malucas\u201d do empres\u00e1rio norte-americano dono da rede social X, Elon Musk, de que foi visado na multa aplicada \u00e0 plataforma, e da administra\u00e7\u00e3o norte-americana relativamente a um ataque aos Estados Unidos.<\/p>\n<p>\u201cEssas alega\u00e7\u00f5es s\u00e3o simplesmente erradas [\u2026]. N\u00e3o identificamos indiv\u00edduos. Isso n\u00e3o faz sentido e n\u00e3o \u00e9 o que a Comiss\u00e3o est\u00e1 a fazer\u201d, disse o porta-voz do executivo comunit\u00e1rio para a \u00e1rea da Soberania Tecnol\u00f3gica, Thomas Regnier, quando questionado esta sgunda-feira, 8 de dezembro, na confer\u00eancia de imprensa do executivo comunit\u00e1rio, em Bruxelas.<\/p>\n<p> <strong>\u201cEssa decis\u00e3o [a multa] foi dirigida a toda a estrutura corporativa [do X], mas n\u00e3o tem nada a ver com o pr\u00f3prio senhor Elon Musk\u201d.<\/strong><\/p>\n<p>A posi\u00e7\u00e3o surge depois de o empres\u00e1rio norte-americano Elon Musk ter, no fim de semana, demonstrado a sua revolta pela multa num conjunto de publica\u00e7\u00f5es em que pedia a aboli\u00e7\u00e3o da Uni\u00e3o Europeia.<\/p>\n<p><strong>\u201cA soberania [deve] ser devolvida aos pa\u00edses individuais, para que os governos possam representar melhor o seu povo\u201d, escreveu Musk na sua conta no X.<\/strong><\/p>\n<p><strong>\u201cA UE imp\u00f4s esta multa absurda n\u00e3o s\u00f3 \u00e0 [X], mas tamb\u00e9m a mim pessoalmente, o que \u00e9 ainda mais insano\u201d, criticou.<\/strong><\/p>\n<p>J\u00e1 antes, o secret\u00e1rio de Estado dos Estados Unidos, Marco Rubio, tinha criticado a multa, que classificou como um \u201cataque\u201d a Washington \u201cpor parte de governos estrangeiros\u201d.<\/p>\n<p><strong>\u201cA multa [\u2026] da Comiss\u00e3o Europeia n\u00e3o \u00e9 apenas um ataque \u00e0 X: \u00e9 um ataque a todas as plataformas tecnol\u00f3gicas americanas e ao povo americano por parte de governos estrangeiros\u201d, disse Mark Rubio numa mensagem nesta plataforma.<\/strong><\/p>\n<p>Esta segunda-feira, falando em <strong>\u201cdeclara\u00e7\u00f5es malucas\u201d<\/strong>, o porta-voz do executivo comunit\u00e1rio para a \u00e1rea da Soberania Tecnol\u00f3gica disse ainda que <strong>a lei comunit\u00e1ria \u201cse aplica da mesma forma a todas as plataformas na UE, tanto \u00e0s chinesas como \u00e0s americanas ou europeias\u201d.<\/strong><\/p>\n<p>Na passada sexta-feira, a Comiss\u00e3o Europeia multou a rede social X em 120 milh\u00f5es de euros por violar a lei comunit\u00e1ria com uma enganosa marca de verifica\u00e7\u00e3o, falta de transpar\u00eancia na publicidade e dificuldade no acesso de dados aos investigadores.<\/p>\n","protected":false},"excerpt":{"rendered":"A Comiss\u00e3o Europeia rejeitou as \u201cdeclara\u00e7\u00f5es malucas\u201d do empres\u00e1rio norte-americano dono da rede social X, Elon Musk, de&hellip;\n","protected":false},"author":2,"featured_media":181170,"comment_status":"","ping_status":"","sticky":false,"template":"","format":"standard","meta":{"footnotes":""},"categories":[83],"tags":[88,1834,89,584,90,6203,32,33,3664,2739],"class_list":{"0":"post-181169","1":"post","2":"type-post","3":"status-publish","4":"format-standard","5":"has-post-thumbnail","7":"category-empresas","8":"tag-business","9":"tag-comissao-europeia","10":"tag-economy","11":"tag-elon-musk","12":"tag-empresas","13":"tag-multa","14":"tag-portugal","15":"tag-pt","16":"tag-twitter","17":"tag-x"},"share_on_mastodon":{"url":"https:\/\/pubeurope.com\/@pt\/115689038984106656","error":""},"_links":{"self":[{"href":"https:\/\/www.europesays.com\/pt\/wp-json\/wp\/v2\/posts\/181169","targetHints":{"allow":["GET"]}}],"collection":[{"href":"https:\/\/www.europesays.com\/pt\/wp-json\/wp\/v2\/posts"}],"about":[{"href":"https:\/\/www.europesays.com\/pt\/wp-json\/wp\/v2\/types\/post"}],"author":[{"embeddable":true,"href":"https:\/\/www.europesays.com\/pt\/wp-json\/wp\/v2\/users\/2"}],"replies":[{"embeddable":true,"href":"https:\/\/www.europesays.com\/pt\/wp-json\/wp\/v2\/comments?post=181169"}],"version-history":[{"count":0,"href":"https:\/\/www.europesays.com\/pt\/wp-json\/wp\/v2\/posts\/181169\/revisions"}],"wp:featuredmedia":[{"embeddable":true,"href":"https:\/\/www.europesays.com\/pt\/wp-json\/wp\/v2\/media\/181170"}],"wp:attachment":[{"href":"https:\/\/www.europesays.com\/pt\/wp-json\/wp\/v2\/media?parent=181169"}],"wp:term":[{"taxonomy":"category","embeddable":true,"href":"https:\/\/www.europesays.com\/pt\/wp-json\/wp\/v2\/categories?post=181169"},{"taxonomy":"post_tag","embeddable":true,"href":"https:\/\/www.europesays.com\/pt\/wp-json\/wp\/v2\/tags?post=181169"}],"curies":[{"name":"wp","href":"https:\/\/api.w.org\/{rel}","templated":true}]}}