{"id":18117,"date":"2025-08-06T09:00:50","date_gmt":"2025-08-06T09:00:50","guid":{"rendered":"https:\/\/www.europesays.com\/pt\/18117\/"},"modified":"2025-08-06T09:00:50","modified_gmt":"2025-08-06T09:00:50","slug":"guerra-na-ucrania-enviado-de-trump-e-esperado-a-meio-da-semana-na-russia","status":"publish","type":"post","link":"https:\/\/www.europesays.com\/pt\/18117\/","title":{"rendered":"Guerra na Ucr\u00e2nia. Enviado de Trump \u00e9 esperado a meio da semana na R\u00fassia"},"content":{"rendered":"<p>A visita de Witkoff ter\u00e1 lugar <b>\u201cpenso que na pr\u00f3xima semana, na quarta ou quinta-feira. Eles querem v\u00ea-lo. Pediram para se reunir. Vamos ver o que acontece&#8221;<\/b>, disse o presidente dos EUA aos jornalistas no domingo \u00e0 noite.<br \/>\n          <img decoding=\"async\" itemprop=\"image\" class=\"img-fluid\"   src=\"https:\/\/www.europesays.com\/pt\/wp-content\/uploads\/2025\/08\/257292df0e030067c34de8e9afb77e72_N.jpg\"\/><\/p>\n<p>&#13;<br \/>\n<b>Donald Trump disse ainda que dois submarinos nucleares<\/b>, cujo envio ordenou na sequ\u00eancia de uma disputa online com o antigo presidente russo Dmitry Medvedev, <b>est\u00e3o agora \u201cna regi\u00e3o\u201d, sem especificar qual deles<\/b>.\u00a0&#13;\n<\/p>\n<p>&#13;<br \/>\nO presidente norte-americano n\u00e3o especificou se se tratava apenas de submarinos de propuls\u00e3o nuclear ou de submarinos equipados com ogivas nucleares. Tamb\u00e9m n\u00e3o deu pormenores sobre os locais exatos da sua instala\u00e7\u00e3o, que s\u00e3o mantidos em segredo pelos militares americanos. <br \/>&#13;\n<\/p>\n<p>&#13;<br \/>\n<b>Esta demonstra\u00e7\u00e3o de for\u00e7a surge numa altura em que, na semana passada, Donald Trump deu \u00e0 R\u00fassia dez dias, ou seja, at\u00e9 \u00e0 pr\u00f3xima sexta-feira, para p\u00f4r fim \u00e0 guerra na Ucr\u00e2nia, sob pena de novas san\u00e7\u00f5es n\u00e3o especificadas.<\/b>&#13;\n<\/p>\n<p>&#13;<br \/>\n&#8220;Haver\u00e1 san\u00e7\u00f5es, mas eles parecem ser bastante bons a evitar san\u00e7\u00f5es. S\u00e3o personagens manhosas e s\u00e3o bastante bons a e evitar san\u00e7\u00f5es. Veremos o que acontece&#8221;, acrescentou Trump&#13;\n<\/p>\n<p>&#13;<br \/>\nQuando questionado sobre se Moscovo poderia fazer alguma coisa para evitar as san\u00e7\u00f5es, Trump respondeu: &#8220;Sim, chegar a um acordo para que as pessoas deixem de morrer&#8221;.&#13;\n<\/p>\n<p>\n<b>Trump afirmou na passada ter\u00e7a-feira que come\u00e7ava nesse dia um ultimato de dez dias que concedia ao seu hom\u00f3logo russo, Vladimir Putin, para chegar a um acordo de paz com a Ucr\u00e2nia.<\/b><\/p>\n<p>&#8220;Dez dias a partir de hoje&#8221;, disse Trump, a bordo do avi\u00e3o presidencial Air Force 1, durante uma conversa com jornalistas, que lhe perguntaram sobre a redu\u00e7\u00e3o do prazo que ele tinha anunciado recentemente.<\/p>\n<p>&#8220;N\u00e3o sei se isso afetar\u00e1 a R\u00fassia, porque \u00e9 evidente que ela quer continuar com a guerra&#8221;, acrescentou.<\/p>\n<p>Trump insistiu que o n\u00famero de mortos resultantes da guerra que Moscovo trava em territ\u00f3rio ucraniano duplicou, e que, por isso, quer que a guerra chegue ao fim o mais rapidamente poss\u00edvel.<br \/>&#13;<br \/>\n<b><br \/>&#13;<br \/>\n<\/b>&#13;\n<\/p>\n<p>&#13;<br \/>\n<b>&#13;<br \/>\nPor sua vez, o Governo russo manifestou-se nessa ter\u00e7a-feira ciente do novo ultimato de Trump, mas acrescentou que a R\u00fassia est\u00e1 disposta a continuar a guerra.\u00a0<\/b>O presidente russo j\u00e1 se encontrou v\u00e1rias vezes com Steve Witkoff em Moscovo, mas os esfor\u00e7os de Donald Trump para restabelecer o di\u00e1logo com o Kremlin n\u00e3o deram frutos.<br \/>&#13;\n<\/p>\n<p>&#13;<br \/>\nPara o Kremlin a desloca\u00e7\u00e3o de Steve Witkoff a Moscovo \u00e9 \u201cimportante e \u00fatil\u201d. &#8220;Estamos sempre contentes por ver Witkoff em Moscovo e estamos sempre satisfeitos por estar em contacto com ele. Acreditamos que estes contactos s\u00e3o importantes, construtivos e \u00fateis&#8221;, afirmou o porta-voz da presid\u00eancia russa, Dmitri Peskov, durante uma confer\u00eancia de imprensa.\u00a0&#13;\n<\/p>\n<p>&#13;<br \/>\nVladimir Putin, que sempre rejeitou os apelos a um cessar-fogo, afirmou na sexta-feira que queria a paz, mas que as suas exig\u00eancias para p\u00f4r fim \u00e0 sua invas\u00e3o lan\u00e7ada em fevereiro de 2022 permaneciam inalteradas.&#13;\n<\/p>\n<p>\n<b>\u201cPrecisamos de uma paz duradoura e est\u00e1vel, assente em bases s\u00f3lidas, que satisfa\u00e7a tanto a R\u00fassia como a Ucr\u00e2nia e garanta a seguran\u00e7a dos dois pa\u00edses\u201d, disse o presidente russo aos jornalistas, antes de acrescentar que \u201cas condi\u00e7\u00f5es permanecem as mesmas, claro\u201d do lado russo.<\/b><\/p>\n<p>Moscovo exige que a Ucr\u00e2nia entregue formalmente quatro regi\u00f5es ucranianas que o ex\u00e9rcito russo controla parcialmente (Donetsk, Lugansk, Zaporizhia e Kherson), bem como a pen\u00ednsula ucraniana da Crimeia, anexada em 2014.<\/p>\n<p>Para al\u00e9m destas anexa\u00e7\u00f5es, o Kremlin quer que Kiev renuncie ao fornecimento de armas ocidentais e \u00e0 ades\u00e3o \u00e0 NATO.<\/p>\n<p><b>Estas condi\u00e7\u00f5es s\u00e3o inaceit\u00e1veis para Kiev<\/b>, que pretende a retirada das tropas russas e garantias de seguran\u00e7a ocidentais, incluindo a continua\u00e7\u00e3o do fornecimento de armas e o destacamento de um contingente europeu. <b>O presidente ucraniano, Volodymyr Zelensky, manifestou em v\u00e1rias ocasi\u00f5es a sua vontade de se encontrar pessoalmente com Vladimir Putin para tentar desbloquear as conversa\u00e7\u00f5es<\/b>, uma proposta que, at\u00e9 \u00e0 data, tem sido rejeitada pelo Kremlin.<br \/>&#13;<br \/>\nMoscovo prossegue com ofensiva militar &#13;\n<\/p>\n<p>&#13;<br \/>\nApesar das press\u00f5es de Washington, a ofensiva russa contra o seu vizinho pr\u00f3-ocidental continua sem parar. <b>Segundo as autoridades militares, um homem morreu e duas mulheres ficaram feridas na segunda-feira de manh\u00e3, na sequ\u00eancia de bombardeamentos russos na regi\u00e3o ucraniana de Kherson (sul).<\/b>&#13;\n<\/p>\n<p>\nNa regi\u00e3o central de Dnipropetrovsk, quatro localidades do distrito de Nikopol foram alvo de ataques de drones e fogo de artilharia, deixando tr\u00eas pessoas feridas, segundo o oficial militar regional Sergei Lyssak, que disse tratar-se de um beb\u00e9 de quatro meses em estado grave e duas mulheres de 40 e 46 anos.<\/p>\n<p>&#13;<br \/>\n<b>Por seu lado, o Minist\u00e9rio russo da Defesa comunicou 61 interce\u00e7\u00f5es de drones ucranianos, incluindo seis sobre a regi\u00e3o de Volgogrado.<\/b><br \/>&#13;\n<\/p>\n<p>&#13;<br \/>\nNo domingo, a Ucr\u00e2nia lan\u00e7ou um ataque com drones que provocou um inc\u00eandio num dep\u00f3sito de petr\u00f3leo em Sochi, a cidade anfitri\u00e3 dos Jogos Ol\u00edmpicos de inverno de 2014, no Mar NegroEsta segunda-feira, um ataque de drones ucranianos provocou um inc\u00eandio na esta\u00e7\u00e3o ferrovi\u00e1ria de Archedatrain na regi\u00e3o de Volgogrado, no sul da R\u00fassia. A ag\u00eancia de not\u00edcias estatal russa TASS informou que v\u00e1rios comboios regionais foram atrasados na \u00e1rea.&#13;\n<\/p>\n<p>\n<b>Kiev anunciou a sua inten\u00e7\u00e3o de intensificar os ataques a\u00e9reos contra a R\u00fassia, em resposta ao aumento dos ataques mortais russos no seu territ\u00f3rio nas \u00faltimas semanas.<\/b><\/p>\n<p>&#13;<br \/>\nZelensky afirmou tamb\u00e9m no domingo que Moscovo e Kiev estavam a preparar uma troca de prisioneiros que permitiria o regresso a casa de 1.200 soldados ucranianos, na sequ\u00eancia de conversa\u00e7\u00f5es com a R\u00fassia em Istambul, em julho.&#13;\n<\/p>\n<p>&#13;<br \/>\nc\/ ag\u00eancias&#13;\n<\/p>\n<p>&#13;<\/p>\n","protected":false},"excerpt":{"rendered":"A visita de Witkoff ter\u00e1 lugar \u201cpenso que na pr\u00f3xima semana, na quarta ou quinta-feira. Eles querem v\u00ea-lo.&hellip;\n","protected":false},"author":2,"featured_media":18118,"comment_status":"","ping_status":"","sticky":false,"template":"","format":"standard","meta":{"footnotes":""},"categories":[50],"tags":[27,28,92,6757,235,15,16,14,25,26,21,22,4617,62,12,13,19,20,23,24,839,6091,17,18,840,29,30,31,2415,6356,63,64,65,3814],"class_list":{"0":"post-18117","1":"post","2":"type-post","3":"status-publish","4":"format-standard","5":"has-post-thumbnail","7":"category-mundo","8":"tag-breaking-news","9":"tag-breakingnews","10":"tag-donald-trump","11":"tag-enviado","12":"tag-estados-unidos","13":"tag-featured-news","14":"tag-featurednews","15":"tag-headlines","16":"tag-latest-news","17":"tag-latestnews","18":"tag-main-news","19":"tag-mainnews","20":"tag-moscovo","21":"tag-mundo","22":"tag-news","23":"tag-noticias","24":"tag-noticias-principais","25":"tag-noticiasprincipais","26":"tag-principais-noticias","27":"tag-principaisnoticias","28":"tag-russia","29":"tag-steve-witkoff","30":"tag-top-stories","31":"tag-topstories","32":"tag-ucrania","33":"tag-ultimas","34":"tag-ultimas-noticias","35":"tag-ultimasnoticias","36":"tag-vladimir-putin","37":"tag-washington","38":"tag-world","39":"tag-world-news","40":"tag-worldnews","41":"tag-zelensky"},"share_on_mastodon":{"url":"","error":""},"_links":{"self":[{"href":"https:\/\/www.europesays.com\/pt\/wp-json\/wp\/v2\/posts\/18117","targetHints":{"allow":["GET"]}}],"collection":[{"href":"https:\/\/www.europesays.com\/pt\/wp-json\/wp\/v2\/posts"}],"about":[{"href":"https:\/\/www.europesays.com\/pt\/wp-json\/wp\/v2\/types\/post"}],"author":[{"embeddable":true,"href":"https:\/\/www.europesays.com\/pt\/wp-json\/wp\/v2\/users\/2"}],"replies":[{"embeddable":true,"href":"https:\/\/www.europesays.com\/pt\/wp-json\/wp\/v2\/comments?post=18117"}],"version-history":[{"count":0,"href":"https:\/\/www.europesays.com\/pt\/wp-json\/wp\/v2\/posts\/18117\/revisions"}],"wp:featuredmedia":[{"embeddable":true,"href":"https:\/\/www.europesays.com\/pt\/wp-json\/wp\/v2\/media\/18118"}],"wp:attachment":[{"href":"https:\/\/www.europesays.com\/pt\/wp-json\/wp\/v2\/media?parent=18117"}],"wp:term":[{"taxonomy":"category","embeddable":true,"href":"https:\/\/www.europesays.com\/pt\/wp-json\/wp\/v2\/categories?post=18117"},{"taxonomy":"post_tag","embeddable":true,"href":"https:\/\/www.europesays.com\/pt\/wp-json\/wp\/v2\/tags?post=18117"}],"curies":[{"name":"wp","href":"https:\/\/api.w.org\/{rel}","templated":true}]}}