{"id":181171,"date":"2025-12-09T10:03:12","date_gmt":"2025-12-09T10:03:12","guid":{"rendered":"https:\/\/www.europesays.com\/pt\/181171\/"},"modified":"2025-12-09T10:03:12","modified_gmt":"2025-12-09T10:03:12","slug":"ex-ministro-cubano-alejandro-gil-condenado-a-prisao-perpetua","status":"publish","type":"post","link":"https:\/\/www.europesays.com\/pt\/181171\/","title":{"rendered":"Ex-ministro cubano Alejandro Gil condenado a pris\u00e3o perp\u00e9tua"},"content":{"rendered":"<p data-remotead-prev-elm=\"true\" data-remotead-elm-id=\"inread\">&#8220;O Tribunal imp\u00f4s-lhe uma pena \u00fanica de pris\u00e3o perp\u00e9tua&#8221; por &#8220;crimes de espionagem&#8221; e &#8220;atos prejudiciais \u00e0 atividade econ\u00f3mica&#8221;, anunciou, num comunicado citado pela ag\u00eancia Frane-Presse, o mais alto tribunal do pa\u00eds, sem dar detalhes sobre os factos.<\/p>\n<p>O ex-ministro de 61 anos, que ocupou o cargo de 2018 a 2024 e \u00e9 conhecido por ser pr\u00f3ximo do presidente Miguel Diaz-Canel, pode recorrer da senten\u00e7a.<\/p>\n","protected":false},"excerpt":{"rendered":"&#8220;O Tribunal imp\u00f4s-lhe uma pena \u00fanica de pris\u00e3o perp\u00e9tua&#8221; por &#8220;crimes de espionagem&#8221; e &#8220;atos prejudiciais \u00e0 atividade&hellip;\n","protected":false},"author":2,"featured_media":181172,"comment_status":"","ping_status":"","sticky":false,"template":"","format":"standard","meta":{"footnotes":""},"categories":[50],"tags":[27,28,2535,1897,15,16,14,25,26,21,22,62,12,13,19,20,23,24,17,18,29,30,31,63,64,65],"class_list":{"0":"post-181171","1":"post","2":"type-post","3":"status-publish","4":"format-standard","5":"has-post-thumbnail","7":"category-mundo","8":"tag-breaking-news","9":"tag-breakingnews","10":"tag-cuba","11":"tag-espionagem","12":"tag-featured-news","13":"tag-featurednews","14":"tag-headlines","15":"tag-latest-news","16":"tag-latestnews","17":"tag-main-news","18":"tag-mainnews","19":"tag-mundo","20":"tag-news","21":"tag-noticias","22":"tag-noticias-principais","23":"tag-noticiasprincipais","24":"tag-principais-noticias","25":"tag-principaisnoticias","26":"tag-top-stories","27":"tag-topstories","28":"tag-ultimas","29":"tag-ultimas-noticias","30":"tag-ultimasnoticias","31":"tag-world","32":"tag-world-news","33":"tag-worldnews"},"share_on_mastodon":{"url":"https:\/\/pubeurope.com\/@pt\/115689042977916835","error":""},"_links":{"self":[{"href":"https:\/\/www.europesays.com\/pt\/wp-json\/wp\/v2\/posts\/181171","targetHints":{"allow":["GET"]}}],"collection":[{"href":"https:\/\/www.europesays.com\/pt\/wp-json\/wp\/v2\/posts"}],"about":[{"href":"https:\/\/www.europesays.com\/pt\/wp-json\/wp\/v2\/types\/post"}],"author":[{"embeddable":true,"href":"https:\/\/www.europesays.com\/pt\/wp-json\/wp\/v2\/users\/2"}],"replies":[{"embeddable":true,"href":"https:\/\/www.europesays.com\/pt\/wp-json\/wp\/v2\/comments?post=181171"}],"version-history":[{"count":0,"href":"https:\/\/www.europesays.com\/pt\/wp-json\/wp\/v2\/posts\/181171\/revisions"}],"wp:featuredmedia":[{"embeddable":true,"href":"https:\/\/www.europesays.com\/pt\/wp-json\/wp\/v2\/media\/181172"}],"wp:attachment":[{"href":"https:\/\/www.europesays.com\/pt\/wp-json\/wp\/v2\/media?parent=181171"}],"wp:term":[{"taxonomy":"category","embeddable":true,"href":"https:\/\/www.europesays.com\/pt\/wp-json\/wp\/v2\/categories?post=181171"},{"taxonomy":"post_tag","embeddable":true,"href":"https:\/\/www.europesays.com\/pt\/wp-json\/wp\/v2\/tags?post=181171"}],"curies":[{"name":"wp","href":"https:\/\/api.w.org\/{rel}","templated":true}]}}