{"id":181175,"date":"2025-12-09T10:09:09","date_gmt":"2025-12-09T10:09:09","guid":{"rendered":"https:\/\/www.europesays.com\/pt\/181175\/"},"modified":"2025-12-09T10:09:09","modified_gmt":"2025-12-09T10:09:09","slug":"terra-forte-homenagem-de-maria-de-fatima-a-vivi-e-manul-deixa-todos-incredulos-novelas","status":"publish","type":"post","link":"https:\/\/www.europesays.com\/pt\/181175\/","title":{"rendered":"Terra\u00a0Forte: Homenagem de Maria de F\u00e1tima a Vivi e Manul deixa todos incr\u00e9dulos &#8211; Novelas"},"content":{"rendered":"<p>Em \u00abTerra\u00a0Forte\u00bb, Maria de F\u00e1tima (Rita Pereira) leva os funcion\u00e1rios at\u00e9 a um mural que est\u00e1 tapado, pedindo de seguida a algu\u00e9m que fosse pr\u00f3ximo de Vivi (Sofia Nicholson) para o destapar. Delfina (Elsa Galv\u00e3o) voluntaria-se, deixando todos pasmos por saberem que elas n\u00e3o se davam bem. Delfina destapa o mural, que tem uma fotografia gigante de Vivi com Manuel (Ant\u00f3nio Capelo). Todos ficam emocionados, exceto Flor, que olha em censura para Sammy.<\/p>\n","protected":false},"excerpt":{"rendered":"Em \u00abTerra\u00a0Forte\u00bb, Maria de F\u00e1tima (Rita Pereira) leva os funcion\u00e1rios at\u00e9 a um mural que est\u00e1 tapado, pedindo&hellip;\n","protected":false},"author":2,"featured_media":181176,"comment_status":"","ping_status":"","sticky":false,"template":"","format":"standard","meta":{"footnotes":""},"categories":[142],"tags":[160,166,114,115,157,167,164,2931,161,158,165,159,32,33,156,18614,163,151,162],"class_list":{"0":"post-181175","1":"post","2":"type-post","3":"status-publish","4":"format-standard","5":"has-post-thumbnail","7":"category-tv","8":"tag-ana-guiomar","9":"tag-cristina-ferreira","10":"tag-entertainment","11":"tag-entretenimento","12":"tag-festa-e-festa","13":"tag-ficcao","14":"tag-jose-fidalgo","15":"tag-novela","16":"tag-novelas","17":"tag-para-sempre","18":"tag-pedro-sousa","19":"tag-pedro-teixeira","20":"tag-portugal","21":"tag-pt","22":"tag-queridos-papas","23":"tag-terra-forte","24":"tag-tiago-teotonio-pereira","25":"tag-tv","26":"tag-tvi"},"share_on_mastodon":{"url":"https:\/\/pubeurope.com\/@pt\/115689066760140064","error":""},"_links":{"self":[{"href":"https:\/\/www.europesays.com\/pt\/wp-json\/wp\/v2\/posts\/181175","targetHints":{"allow":["GET"]}}],"collection":[{"href":"https:\/\/www.europesays.com\/pt\/wp-json\/wp\/v2\/posts"}],"about":[{"href":"https:\/\/www.europesays.com\/pt\/wp-json\/wp\/v2\/types\/post"}],"author":[{"embeddable":true,"href":"https:\/\/www.europesays.com\/pt\/wp-json\/wp\/v2\/users\/2"}],"replies":[{"embeddable":true,"href":"https:\/\/www.europesays.com\/pt\/wp-json\/wp\/v2\/comments?post=181175"}],"version-history":[{"count":0,"href":"https:\/\/www.europesays.com\/pt\/wp-json\/wp\/v2\/posts\/181175\/revisions"}],"wp:featuredmedia":[{"embeddable":true,"href":"https:\/\/www.europesays.com\/pt\/wp-json\/wp\/v2\/media\/181176"}],"wp:attachment":[{"href":"https:\/\/www.europesays.com\/pt\/wp-json\/wp\/v2\/media?parent=181175"}],"wp:term":[{"taxonomy":"category","embeddable":true,"href":"https:\/\/www.europesays.com\/pt\/wp-json\/wp\/v2\/categories?post=181175"},{"taxonomy":"post_tag","embeddable":true,"href":"https:\/\/www.europesays.com\/pt\/wp-json\/wp\/v2\/tags?post=181175"}],"curies":[{"name":"wp","href":"https:\/\/api.w.org\/{rel}","templated":true}]}}