{"id":181186,"date":"2025-12-09T10:20:30","date_gmt":"2025-12-09T10:20:30","guid":{"rendered":"https:\/\/www.europesays.com\/pt\/181186\/"},"modified":"2025-12-09T10:20:30","modified_gmt":"2025-12-09T10:20:30","slug":"justin-bieber-aposta-em-tenis-3d-com-design-semelhante-as-chuteiras","status":"publish","type":"post","link":"https:\/\/www.europesays.com\/pt\/181186\/","title":{"rendered":"Justin Bieber aposta em t\u00eanis 3D com design semelhante \u00e0s chuteiras"},"content":{"rendered":"<p>Assunto constante no mundo da m\u00fasica e no universo da moda, <strong>Justin Bieber segue a empreender e criar<\/strong>. Afinal, n\u00e3o \u00e9 de hoje que o cantor <a href=\"https:\/\/www.instagram.com\/p\/DR5ocQYDMmo\/\" target=\"_blank\" rel=\"noopener nofollow\">revoluciona o mercado<\/a>. Bieber iniciou a carreira art\u00edstica em 2008, ap\u00f3s ser descoberto no YouTube por Scooter Braun \u2014 que viu seus v\u00eddeos cantando covers e apostou no jovem canadense de apenas 14 anos\u00a0 \u2014, e n\u00e3o demorou para que virasse estrela musical e <strong>refer\u00eancia fashion<\/strong>.<\/p>\n<p>Em Atlanta para gravar demos no in\u00edcio da carreira, conheceu Usher, o Rei do R&amp;B,\u00a0 que o ajudou a assinar contratos com a RBMG Records. Bieber lan\u00e7ou, ent\u00e3o, o EP My World (2009) e o hit Baby (2010), consolidando-se como um fen\u00f4meno teen. O artista vem inovando e, recentemente em Shibuya, T\u00f3quio, revelou o mais novo empreendimento de sua label <a href=\"https:\/\/www.instagram.com\/skylrk\/\" target=\"_blank\" rel=\"noopener nofollow\">SKYLRK<\/a>: o <strong>Earth Bender<\/strong>. A pe\u00e7a surge como o primeiro t\u00eanis f\u00edsico da marca, produzido inteiramente em impress\u00e3o 3D.<\/p>\n<p>Vem saber mais!<\/p>\n<p><img loading=\"lazy\" decoding=\"async\" class=\"size-full wp-image-4244876\" src=\"https:\/\/www.europesays.com\/pt\/wp-content\/uploads\/2025\/12\/Skylrk-Earth-Bender-justin-bieber-1-1.jpg\" alt=\"Skylrk Earth-Bender justin bieber - metr\u00f3poles\" width=\"1440\" height=\"1920\" data-description=\"@lilbieber\/Instagram\/Reprodu\u00e7\u00e3o\"  \/>Earth Bender \u00e9 o novo lan\u00e7amento do artista canadense<\/p>\n<p>\u00a0<\/p>\n<p>Justin Bieber na moda<\/p>\n<p>Refer\u00eancia de streetwear, Justin Bieber vem, h\u00e1 quase 20 anos, construindo sua imagem. Adepto de<strong> pe\u00e7as oversized e casacos de moletom<\/strong>, o cantor aposta em cal\u00e7as de cintura extremamente baixa, al\u00e9m do layering com correntes maxi para completar o visual urbano. Paralelamente, Bieber exagera em sobreposi\u00e7\u00f5es, revelando o que h\u00e1 de melhor do grunge. Em 2019, inaugurou a loja pr\u00f3pria <a href=\"https:\/\/www.instagram.com\/drewhouse\/\" target=\"_blank\" rel=\"noopener nofollow\">Drew House<\/a>, lan\u00e7ando pe\u00e7as unissex com estilo casual que logo viralizaram. Poucos anos depois, em abril de 2025, no entanto, rompeu publicamente com a marca, indicando<strong> afastamento por diverg\u00eancias criativas e pessoais<\/strong>, possivelmente ligadas a <strong>sua mais nova label: a SKYLRK<\/strong>.<\/p>\n<p><img loading=\"lazy\" decoding=\"async\" class=\"size-full wp-image-4244875\" src=\"https:\/\/www.europesays.com\/pt\/wp-content\/uploads\/2025\/12\/skylkr-justin-bieber-GettyImages-2240243234.jpg\" alt=\"justin bieber swag - metr\u00f3poles\" width=\"1200\" height=\"1800\" data-description=\"Cassy Athena\/Getty Images\"  \/>Estilo do astro da m\u00fasica e da moda<\/p>\n<p>Priorizando o empreendedorismo e apostando no conforto, Bieber n\u00e3o parou por a\u00ed. Por meio da SKYLRK e em parceria com a empresa de tecnologia alem\u00e3 <strong>Zellerfeld<\/strong>, produziu o novo modelo de <a href=\"https:\/\/www.metropoles.com\/colunas\/ilca-maria-estevao\/em-baixa-sneakers-dao-lugar-a-calcado-classico-e-elegante-saiba-qual\" target=\"_blank\" rel=\"noopener nofollow\">cal\u00e7ados<\/a> que muito se assemelha \u00e0s cl\u00e1ssicas cria\u00e7\u00f5es do futebol. S\u00e3o <strong>t\u00eanis de perfil baixo, com linhas tradicionais<\/strong>, que muito lembram as chuteiras. A impress\u00e3o 3D entra apenas como diferencial t\u00e9cnico.<\/p>\n<p><img loading=\"lazy\" decoding=\"async\" class=\"size-full wp-image-4244846\" src=\"https:\/\/www.europesays.com\/pt\/wp-content\/uploads\/2025\/12\/skylkr-earth-bender-justin-bieber-YukonFenty-2.jpeg\" alt=\"skylkr earth bender justin bieber - metr\u00f3poles\" width=\"1200\" height=\"1500\" data-description=\"@YukonFenty\/X\/Reprodu\u00e7\u00e3o\"  \/>Earth Bender tem design impresso em 3D<\/p>\n<p>\u00a0<\/p>\n<p><img loading=\"lazy\" decoding=\"async\" class=\"size-full wp-image-4244906\" src=\"https:\/\/www.europesays.com\/pt\/wp-content\/uploads\/2025\/12\/6c8b39bf_f59f_4de4_b0c5_bbc72aaa0f2e.jpg\" alt=\"chuteira nike - metr\u00f3poles\" width=\"1200\" height=\"800\" data-description=\"Nike\/Divulga\u00e7\u00e3o\"  \/>Chuteiras inspiraram o design<\/p>\n<p>\u00a0<\/p>\n<p><img loading=\"lazy\" decoding=\"async\" class=\"size-full wp-image-4244842\" src=\"https:\/\/www.europesays.com\/pt\/wp-content\/uploads\/2025\/12\/Skylrk-Earth-Bender-justin-bieber.png\" alt=\"skylkr earth bender justin bieber - metr\u00f3poles\" width=\"2000\" height=\"1333\" data-description=\"@lilbieber\/Instagram\/Reprodu\u00e7\u00e3o\"  \/>Detalhes do sneaker<\/p>\n<p>\u00a0<\/p>\n<p><img loading=\"lazy\" decoding=\"async\" class=\"size-full wp-image-4244840\" src=\"https:\/\/www.europesays.com\/pt\/wp-content\/uploads\/2025\/12\/skylkr-earth-bender-justin-bieber.jpeg\" alt=\"skylkr earth bender justin bieber - metr\u00f3poles\" width=\"1200\" height=\"1499\" data-description=\"@lilbieber\/Instagram\/Reprodu\u00e7\u00e3o\"  \/>Bieber com a novidade<\/p>\n<p>\u00a0<\/p>\n<p><img loading=\"lazy\" decoding=\"async\" class=\"size-full wp-image-4244839\" src=\"https:\/\/www.europesays.com\/pt\/wp-content\/uploads\/2025\/12\/skylkr-earth-bender-justin-bieber-YukonFenty.jpeg\" alt=\"skylkr earth bender justin bieber - metr\u00f3poles\" width=\"1440\" height=\"1918\" data-description=\"@YukonFenty\/X\/Reprodu\u00e7\u00e3o\"  \/>O item foi lan\u00e7ado em T\u00f3quio<\/p>\n<p>\u00a0<\/p>\n<p>Cal\u00e7ados 3D<\/p>\n<p>A tecnologia da impress\u00e3o em 3D n\u00e3o \u00e9 novidade, e a<strong> ousadia dos designs<\/strong> \u00e9 o que faz a diferen\u00e7a para o mercado consumidor. Entre os lan\u00e7amentos mais atuais, labels como a Adidas, que lan\u00e7ou o Climacool 24; a Puma, que fez o 3D Mostro com A$AP Rocky; e a Nike, que apresentou o Air Max 1000, tamb\u00e9m com a Zellerfeld, apostaram em suas pr\u00f3prias vers\u00f5es em 3D.<\/p>\n<p>No quesito criatividade e inova\u00e7\u00e3o, no entanto, \u00e9 o <strong>Yeezy Foam Runner<\/strong>, de Kanye West, lan\u00e7ado em 2020 pela Adidas, que ainda protagoniza no mercado. Pioneiro e vision\u00e1rio, o pol\u00eamico criador foi respons\u00e1vel por dar vida aos <strong>cal\u00e7ados de silhueta esculpida<\/strong>, com recortes ovais em espuma EVA. Tudo em uma abordagem t\u00e3o futurista que parecia nos elevar para outra dimens\u00e3o.<\/p>\n<p><img loading=\"lazy\" decoding=\"async\" class=\"size-full wp-image-4244845\" src=\"https:\/\/www.europesays.com\/pt\/wp-content\/uploads\/2025\/12\/yeezy-foam-runner-justin-bieber-GettyImages-1956020943.jpg\" alt=\"Yeezy Foam runner - metr\u00f3poles\" width=\"1200\" height=\"800\" data-description=\"Jakub Porzycki\/NurPhoto via Getty Images\"  \/>Yeezy Foam Runner, cal\u00e7ado 3D lan\u00e7ado por Kanye West<\/p>\n<p>\u00a0<\/p>\n<p>Enquanto o Yeezy dividiu opini\u00f5es, conquistou cora\u00e7\u00f5es e marcou uma gera\u00e7\u00e3o, tamb\u00e9m decretou, acima de tudo, o rompimento com tudo aquilo que, at\u00e9 ent\u00e3o, era moda. <strong>Ser\u00e1 que veremos Justin Bieber fazer o mesmo<\/strong>? Por ora, Bieber ainda d\u00e1 os \u201cprimeiros passos\u201d, mas, se depender de for\u00e7a de vontade e determina\u00e7\u00e3o do cantor, <strong>a criatividade dele vai longe<\/strong>. Nos resta acompanhar.<\/p>\n<p>Relembre o estilo de Justin Bieber nos primeiros anos de carreira<br \/>\n<img decoding=\"async\" alt=\"Justin Bieber aposta em t\u00eanis 3D com design semelhante \u00e0s chuteiras - destaque galeria\" title=\"Justin Bieber aposta em t\u00eanis 3D com design semelhante \u00e0s chuteiras - destaque galeria\" src=\"https:\/\/www.europesays.com\/pt\/wp-content\/uploads\/2025\/12\/Justin-Bieber-e-Rihanna-swag-GettyImages-96395864.jpg\" loading=\"lazy\"\/><\/p>\n<p>Fechar modal.<\/p>\n<p><img decoding=\"async\" alt=\"Metr\u00f3poles\" width=\"180\" height=\"32\" src=\"https:\/\/www.europesays.com\/pt\/wp-content\/uploads\/2025\/11\/1763474492_44_logo-metropoles-branca.png\" loading=\"lazy\"\/><img data-splide-lazy=\"https:\/\/i.metroimg.com\/8_hucTUvB7X9eZi0LuT04n1VLQXHiGIYri9u2Jw5R-A\/w:1200\/q:85\/f:webp\/plain\/2025\/07\/11151751\/Justin-Bieber-e-Rihanna-swag-GettyImages-96395864.jpg\" alt=\"Justin Bieber em 2010\" title=\"Justin Bieber em 2010\"\/>1 de 5<\/p>\n<p class=\"splide__caption\">Justin Bieber em 2010<\/p>\n<p>Michael Buckner\/WireImage via Getty Images<img data-splide-lazy=\"https:\/\/i.metroimg.com\/23KP9Vovvcbn-E63dHFxTTFLc2uJmrBO45KtL3IciGY\/w:1200\/q:85\/f:webp\/plain\/2025\/07\/11151723\/Justin-Bieber-swag-GettyImages-148454869.jpg\" alt=\"2012\" title=\"2012\"\/>2 de 5<\/p>\n<p class=\"splide__caption\">2012<\/p>\n<p>Don Arnold\/WireImage via Getty Images<img data-splide-lazy=\"https:\/\/i.metroimg.com\/OrzGzK0DvYI-04_7EiafJ8lB3E_Suib2L5XGgoEeR6U\/w:1200\/q:85\/f:webp\/plain\/2025\/07\/11151743\/Justin-Bieber-swag-GettyImages-162793954.jpg\" alt=\"2013\" title=\"2013\"\/>3 de 5<\/p>\n<p class=\"splide__caption\">2013<\/p>\n<p>David Mepham\/FilmMagic via Getty Images<img data-splide-lazy=\"https:\/\/i.metroimg.com\/tTmf8UNLve929bGwX615H9JX2uqsODvVyJAzzAcG-Hg\/w:1200\/q:85\/f:webp\/plain\/2025\/07\/11151736\/Justin-Bieber-swag-GettyImages-162781913.jpg\" alt=\"2013\" title=\"2013\"\/>4 de 5<\/p>\n<p class=\"splide__caption\">2013<\/p>\n<p>Mark Milan\/FilmMagic via Getty Images<img data-splide-lazy=\"https:\/\/i.metroimg.com\/g4p-ebJmvurMf90oWybY4jdoCOuDbq-o5V6Aod1Hhbc\/w:1200\/q:85\/f:webp\/plain\/2025\/07\/11151705\/Justin-Bieber-e-Jay-Z-swag-GettyImages-176687495.jpg\" alt=\"2013\" title=\"2013\"\/>5 de 5<\/p>\n<p class=\"splide__caption\">2013<\/p>\n<p>Olivia Salazar\/FilmMagic via Getty Images<\/p>\n<p class=\"m-bold\">J\u00e1 leu todas as notas e reportagens da coluna hoje? <a href=\"https:\/\/www.metropoles.com\/colunas\/ilca-maria-estevao\" rel=\"nofollow noopener\" target=\"_blank\">Clique aqui<\/a>. Tamb\u00e9m n\u00e3o deixe de conferir as publica\u00e7\u00f5es no <a target=\"_blank\" href=\"https:\/\/www.instagram.com\/ilcamaria.estevao\/\" rel=\"noopener nofollow\">Instagram<\/a>.<\/p>\n<p>                        <script async src=\"\/\/www.instagram.com\/embed.js\"><\/script><\/p>\n","protected":false},"excerpt":{"rendered":"Assunto constante no mundo da m\u00fasica e no universo da moda, Justin Bieber segue a empreender e criar.&hellip;\n","protected":false},"author":2,"featured_media":181187,"comment_status":"","ping_status":"","sticky":false,"template":"","format":"standard","meta":{"footnotes":""},"categories":[145],"tags":[211,210,114,115,32,33],"class_list":{"0":"post-181186","1":"post","2":"type-post","3":"status-publish","4":"format-standard","5":"has-post-thumbnail","7":"category-celebridades","8":"tag-celebridades","9":"tag-celebrities","10":"tag-entertainment","11":"tag-entretenimento","12":"tag-portugal","13":"tag-pt"},"share_on_mastodon":{"url":"https:\/\/pubeurope.com\/@pt\/115689110155719220","error":""},"_links":{"self":[{"href":"https:\/\/www.europesays.com\/pt\/wp-json\/wp\/v2\/posts\/181186","targetHints":{"allow":["GET"]}}],"collection":[{"href":"https:\/\/www.europesays.com\/pt\/wp-json\/wp\/v2\/posts"}],"about":[{"href":"https:\/\/www.europesays.com\/pt\/wp-json\/wp\/v2\/types\/post"}],"author":[{"embeddable":true,"href":"https:\/\/www.europesays.com\/pt\/wp-json\/wp\/v2\/users\/2"}],"replies":[{"embeddable":true,"href":"https:\/\/www.europesays.com\/pt\/wp-json\/wp\/v2\/comments?post=181186"}],"version-history":[{"count":0,"href":"https:\/\/www.europesays.com\/pt\/wp-json\/wp\/v2\/posts\/181186\/revisions"}],"wp:featuredmedia":[{"embeddable":true,"href":"https:\/\/www.europesays.com\/pt\/wp-json\/wp\/v2\/media\/181187"}],"wp:attachment":[{"href":"https:\/\/www.europesays.com\/pt\/wp-json\/wp\/v2\/media?parent=181186"}],"wp:term":[{"taxonomy":"category","embeddable":true,"href":"https:\/\/www.europesays.com\/pt\/wp-json\/wp\/v2\/categories?post=181186"},{"taxonomy":"post_tag","embeddable":true,"href":"https:\/\/www.europesays.com\/pt\/wp-json\/wp\/v2\/tags?post=181186"}],"curies":[{"name":"wp","href":"https:\/\/api.w.org\/{rel}","templated":true}]}}