{"id":181188,"date":"2025-12-09T10:23:20","date_gmt":"2025-12-09T10:23:20","guid":{"rendered":"https:\/\/www.europesays.com\/pt\/181188\/"},"modified":"2025-12-09T10:23:20","modified_gmt":"2025-12-09T10:23:20","slug":"bomba-liliana-assume-que-o-segredo-de-pedro-jorge-esta-relacionado-com-marisa-tvi","status":"publish","type":"post","link":"https:\/\/www.europesays.com\/pt\/181188\/","title":{"rendered":"Bomba: Liliana assume que o segredo de Pedro Jorge est\u00e1 relacionado com Marisa &#8211; TVI"},"content":{"rendered":"<ol>\n<li><a href=\"https:\/\/news.google.com\/rss\/articles\/CBMi1wFBVV95cUxPSktIOHBQZUdjaFBCa0N1YTdqSWxRbGd4UXNSMmxKUTVXYVprZlNVTXdBdVBDNWFmSHRpeHpKc2NGbjdIUXpoNWtENFRtN3I0R2FFdlVGb2gxdWo1UmE0bzlDdlpWM3MyOG4zaUFrTF9WVWJCTTJaT0RVV3pCcHdLZFZuemQ5aGdXbmF0aGZVaWt4dy1uQUUzRjJRdVoybWV3Y29rNjRndDRNanB4Tk1wN3V1U2hLd3ZveDcyVUpzd0pXZ1gtdnBhNEE1RThNZVFjWUs4TG1sTQ?oc=5\" target=\"_blank\" rel=\"nofollow noopener\">Bomba: Liliana assume que o segredo de Pedro Jorge est\u00e1 relacionado com Marisa<\/a>&nbsp;&nbsp;TVI<\/li>\n<li><a href=\"https:\/\/news.google.com\/rss\/articles\/CBMiowFBVV95cUxOREl3QzQwR1JBakpSMGlYM0FTeUZkcFNIOW9nZ2lWX29TNGhmOU13VG5LQkVfLUVIY0syT2hkQmw0UHNuci1aVWlUM3c2R2hFNG1IeDZXYzdPejJvQ1RIRUsyRzNMMUFMRURYcGtMekpGY0VyQmc2em11bzREUUxRWlhVZ1ZVUGZxR1pqRFdjVHREY3lFNlJVZ1lTdHdIeE53Qnp3?oc=5\" target=\"_blank\" rel=\"nofollow noopener\">Marisa e Pedro Jorge em atrito por causa da \u201csogra\u201d? \u201cPara estar com os teus filhos\u2026\u201d<\/a>&nbsp;&nbsp;Hiper Fm<\/li>\n<li><a href=\"https:\/\/news.google.com\/rss\/articles\/CBMivAFBVV95cUxQdFFSdEEyQVBaVHNqX0lTZURZeTNqNzhyNlY4OE9maXFHaHd5RVRWakxTY1hJQkxFZF9BNkVNcWE0RE9GOF9UM05TeV9ZeU5SZkJzMVphektlRFI0ZVRVWGozMnlMWFNISlFVWTJienEzQWpRYjVGNVdUcDdySE5qYUg1WGFVOHpnRk1jU1ZVOEFxRVROTG1CMjFwQnpkd2ZRZXprOFROLXUyTWw0dUpmR2IyNmNkcWlDSkw3MQ?oc=5\" target=\"_blank\" rel=\"nofollow noopener\">Ana arrasa Leandro e d\u00e1-lhe &#8216;conselho&#8217;: \u00abTens de jogar melhor\u00bb<\/a>&nbsp;&nbsp;TVI<\/li>\n<li><a href=\"https:\/\/news.google.com\/rss\/articles\/CBMiuwFBVV95cUxQdUllNGM2WjFCT1NfaDczTHc4dlRIRnBLTFR5aG4zbzVzeU04QzhWaHlYOFNUY2FpR284V29PUl9iX0ZRU3hjY0hUYkEtNFJ6Mk1ZQkFwV0hVdk02X1RlUXhoaTJBRm8yMEkwd29rdmdxdmFPWVVkajQ4OVktS1d3c3B1TDcwYjl0MU5EcjYzNTYtOXl6aExobWNmSTlwX2hxUjlfLW9Sam5tX3F1bG9pNG0tQ0Y0UE5BS3cw?oc=5\" target=\"_blank\" rel=\"nofollow noopener\">Sacrif\u00edcio dos pais de Pedro gera debate e divide opini\u00f5es dos f\u00e3s da Casa dos Segredos<\/a>&nbsp;&nbsp;A Televis\u00e3o<\/li>\n<li><a href=\"https:\/\/news.google.com\/rss\/articles\/CBMiuAFBVV95cUxNM0MwSmhOZFRnWnVmXzE0clpwYVdSNUxvY3JlR09GbWV1NWlNZW43bXB6V2ppaW1ITUhTTElfakJKeGd5Q1U4aEtwT2JaVVU4T0ZqcldKWEpEMi1uU0NlU3BGTGptTzZUa0ZyaWJ5RWNTTlVVT2tzMy12SEc2WlhzY0NYUm5NWG5jS0pzXzIwX3U5dW9wTUVtVHlDRi1JdjlPVHB0X3YtTVlBbFFkNEY1LXBLNHZrX3ox?oc=5\" target=\"_blank\" rel=\"nofollow noopener\">Marisa arma peixeirada com o marido por uma Air Fryer e diz que \u00e9 para &#8220;n\u00e3o parecer mal&#8221; l\u00e1 fora<\/a>&nbsp;&nbsp;Dioguinho<\/li>\n<\/ol>\n","protected":false},"excerpt":{"rendered":"Bomba: Liliana assume que o segredo de Pedro Jorge est\u00e1 relacionado com Marisa&nbsp;&nbsp;TVI Marisa e Pedro Jorge em&hellip;\n","protected":false},"author":2,"featured_media":181189,"comment_status":"","ping_status":"","sticky":false,"template":"","format":"standard","meta":{"footnotes":""},"categories":[142],"tags":[114,115,19033,19016,19034,21416,32,33,151,19032],"class_list":{"0":"post-181188","1":"post","2":"type-post","3":"status-publish","4":"format-standard","5":"has-post-thumbnail","7":"category-tv","8":"tag-entertainment","9":"tag-entretenimento","10":"tag-galas-em-video","11":"tag-liliana","12":"tag-melhores-momentos-casa-dos-segredos","13":"tag-pedro-jorge","14":"tag-portugal","15":"tag-pt","16":"tag-tv","17":"tag-videos-secret-story-tvi"},"share_on_mastodon":{"url":"https:\/\/pubeurope.com\/@pt\/115689122015012274","error":""},"_links":{"self":[{"href":"https:\/\/www.europesays.com\/pt\/wp-json\/wp\/v2\/posts\/181188","targetHints":{"allow":["GET"]}}],"collection":[{"href":"https:\/\/www.europesays.com\/pt\/wp-json\/wp\/v2\/posts"}],"about":[{"href":"https:\/\/www.europesays.com\/pt\/wp-json\/wp\/v2\/types\/post"}],"author":[{"embeddable":true,"href":"https:\/\/www.europesays.com\/pt\/wp-json\/wp\/v2\/users\/2"}],"replies":[{"embeddable":true,"href":"https:\/\/www.europesays.com\/pt\/wp-json\/wp\/v2\/comments?post=181188"}],"version-history":[{"count":0,"href":"https:\/\/www.europesays.com\/pt\/wp-json\/wp\/v2\/posts\/181188\/revisions"}],"wp:featuredmedia":[{"embeddable":true,"href":"https:\/\/www.europesays.com\/pt\/wp-json\/wp\/v2\/media\/181189"}],"wp:attachment":[{"href":"https:\/\/www.europesays.com\/pt\/wp-json\/wp\/v2\/media?parent=181188"}],"wp:term":[{"taxonomy":"category","embeddable":true,"href":"https:\/\/www.europesays.com\/pt\/wp-json\/wp\/v2\/categories?post=181188"},{"taxonomy":"post_tag","embeddable":true,"href":"https:\/\/www.europesays.com\/pt\/wp-json\/wp\/v2\/tags?post=181188"}],"curies":[{"name":"wp","href":"https:\/\/api.w.org\/{rel}","templated":true}]}}