{"id":181198,"date":"2025-12-09T10:29:22","date_gmt":"2025-12-09T10:29:22","guid":{"rendered":"https:\/\/www.europesays.com\/pt\/181198\/"},"modified":"2025-12-09T10:29:22","modified_gmt":"2025-12-09T10:29:22","slug":"eficiencia-como-filosofia-nao-como-numero-autoentusiastas","status":"publish","type":"post","link":"https:\/\/www.europesays.com\/pt\/181198\/","title":{"rendered":"EFICI\u00caNCIA COMO FILOSOFIA, N\u00c3O COMO N\u00daMERO \u2013 Autoentusiastas"},"content":{"rendered":"<p>\t\t\t\t\t\t\t\t<a href=\"https:\/\/www.sympla.com.br\/evento\/ae-talks-dezembro-2025\/3240126\" target=\"_blank\" rel=\"nofollow noopener\"><img decoding=\"async\" src=\"https:\/\/www.europesays.com\/pt\/wp-content\/uploads\/2025\/12\/anigif.gif\"\/><\/a><\/p>\n<p>Existe algo de profundamente revelador quando um engenheiro fala menos de n\u00fameros e mais de processo, ritmo, esfor\u00e7o e efici\u00eancia. Jon Gunner, diretor t\u00e9cnico da marca dinamarquesa Zenvo Automotive, n\u00e3o discute recordes, velocidade m\u00e1xima ou acelera\u00e7\u00e3o. Ele foca em algo mais dif\u00edcil de quantificar: efici\u00eancia como modo de pensar.<\/p>\n<p><a href=\"https:\/\/autoentusiastas.com.br\/?attachment_id=253921\" rel=\"attachment wp-att-253921 nofollow noopener\" data-slb-active=\"1\" data-slb-asset=\"2121379455\" data-slb-internal=\"253921\" data-slb-group=\"253910\" target=\"_blank\"><img loading=\"lazy\" decoding=\"async\" class=\"wp-image-253921 size-full\" src=\"https:\/\/www.europesays.com\/pt\/wp-content\/uploads\/2025\/12\/Zenvo_13.webp.webp\" alt=\"\" width=\"1280\" height=\"853\"  \/><\/a>Jon Gunner<\/p>\n<p>Ele traz no curr\u00edculo uma trajet\u00f3ria constru\u00edda dentro de alguns dos programas mais exigentes do universo dos super e hipercarros, com passagens por marcas como Aston Martin, onde atuou em projetos de inova\u00e7\u00e3o, s\u00e9ries especiais e GT de competi\u00e7\u00e3o, al\u00e9m de ter participado diretamente do desenvolvimento do Ford GT, e experi\u00eancias tamb\u00e9m em fabricantes de ponta como Koenigsegg e Czinger.<\/p>\n<p>S\u00e3o mais de duas d\u00e9cadas trabalhando com hipercarros, sempre guiado por um mesmo princ\u00edpio: fazer cada parte do carro realizar o m\u00e1ximo de trabalho poss\u00edvel com o m\u00ednimo de esfor\u00e7o.<\/p>\n<blockquote><p>\n<strong>Pot\u00eancia \u00e9 relativamente f\u00e1cil de adicionar. Dif\u00edcil mesmo \u00e9 reduzir peso, extrair efici\u00eancia real e transformar energia em resultado de forma inteligente.<br \/>Jon Gunner<\/strong>\n<\/p><\/blockquote>\n<p>\u00c9 exatamente essa vis\u00e3o, focada em efici\u00eancia estrutural, integra\u00e7\u00e3o de sistemas e engenharia sem concess\u00f5es, que hoje orienta o desenvolvimento do Zenvo Aurora.<\/p>\n<p><a href=\"https:\/\/autoentusiastas.com.br\/?attachment_id=253927\" rel=\"attachment wp-att-253927 nofollow noopener\" data-slb-active=\"1\" data-slb-asset=\"1680187353\" data-slb-internal=\"253927\" data-slb-group=\"253910\" target=\"_blank\"><img loading=\"lazy\" decoding=\"async\" class=\"wp-image-253927 size-full\" src=\"https:\/\/www.europesays.com\/pt\/wp-content\/uploads\/2025\/12\/Zenvo_09-scaled.webp.webp\" alt=\"\" width=\"2560\" height=\"1440\"  \/><\/a>Aurora Tur<\/p>\n<p>Essa l\u00f3gica n\u00e3o se aplica apenas ao carro. Ele descreve o desenvolvimento como um organismo no qual entradas e sa\u00eddas precisam estar em equil\u00edbrio. H\u00e1 um ritmo envolvido, quase musical. Gunner \u00e9 baixista e usa essa refer\u00eancia sem hesitar. Para ele, um projeto bem sucedido tem que pulsar como uma batida constante. O carro nasce desse ritmo. O time trabalha nesse ritmo. A efici\u00eancia vem dessa cad\u00eancia.<\/p>\n<p>Ao falar da equipe da Zenvo, o diretor t\u00e9cnico refor\u00e7a um ponto central. Velocidade de desenvolvimento s\u00f3 acontece com times pequenos, altamente qualificados, que entendem a vis\u00e3o da empresa. Cada engenheiro, cada t\u00e9cnico, \u00e9 uma engrenagem essencial. Todos precisam dominar seus pr\u00f3prios sistemas e assumir responsabilidade total por eles.<\/p>\n<p><a href=\"https:\/\/autoentusiastas.com.br\/?attachment_id=253919\" rel=\"attachment wp-att-253919 nofollow noopener\" data-slb-active=\"1\" data-slb-asset=\"545666327\" data-slb-internal=\"253919\" data-slb-group=\"253910\" target=\"_blank\"><img loading=\"lazy\" decoding=\"async\" class=\"wp-image-253919 size-full\" src=\"https:\/\/www.europesays.com\/pt\/wp-content\/uploads\/2025\/12\/Zenvo_17.webp.webp\" alt=\"\" width=\"1280\" height=\"720\"  \/><\/a>Aurora em Goodwood<\/p>\n<p>Um momento importante desse processo, segundo Gunner, foi quando o primeiro prot\u00f3tipo funcional do Aurora, o VP0, ganhou vida a tempo para Goodwood. Ap\u00f3s meses de planilhas, simula\u00e7\u00f5es, desenhos digitais e c\u00e1lculos, o som do motor pela primeira vez provocou sil\u00eancio, arrepio e emo\u00e7\u00e3o real em todos ali. A cria\u00e7\u00e3o deixava de ser virtual e se tornava f\u00edsica. Para um engenheiro, esse momento n\u00e3o tem equivalente.<\/p>\n<p>Mas o Aurora n\u00e3o nasce apenas da obsess\u00e3o por desempenho. Gunner deixa claro que o objetivo n\u00e3o foi criar um carro para bater n\u00fameros, mas sim um verdadeiro carro para ser pilotado. Ele pr\u00f3prio se declara apaixonado por dirigir, por sentir a resposta dos sistemas, pela leitura clara do que o carro est\u00e1 fazendo. Para ele, efici\u00eancia tamb\u00e9m \u00e9 isso. Retorno, controle, leitura precisa do comportamento do ve\u00edculo.<\/p>\n<p>Transformar sensa\u00e7\u00f5es subjetivas em par\u00e2metros t\u00e9cnicos talvez seja a parte mais complexa de todo o processo. O Aurora nasce numa tentativa de traduzir emo\u00e7\u00e3o em engenharia.<\/p>\n<p><strong>Zenvo<\/strong><\/p>\n<p>A Zenvo Automotive \u00e9 uma fabricante dinamarquesa de hipercarros fundada com uma proposta clara: fazer tudo de forma artesanal, em pequena escala, com engenharia pr\u00f3pria e identidade t\u00e9cnica independente. A marca ganhou proje\u00e7\u00e3o mundial com o TSR S e seu impressionante aerof\u00f3lio m\u00f3vel, mas o Aurora representa uma ruptura ainda mais profunda.<\/p>\n<p><a href=\"https:\/\/autoentusiastas.com.br\/?attachment_id=253923\" rel=\"attachment wp-att-253923 nofollow noopener\" data-slb-active=\"1\" data-slb-asset=\"1852022803\" data-slb-internal=\"253923\" data-slb-group=\"253910\" target=\"_blank\"><img loading=\"lazy\" decoding=\"async\" class=\"wp-image-253923 size-full\" src=\"https:\/\/www.europesays.com\/pt\/wp-content\/uploads\/2025\/12\/Zenvo_15.webp.webp\" alt=\"\" width=\"1280\" height=\"853\"  \/><\/a>TSR<br \/>\n<a href=\"https:\/\/autoentusiastas.com.br\/?attachment_id=253922\" rel=\"attachment wp-att-253922 nofollow noopener\" data-slb-active=\"1\" data-slb-asset=\"1024545829\" data-slb-internal=\"253922\" data-slb-group=\"253910\" target=\"_blank\"><img loading=\"lazy\" decoding=\"async\" class=\"wp-image-253922 size-full\" src=\"https:\/\/www.europesays.com\/pt\/wp-content\/uploads\/2025\/12\/Zenvo_14.webp.webp\" alt=\"\" width=\"1280\" height=\"960\"  \/><\/a>TSR<\/p>\n<p>Apresentado oficialmente em 2023, o Zenvo Aurora inaugura a segunda fase da hist\u00f3ria da marca. \u00c9 o modelo mais leve, mais potente e mais ambicioso j\u00e1 desenvolvido pela empresa. Pela primeira vez, a Zenvo adota uma arquitetura h\u00edbrida com motor central V-12.<\/p>\n<p><a href=\"https:\/\/autoentusiastas.com.br\/?attachment_id=253920\" rel=\"attachment wp-att-253920 nofollow noopener\" data-slb-active=\"1\" data-slb-asset=\"1842909710\" data-slb-internal=\"253920\" data-slb-group=\"253910\" target=\"_blank\"><img loading=\"lazy\" decoding=\"async\" class=\"aligncenter size-full wp-image-253920\" src=\"https:\/\/www.europesays.com\/pt\/wp-content\/uploads\/2025\/12\/Zenvo_18.webp.webp\" alt=\"\" width=\"1280\" height=\"1280\"  \/><\/a><\/p>\n<p>O cora\u00e7\u00e3o do Aurora \u00e9 o novo V 12 de 6,6 litros, com quatro turbocarregadores, desenvolvido pela inglesa MAHLE Powertrain Ltd. Esse motor sozinho entrega 1.250 cv e gira at\u00e9 9.800 rpm. A ele se somam motores el\u00e9tricos leves, que elevam a pot\u00eancia total para 1.850 cv, dependendo da configura\u00e7\u00e3o. Trata se do V-12 mais potente j\u00e1 instalado num carro de produ\u00e7\u00e3o.<\/p>\n<blockquote><p>\n<strong>A arquitetura \u00e9 h\u00edbrida, com vers\u00f5es de tra\u00e7\u00e3o traseira e tra\u00e7\u00e3o integral. O sistema el\u00e9trico foi pensado n\u00e3o como protagonista, mas como preenchimento de torque, garantindo resposta imediata ao acelerador, uma das obsess\u00f5es declaradas do projeto.<\/strong>\n<\/p><\/blockquote>\n<p><a href=\"https:\/\/autoentusiastas.com.br\/?attachment_id=253925\" rel=\"attachment wp-att-253925 nofollow noopener\" data-slb-active=\"1\" data-slb-asset=\"1252663735\" data-slb-internal=\"253925\" data-slb-group=\"253910\" target=\"_blank\"><img loading=\"lazy\" decoding=\"async\" class=\"aligncenter size-full wp-image-253925\" src=\"https:\/\/www.europesays.com\/pt\/wp-content\/uploads\/2025\/12\/Zenvo_12.webp.webp\" alt=\"\" width=\"1280\" height=\"720\"  \/><\/a><\/p>\n<p>O Aurora nasce em duas interpreta\u00e7\u00f5es distintas. O Agil, mais leve, radical e focado em pista. E o Tur, mais elegante, voltado ao uso em alta velocidade com maior conforto e estabilidade. Ambos compartilham a mesma base estrutural, mas atendem a filosofias de condu\u00e7\u00e3o diferentes.<\/p>\n<p>A estrutura \u00e9 baseada no novo monobloco modular ZM1, totalmente em comp\u00f3sito de fibra de carbono, com subchassis integrados. Cerca de 70% dessa estrutura permanece vis\u00edvel, numa abordagem que exp\u00f5e a engenharia como parte do design. A rigidez torcional chega a 63.000 N\u00b7m\/\u00ba com peso inferior a 120 kg.<\/p>\n<p><a href=\"https:\/\/autoentusiastas.com.br\/?attachment_id=253933\" rel=\"attachment wp-att-253933 nofollow noopener\" data-slb-active=\"1\" data-slb-asset=\"1385459574\" data-slb-internal=\"253933\" data-slb-group=\"253910\" target=\"_blank\"><img loading=\"lazy\" decoding=\"async\" class=\"aligncenter size-full wp-image-253933\" src=\"https:\/\/www.europesays.com\/pt\/wp-content\/uploads\/2025\/12\/Zenvo_05.webp.webp\" alt=\"\" width=\"1280\" height=\"960\"  \/><\/a> <a href=\"https:\/\/autoentusiastas.com.br\/?attachment_id=253932\" rel=\"attachment wp-att-253932 nofollow noopener\" data-slb-active=\"1\" data-slb-asset=\"715208448\" data-slb-internal=\"253932\" data-slb-group=\"253910\" target=\"_blank\"><img loading=\"lazy\" decoding=\"async\" class=\"aligncenter size-full wp-image-253932\" src=\"https:\/\/www.europesays.com\/pt\/wp-content\/uploads\/2025\/12\/Zenvo_04.webp.webp\" alt=\"\" width=\"1280\" height=\"853\"  \/><\/a><\/p>\n<p>No Agil, o foco absoluto na redu\u00e7\u00e3o de peso permite de 1.300 kg ma balan\u00e7a. No Tur, a adi\u00e7\u00e3o dos motores dianteiros e do sistema de tra\u00e7\u00e3o integral eleva o peso para cerca de 1.450 kg. Mesmo assim, o desempenho permanece extremo. A velocidade m\u00e1xima do Tur \u00e9 estimada em 450 km\/h.<\/p>\n<p>No material t\u00e9cnico, a palavra emo\u00e7\u00e3o aparece com a mesma frequ\u00eancia que pot\u00eancia, aerodin\u00e2mica e materiais. A Zenvo n\u00e3o esconde que quer construir um hipercarro que provoque conex\u00e3o visceral com seu motorista.<\/p>\n<p>Essa ideia aparece no trabalho da Managing Composites, respons\u00e1vel pela estrutura do Aurora. N\u00e3o h\u00e1 revestimentos tentando esconder o monobloco. N\u00e3o h\u00e1 \u00e1reas neutras. Tudo \u00e9 funcional. Tudo \u00e9 exposto. O motorista passa a fazer parte da estrutura do carro, como numa motocicleta.<\/p>\n<p>A express\u00e3o usada por um dos respons\u00e1veis pelo projeto resume bem a proposta Smiles per mile. Sorrisos por milha \u2014 1,6 quil\u00f4metro no nosso caso.<\/p>\n<p>PM<\/p>\n<p><strong>GALERIA<\/strong><\/p>\n<p><a href=\"https:\/\/www.sympla.com.br\/evento\/ae-talks-dezembro-2025\/3240126\" target=\"_blank\" rel=\"nofollow noopener\"><img decoding=\"async\" src=\"https:\/\/www.europesays.com\/pt\/wp-content\/uploads\/2025\/12\/anigif.gif\"\/><\/a>\t\t\t\t\t\t\t\t<\/p>\n","protected":false},"excerpt":{"rendered":"Existe algo de profundamente revelador quando um engenheiro fala menos de n\u00fameros e mais de processo, ritmo, esfor\u00e7o&hellip;\n","protected":false},"author":2,"featured_media":181199,"comment_status":"","ping_status":"","sticky":false,"template":"","format":"standard","meta":{"footnotes":""},"categories":[84],"tags":[109,107,108,32,33,105,103,104,106,110],"class_list":{"0":"post-181198","1":"post","2":"type-post","3":"status-publish","4":"format-standard","5":"has-post-thumbnail","7":"category-ciencia-e-tecnologia","8":"tag-ciencia","9":"tag-ciencia-e-tecnologia","10":"tag-cienciaetecnologia","11":"tag-portugal","12":"tag-pt","13":"tag-science","14":"tag-science-and-technology","15":"tag-scienceandtechnology","16":"tag-technology","17":"tag-tecnologia"},"share_on_mastodon":{"url":"https:\/\/pubeurope.com\/@pt\/115689145679568617","error":""},"_links":{"self":[{"href":"https:\/\/www.europesays.com\/pt\/wp-json\/wp\/v2\/posts\/181198","targetHints":{"allow":["GET"]}}],"collection":[{"href":"https:\/\/www.europesays.com\/pt\/wp-json\/wp\/v2\/posts"}],"about":[{"href":"https:\/\/www.europesays.com\/pt\/wp-json\/wp\/v2\/types\/post"}],"author":[{"embeddable":true,"href":"https:\/\/www.europesays.com\/pt\/wp-json\/wp\/v2\/users\/2"}],"replies":[{"embeddable":true,"href":"https:\/\/www.europesays.com\/pt\/wp-json\/wp\/v2\/comments?post=181198"}],"version-history":[{"count":0,"href":"https:\/\/www.europesays.com\/pt\/wp-json\/wp\/v2\/posts\/181198\/revisions"}],"wp:featuredmedia":[{"embeddable":true,"href":"https:\/\/www.europesays.com\/pt\/wp-json\/wp\/v2\/media\/181199"}],"wp:attachment":[{"href":"https:\/\/www.europesays.com\/pt\/wp-json\/wp\/v2\/media?parent=181198"}],"wp:term":[{"taxonomy":"category","embeddable":true,"href":"https:\/\/www.europesays.com\/pt\/wp-json\/wp\/v2\/categories?post=181198"},{"taxonomy":"post_tag","embeddable":true,"href":"https:\/\/www.europesays.com\/pt\/wp-json\/wp\/v2\/tags?post=181198"}],"curies":[{"name":"wp","href":"https:\/\/api.w.org\/{rel}","templated":true}]}}