{"id":181200,"date":"2025-12-09T10:31:11","date_gmt":"2025-12-09T10:31:11","guid":{"rendered":"https:\/\/www.europesays.com\/pt\/181200\/"},"modified":"2025-12-09T10:31:11","modified_gmt":"2025-12-09T10:31:11","slug":"aviao-de-transporte-militar-russo-cai-a-nordeste-de-moscovo","status":"publish","type":"post","link":"https:\/\/www.europesays.com\/pt\/181200\/","title":{"rendered":"Avi\u00e3o de transporte militar russo cai a nordeste de Moscovo"},"content":{"rendered":"<p class=\"category\"><a href=\"https:\/\/sicnoticias.pt\/mundo\" rel=\"nofollow noopener\" target=\"_blank\">Mundo<\/a><\/p>\n<p class=\"status ematualizacao\">Em atualiza\u00e7\u00e3o<\/p>\n<p class=\"g-article-lead lead\" data-field=\"lead\">O aparelho An-22 de transporte militar russo caiu na regi\u00e3o de Ivanovo, a nordeste de Moscovo, e segunda a televis\u00e3o estatal a bordo seguiam sete pessoas.<\/p>\n<p><img decoding=\"async\" src=\"https:\/\/www.europesays.com\/pt\/wp-content\/uploads\/2025\/12\/1765276270_106_original.webp\" alt=\"Avi\u00e3o de transporte militar russo cai a nordeste de Moscovo\"\/><\/p>\n<p><strong>Um avi\u00e3o de transporte militar russo, um An-22, despenhou-se esta ter\u00e7a-feira a nordeste de Moscovo com sete pessoas a bordo. A informa\u00e7\u00e3o est\u00e1 a ser avan\u00e7ada pelas ag\u00eancias internacionais que citam a televis\u00e3o estatal Vesti.<\/strong><\/p>\n<p>O acidente ocorreu na regi\u00e3o de Ivanovo, a nordeste de Moscovo.<\/p>\n<p>N\u00e3o h\u00e1, para j\u00e1, mais informa\u00e7\u00f5es sobre v\u00edtimas ou danos materiais.<\/p>\n<p>Em atualiza\u00e7\u00e3o<\/p>\n","protected":false},"excerpt":{"rendered":"Mundo Em atualiza\u00e7\u00e3o O aparelho An-22 de transporte militar russo caiu na regi\u00e3o de Ivanovo, a nordeste de&hellip;\n","protected":false},"author":2,"featured_media":181201,"comment_status":"","ping_status":"","sticky":false,"template":"","format":"standard","meta":{"footnotes":""},"categories":[50],"tags":[27,28,15,16,14,25,26,21,22,62,12,13,19,20,23,24,17,18,29,30,31,63,64,65],"class_list":{"0":"post-181200","1":"post","2":"type-post","3":"status-publish","4":"format-standard","5":"has-post-thumbnail","7":"category-mundo","8":"tag-breaking-news","9":"tag-breakingnews","10":"tag-featured-news","11":"tag-featurednews","12":"tag-headlines","13":"tag-latest-news","14":"tag-latestnews","15":"tag-main-news","16":"tag-mainnews","17":"tag-mundo","18":"tag-news","19":"tag-noticias","20":"tag-noticias-principais","21":"tag-noticiasprincipais","22":"tag-principais-noticias","23":"tag-principaisnoticias","24":"tag-top-stories","25":"tag-topstories","26":"tag-ultimas","27":"tag-ultimas-noticias","28":"tag-ultimasnoticias","29":"tag-world","30":"tag-world-news","31":"tag-worldnews"},"share_on_mastodon":{"url":"https:\/\/pubeurope.com\/@pt\/115689153410272880","error":""},"_links":{"self":[{"href":"https:\/\/www.europesays.com\/pt\/wp-json\/wp\/v2\/posts\/181200","targetHints":{"allow":["GET"]}}],"collection":[{"href":"https:\/\/www.europesays.com\/pt\/wp-json\/wp\/v2\/posts"}],"about":[{"href":"https:\/\/www.europesays.com\/pt\/wp-json\/wp\/v2\/types\/post"}],"author":[{"embeddable":true,"href":"https:\/\/www.europesays.com\/pt\/wp-json\/wp\/v2\/users\/2"}],"replies":[{"embeddable":true,"href":"https:\/\/www.europesays.com\/pt\/wp-json\/wp\/v2\/comments?post=181200"}],"version-history":[{"count":0,"href":"https:\/\/www.europesays.com\/pt\/wp-json\/wp\/v2\/posts\/181200\/revisions"}],"wp:featuredmedia":[{"embeddable":true,"href":"https:\/\/www.europesays.com\/pt\/wp-json\/wp\/v2\/media\/181201"}],"wp:attachment":[{"href":"https:\/\/www.europesays.com\/pt\/wp-json\/wp\/v2\/media?parent=181200"}],"wp:term":[{"taxonomy":"category","embeddable":true,"href":"https:\/\/www.europesays.com\/pt\/wp-json\/wp\/v2\/categories?post=181200"},{"taxonomy":"post_tag","embeddable":true,"href":"https:\/\/www.europesays.com\/pt\/wp-json\/wp\/v2\/tags?post=181200"}],"curies":[{"name":"wp","href":"https:\/\/api.w.org\/{rel}","templated":true}]}}