{"id":181204,"date":"2025-12-09T10:33:33","date_gmt":"2025-12-09T10:33:33","guid":{"rendered":"https:\/\/www.europesays.com\/pt\/181204\/"},"modified":"2025-12-09T10:33:33","modified_gmt":"2025-12-09T10:33:33","slug":"liga-portugal-anuncia-alteracao-na-data-e-horario-de-5-jogos-e-2-deles-envolvem-os-dragoes","status":"publish","type":"post","link":"https:\/\/www.europesays.com\/pt\/181204\/","title":{"rendered":"Liga Portugal anuncia altera\u00e7\u00e3o na data e hor\u00e1rio de 5 jogos e 2 deles envolvem os drag\u00f5es"},"content":{"rendered":"<p>&#8211; Advertisement &#8211;<\/p>\n<p><strong>A Liga Portugal anunciou mudan\u00e7as na data e hor\u00e1rio de alguns jogos da Primeira Liga. H\u00e1 altera\u00e7\u00f5es em dois duelos do FC Porto.<\/strong><\/p>\n<p>A Liga Portugal emitiu um comunicado oficial a dar conta da altera\u00e7\u00e3o da data e hora de jogos das jornadas 16 e 17 da <a href=\"https:\/\/bolanarede.pt\/etiqueta\/primeira-liga\/\" target=\"_blank\" rel=\"noreferrer noopener nofollow\">Primeira Liga<\/a>. Entre eles, est\u00e1 o FC Porto x AVS SAD, que ser\u00e1 agora no dia 29 de dezembro pelas 20h15. <\/p>\n<p>Inicialmente, estava agendado para dia 27 pelas 20h30. Quem jogar\u00e1 agora nesse hor\u00e1rio \u00e9 o Estoril Praia x Alverca para a jornada 16 da Primeira Liga.<\/p>\n<p>Quanto \u00e0 jornada 17, estes s\u00e3o os novos hor\u00e1rios: Santa Clara x FC Porto (4 de janeiro \u00e0s 18h00); Rio Ave x Casa Pia (4 de janeiro \u00e0s 15h30) e o Tondela x Arouca (3 de janeiro \u00e0s 15h30).<\/p>\n<p><strong>Eis as altera\u00e7\u00f5es oficiais:<\/strong><\/p>\n<p><img fetchpriority=\"high\" decoding=\"async\" width=\"1024\" height=\"473\" src=\"data:image\/svg+xml,%3Csvg%20xmlns=\" http:=\"\" alt=\"\" class=\"wp-image-464156 ewww_webp_lazy_load\" data-lazy- data-lazy- data-lazy-src=\"https:\/\/www.europesays.com\/pt\/wp-content\/uploads\/2025\/12\/image-1024x473.png\" data-lazy-src-webp=\"https:\/\/www.europesays.com\/pt\/wp-content\/uploads\/2025\/12\/image-1024x473.png.webp\" data-lazy-srcset-webp=\"https:\/\/www.europesays.com\/pt\/wp-content\/uploads\/2025\/12\/image-1024x473.png.webp 1024w, https:\/\/binny-bolanarede.b-cdn.net\/wp-content\/uploads\/2025\/12\/image-300x138.png.webp 300w, https:\/\/binny-bolanarede.b-cdn.net\/wp-content\/uploads\/2025\/12\/image-768x355.png.webp 768w, https:\/\/binny-bolanarede.b-cdn.net\/wp-content\/uploads\/2025\/12\/image-150x69.png.webp 150w, https:\/\/binny-bolanarede.b-cdn.net\/wp-content\/uploads\/2025\/12\/image-696x321.png.webp 696w, https:\/\/binny-bolanarede.b-cdn.net\/wp-content\/uploads\/2025\/12\/image-1068x493.png.webp 1068w, https:\/\/binny-bolanarede.b-cdn.net\/wp-content\/uploads\/2025\/12\/image.png.webp 1094w\"\/>Fonte: Liga Portugal<\/p>\n","protected":false},"excerpt":{"rendered":"&#8211; Advertisement &#8211; A Liga Portugal anunciou mudan\u00e7as na data e hor\u00e1rio de alguns jogos da Primeira Liga.&hellip;\n","protected":false},"author":2,"featured_media":181205,"comment_status":"","ping_status":"","sticky":false,"template":"","format":"standard","meta":{"footnotes":""},"categories":[8],"tags":[5739,3249,260,1846,27,28,478,9173,282,15,16,14,25,26,21,22,12,13,19,20,32,479,23,24,33,9819,8136,17,18,29,30,31],"class_list":{"0":"post-181204","1":"post","2":"type-post","3":"status-publish","4":"format-standard","5":"has-post-thumbnail","7":"category-principais-noticias","8":"tag-alverca","9":"tag-arouca","10":"tag-atualidade","11":"tag-avs-sad","12":"tag-breaking-news","13":"tag-breakingnews","14":"tag-destaques-bnr","15":"tag-estoril-praia","16":"tag-fc-porto","17":"tag-featured-news","18":"tag-featurednews","19":"tag-headlines","20":"tag-latest-news","21":"tag-latestnews","22":"tag-main-news","23":"tag-mainnews","24":"tag-news","25":"tag-noticias","26":"tag-noticias-principais","27":"tag-noticiasprincipais","28":"tag-portugal","29":"tag-primeira-liga","30":"tag-principais-noticias","31":"tag-principaisnoticias","32":"tag-pt","33":"tag-rio-ave","34":"tag-tondela","35":"tag-top-stories","36":"tag-topstories","37":"tag-ultimas","38":"tag-ultimas-noticias","39":"tag-ultimasnoticias"},"share_on_mastodon":{"url":"","error":"Validation failed: Text character limit of 500 exceeded"},"_links":{"self":[{"href":"https:\/\/www.europesays.com\/pt\/wp-json\/wp\/v2\/posts\/181204","targetHints":{"allow":["GET"]}}],"collection":[{"href":"https:\/\/www.europesays.com\/pt\/wp-json\/wp\/v2\/posts"}],"about":[{"href":"https:\/\/www.europesays.com\/pt\/wp-json\/wp\/v2\/types\/post"}],"author":[{"embeddable":true,"href":"https:\/\/www.europesays.com\/pt\/wp-json\/wp\/v2\/users\/2"}],"replies":[{"embeddable":true,"href":"https:\/\/www.europesays.com\/pt\/wp-json\/wp\/v2\/comments?post=181204"}],"version-history":[{"count":0,"href":"https:\/\/www.europesays.com\/pt\/wp-json\/wp\/v2\/posts\/181204\/revisions"}],"wp:featuredmedia":[{"embeddable":true,"href":"https:\/\/www.europesays.com\/pt\/wp-json\/wp\/v2\/media\/181205"}],"wp:attachment":[{"href":"https:\/\/www.europesays.com\/pt\/wp-json\/wp\/v2\/media?parent=181204"}],"wp:term":[{"taxonomy":"category","embeddable":true,"href":"https:\/\/www.europesays.com\/pt\/wp-json\/wp\/v2\/categories?post=181204"},{"taxonomy":"post_tag","embeddable":true,"href":"https:\/\/www.europesays.com\/pt\/wp-json\/wp\/v2\/tags?post=181204"}],"curies":[{"name":"wp","href":"https:\/\/api.w.org\/{rel}","templated":true}]}}