{"id":181210,"date":"2025-12-09T10:38:07","date_gmt":"2025-12-09T10:38:07","guid":{"rendered":"https:\/\/www.europesays.com\/pt\/181210\/"},"modified":"2025-12-09T10:38:07","modified_gmt":"2025-12-09T10:38:07","slug":"canesso-em-destaque-no-celebra-facisc-2025-confira-radio-rural","status":"publish","type":"post","link":"https:\/\/www.europesays.com\/pt\/181210\/","title":{"rendered":"Canesso em destaque no Celebra Facisc 2025. Confira! &#8211; R\u00e1dio Rural"},"content":{"rendered":"<ol>\n<li><a href=\"https:\/\/news.google.com\/rss\/articles\/CBMiqwFBVV95cUxOdTM0Ul9Pd3VLSkZlaGJnNEd3VDhWYUlldGpYWTdPckx4MndkQjdndzBjV0x0R1V3eGJ4SF8yNzB6Z2IwX0JfeWxnSm9zdjlmVzhYcHF1cUVlcnZrOU1rSVV6Qjh4cDZ4QmJjeHQzUWZzS1NhWDZiUmpBM2R0eHdWNHhsR0NjUWg1dkVtamxEMklsR01pdVpsOXpiZ2E1MF9Ub2E2a3k4LThhMkk?oc=5\" target=\"_blank\" rel=\"nofollow noopener\">Canesso em destaque no Celebra Facisc 2025. Confira!<\/a>&nbsp;&nbsp;R\u00e1dio Rural<\/li>\n<li><a href=\"https:\/\/news.google.com\/rss\/articles\/CBMiqgFBVV95cUxOQ3ZGY3ZOcXJvT0NCSGVSbjZ0YU9wcmhuNGtLekxFQlVKLVVvb0tKMFNXNzd5QVNyRGlRNlhqSW1zQlUzaTJzUWllOFBEc0NwNVRhOVV5emVvekFtWF8zbGRaQlJrNkliVnlLTFNpY2Jid29vT08taUE0UHdvV3NTVEo4bEhuQkJjWkFaU0dreUR1b1BvS2t1ckQxUng3cHk2cEx4bUtHeUFCZw?oc=5\" target=\"_blank\" rel=\"nofollow noopener\">Acijs \u00e9 campe\u00e3 do Pr\u00eamio InovA+ como destaque do associativismo empresarial de SC<\/a>&nbsp;&nbsp;OCP News<\/li>\n<li><a href=\"https:\/\/news.google.com\/rss\/articles\/CBMi2AFBVV95cUxQRm93QlR6aFVKOUNISTNXaFYyallnS0FTa1lFRThmeVAwV3JPNDE5Ym9FTHYzTHRPcFdIcjNaNXZvNXhaaXlvYXV6dG9lU1gyZ2oydUxLT2Z6SmJEZzd3eEJHRG1HdXowVDA1SGpXbEtVVVJ3ZkIwMkRiX1pXeG5ZaVJQRnlXMUVaSlNfT3JZV1VVcVlRUThwTlEzX1R6REdLRXRpckQ2MHotY0M3Sk9VdnNxV2pmblUxZjFJUk90R0lwSGdwY2NoZUktSVRHUHVadDhGNUhiTEQ?oc=5\" target=\"_blank\" rel=\"nofollow noopener\">Facisc entrega pr\u00eamios a associa\u00e7\u00f5es e projeta expans\u00e3o para 2026<\/a>&nbsp;&nbsp;NSC Total<\/li>\n<li><a href=\"https:\/\/news.google.com\/rss\/articles\/CBMiogFBVV95cUxPQU83MVpnWGtjcUxXNC1fdldhcllkRkE3UmtYVzdGVFpwMzZhMkpwS3BZODN5VUxHc3hrS1h3V2xyaTNhbXJORS1ocl9SM19WdTRQb2YxZkFnMVlncDVHOW5XR0RRdmNDM1RiOHVsVU9kS3c3Nl9JZk55Um82UEE1Tk5lTS1CVGxORXBwYkFVdEd1MnZySTI0NndjQmZHcDdCYmc?oc=5\" target=\"_blank\" rel=\"nofollow noopener\">Acivale \u00e9 destaque em evento da Facisc com duas premia\u00e7\u00f5es estaduais<\/a>&nbsp;&nbsp;Imprensa News Sul<\/li>\n<li><a href=\"https:\/\/news.google.com\/rss\/articles\/CBMitAFBVV95cUxQNF9YMnZMYnZrVThBNmdiTmlKRWdsV2VJTE9nM3F3YUFIU1poRGkydzJnQ0g5LVRyeExNdXpTaDRfOGpOZDBobGhLSm1DejQzRUdPOENadk4xMFJhMGJ6UFJHSGxLMFM4MmJMa0FvV1JMMGlMWUU4UzJseW5wYmdfc2ZRNkdCdWZSd3JmU3lnRl91aGRDUHkxRHRrNE5tQXAwRU9LSDBNUWpiTkNoYjFwWHdXYjM?oc=5\" target=\"_blank\" rel=\"nofollow noopener\">ACIC se destaca no Celebra FACISC 2025 com quatro reconhecimentos estaduais<\/a>&nbsp;&nbsp;Jornal Extra SC<\/li>\n<\/ol>\n","protected":false},"excerpt":{"rendered":"Canesso em destaque no Celebra Facisc 2025. Confira!&nbsp;&nbsp;R\u00e1dio Rural Acijs \u00e9 campe\u00e3 do Pr\u00eamio InovA+ como destaque do&hellip;\n","protected":false},"author":2,"featured_media":181211,"comment_status":"","ping_status":"","sticky":false,"template":"","format":"standard","meta":{"footnotes":""},"categories":[141],"tags":[562,726,2733,2731,476,539,2258,114,115,1062,986,2732,149,150,1086,52,32,33,3551,117],"class_list":{"0":"post-181210","1":"post","2":"type-post","3":"status-publish","4":"format-standard","5":"has-post-thumbnail","7":"category-musica","8":"tag-agricultura","9":"tag-brasil","10":"tag-carnaval","11":"tag-dicas-do-dia","12":"tag-economia","13":"tag-educacao","14":"tag-eleicoes","15":"tag-entertainment","16":"tag-entretenimento","17":"tag-esportes","18":"tag-estado","19":"tag-geral","20":"tag-music","21":"tag-musica","22":"tag-policia","23":"tag-politica","24":"tag-portugal","25":"tag-pt","26":"tag-regiao","27":"tag-saude"},"share_on_mastodon":{"url":"https:\/\/pubeurope.com\/@pt\/115689180561575548","error":""},"_links":{"self":[{"href":"https:\/\/www.europesays.com\/pt\/wp-json\/wp\/v2\/posts\/181210","targetHints":{"allow":["GET"]}}],"collection":[{"href":"https:\/\/www.europesays.com\/pt\/wp-json\/wp\/v2\/posts"}],"about":[{"href":"https:\/\/www.europesays.com\/pt\/wp-json\/wp\/v2\/types\/post"}],"author":[{"embeddable":true,"href":"https:\/\/www.europesays.com\/pt\/wp-json\/wp\/v2\/users\/2"}],"replies":[{"embeddable":true,"href":"https:\/\/www.europesays.com\/pt\/wp-json\/wp\/v2\/comments?post=181210"}],"version-history":[{"count":0,"href":"https:\/\/www.europesays.com\/pt\/wp-json\/wp\/v2\/posts\/181210\/revisions"}],"wp:featuredmedia":[{"embeddable":true,"href":"https:\/\/www.europesays.com\/pt\/wp-json\/wp\/v2\/media\/181211"}],"wp:attachment":[{"href":"https:\/\/www.europesays.com\/pt\/wp-json\/wp\/v2\/media?parent=181210"}],"wp:term":[{"taxonomy":"category","embeddable":true,"href":"https:\/\/www.europesays.com\/pt\/wp-json\/wp\/v2\/categories?post=181210"},{"taxonomy":"post_tag","embeddable":true,"href":"https:\/\/www.europesays.com\/pt\/wp-json\/wp\/v2\/tags?post=181210"}],"curies":[{"name":"wp","href":"https:\/\/api.w.org\/{rel}","templated":true}]}}