{"id":181216,"date":"2025-12-09T10:42:10","date_gmt":"2025-12-09T10:42:10","guid":{"rendered":"https:\/\/www.europesays.com\/pt\/181216\/"},"modified":"2025-12-09T10:42:10","modified_gmt":"2025-12-09T10:42:10","slug":"hoje-na-netflix-a-excelente-minisserie-que-bateu-recordes-com-112-milhoes-de-visualizacoes-e-se-tornou-a-mais-assistida-da-plataforma-noticias-visto-na-web","status":"publish","type":"post","link":"https:\/\/www.europesays.com\/pt\/181216\/","title":{"rendered":"Hoje na Netflix, a excelente miniss\u00e9rie que bateu recordes com 112 milh\u00f5es de visualiza\u00e7\u00f5es e se tornou a mais assistida da plataforma &#8211; Not\u00edcias Visto na Web"},"content":{"rendered":"<p>Um fen\u00f4meno sem precedentes at\u00e9 ent\u00e3o na Netflix, que alavancou ainda mais a carreira de sua protagonista Anya Taylor-Joy.<\/p>\n<p class=\"bo-p\">J\u00e1 se passaram mais de cinco anos desde a estreia da miniss\u00e9rie que se tornou a mais assistida da hist\u00f3ria da Netflix, com 112,8 milh\u00f5es de visualiza\u00e7\u00f5es nos seus primeiros 91 dias na plataforma. Ela acabou perdendo esse t\u00edtulo, mas <a href=\"https:\/\/www.adorocinema.com\/series\/serie-24971\/\" class=\"bo-link\" rel=\"nofollow noopener\" target=\"_blank\">O Gambito da Rainha<\/a> ainda ocupa um lugar de destaque no ranking das melhores s\u00e9ries de todos os tempos da Netflix.<\/p>\n<p class=\"bo-p\">O Gambito da Rainha foi um t\u00edtulo que levou impressionantes 30 anos para se concretizar. Foi somente quando a Netflix se comprometeu firmemente com o projeto que <a href=\"https:\/\/www.adorocinema.com\/personalidades\/personalidade-43141\/\" class=\"bo-link\" rel=\"nofollow noopener\" target=\"_blank\">Scott Frank<\/a> finalmente p\u00f4de realizar seu sonho de adaptar o romance de <a href=\"https:\/\/www.adorocinema.com\/personalidades\/personalidade-75994\/\" class=\"bo-link\" rel=\"nofollow noopener\" target=\"_blank\">Walter Trevis<\/a> sobre a jogadora de xadrez Beth Harmon, que mistura realidade e fic\u00e7\u00e3o.<\/p>\n<p>Anya Taylor-Joy como protagonista \u00e9 o grande acerto de O Gambito da Rainha<\/p>\n<p>                                <img loading=\"lazy\" decoding=\"async\" class=\"article-figure-img\" src=\"https:\/\/www.europesays.com\/pt\/wp-content\/uploads\/2025\/12\/4015bce228c4c2b516a2ff0c85840ca0.jpg\" width=\"640\" height=\"320\" alt=\"\"\/><\/p>\n<p>                                    Netflix<\/p>\n<p class=\"bo-p\">Deixando de lado seu trabalho no roteiro, \u00e9 evidente que <b>o maior acerto de Frank foi escalar <\/b><a href=\"https:\/\/www.adorocinema.com\/personalidades\/personalidade-714777\/\" class=\"bo-link\" rel=\"nofollow noopener\" target=\"_blank\"><b>Anya Taylor-Joy<\/b><\/a><b> como Beth Harmon<\/b>. Ela j\u00e1 era uma atriz promissora na \u00e9poca, mas seu papel em O Gambito da Rainha mudou sua carreira para sempre. E com raz\u00e3o, pois ela est\u00e1 extraordin\u00e1ria em um papel que lhe permite demonstrar sua enorme versatilidade como atriz, sem que a miniss\u00e9rie se torne apenas um ve\u00edculo para sua glorifica\u00e7\u00e3o pessoal.<\/p>\n<p class=\"bo-p\">Outro ponto forte de O Gambito da Rainha \u00e9 o <b>excelente apoio que Taylor-Joy recebe<\/b>, e como cada um dos outros personagens tem o tempo de tela na medida certa, o que lhes confere uma presen\u00e7a distinta sem nunca ofusc\u00e1-los. Esse equil\u00edbrio \u00e9 fundamental para o ritmo dram\u00e1tico da s\u00e9rie e para manter o espectador envolvido com tudo o que acontece.<\/p>\n<p class=\"bo-p\">Frank se aproxima do formato biogr\u00e1fico, mas est\u00e1 ciente de que tem muito mais liberdade para trabalhar dentro dessa estrutura. Essa \u00e9 certamente uma das raz\u00f5es para optar por uma estrutura linear para contar a hist\u00f3ria de Beth Harmon, j\u00e1 que ele n\u00e3o est\u00e1 preso \u00e0 realidade e pode adicionar o que julgar necess\u00e1rio a qualquer momento para construir o que acontecer\u00e1 a seguir.<\/p>\n<p>Um fen\u00f4meno na Netflix<\/p>\n<p class=\"bo-p\">Tudo isso fez com que O Gambito da Rainha se tornasse um fen\u00f4meno sem precedentes na Netflix. Tanto que <b>seus 112,8 milh\u00f5es de visualiza\u00e7\u00f5es a tornaram n\u00e3o apenas a <\/b><a href=\"https:\/\/www.adorocinema.com\/noticias\/series\/noticia-156608\/\" class=\"bo-link\" rel=\"nofollow noopener\" target=\"_blank\"><b>miniss\u00e9rie mais assistida da plataforma at\u00e9 ent\u00e3o<\/b><\/a><b>, mas tamb\u00e9m a temporada mais assistida de uma s\u00e9rie regular<\/b>.<\/p>\n<p class=\"bo-p\">\u00c9 verdade que seu reinado na segunda categoria foi breve, j\u00e1 que <a href=\"https:\/\/www.adorocinema.com\/series\/serie-23886\/\" class=\"bo-link\" rel=\"nofollow noopener\" target=\"_blank\">Bridgerton<\/a> estreou alguns meses depois, com seu primeiro epis\u00f3dio alcan\u00e7ando 113,3 milh\u00f5es de visualiza\u00e7\u00f5es, mas atingir esse recorde diz muito sobre o fen\u00f4meno que foi O Gambito da Rainha. <a href=\"https:\/\/www.adorocinema.com\/noticias\/series\/noticia-156511\/\" class=\"bo-link\" rel=\"nofollow noopener\" target=\"_blank\">Chegou at\u00e9 a criar um pequeno boom do xadrez na vida real!<\/a><\/p>\n","protected":false},"excerpt":{"rendered":"Um fen\u00f4meno sem precedentes at\u00e9 ent\u00e3o na Netflix, que alavancou ainda mais a carreira de sua protagonista Anya&hellip;\n","protected":false},"author":2,"featured_media":181217,"comment_status":"","ping_status":"","sticky":false,"template":"","format":"standard","meta":{"footnotes":""},"categories":[85],"tags":[114,115,32,33],"class_list":{"0":"post-181216","1":"post","2":"type-post","3":"status-publish","4":"format-standard","5":"has-post-thumbnail","7":"category-entretenimento","8":"tag-entertainment","9":"tag-entretenimento","10":"tag-portugal","11":"tag-pt"},"share_on_mastodon":{"url":"https:\/\/pubeurope.com\/@pt\/115689196777636228","error":""},"_links":{"self":[{"href":"https:\/\/www.europesays.com\/pt\/wp-json\/wp\/v2\/posts\/181216","targetHints":{"allow":["GET"]}}],"collection":[{"href":"https:\/\/www.europesays.com\/pt\/wp-json\/wp\/v2\/posts"}],"about":[{"href":"https:\/\/www.europesays.com\/pt\/wp-json\/wp\/v2\/types\/post"}],"author":[{"embeddable":true,"href":"https:\/\/www.europesays.com\/pt\/wp-json\/wp\/v2\/users\/2"}],"replies":[{"embeddable":true,"href":"https:\/\/www.europesays.com\/pt\/wp-json\/wp\/v2\/comments?post=181216"}],"version-history":[{"count":0,"href":"https:\/\/www.europesays.com\/pt\/wp-json\/wp\/v2\/posts\/181216\/revisions"}],"wp:featuredmedia":[{"embeddable":true,"href":"https:\/\/www.europesays.com\/pt\/wp-json\/wp\/v2\/media\/181217"}],"wp:attachment":[{"href":"https:\/\/www.europesays.com\/pt\/wp-json\/wp\/v2\/media?parent=181216"}],"wp:term":[{"taxonomy":"category","embeddable":true,"href":"https:\/\/www.europesays.com\/pt\/wp-json\/wp\/v2\/categories?post=181216"},{"taxonomy":"post_tag","embeddable":true,"href":"https:\/\/www.europesays.com\/pt\/wp-json\/wp\/v2\/tags?post=181216"}],"curies":[{"name":"wp","href":"https:\/\/api.w.org\/{rel}","templated":true}]}}