{"id":181220,"date":"2025-12-09T10:45:10","date_gmt":"2025-12-09T10:45:10","guid":{"rendered":"https:\/\/www.europesays.com\/pt\/181220\/"},"modified":"2025-12-09T10:45:10","modified_gmt":"2025-12-09T10:45:10","slug":"lituania-em-estado-de-emergencia-nacional-devido-a-baloes-bielorrussos","status":"publish","type":"post","link":"https:\/\/www.europesays.com\/pt\/181220\/","title":{"rendered":"Litu\u00e2nia em estado de emerg\u00eancia nacional devido a bal\u00f5es bielorrussos"},"content":{"rendered":"<p data-remotead-prev-elm=\"true\" data-remotead-elm-id=\"inread\">Os referidos aparelhos voadores, que a ag\u00eancia noticiosa norte-americana AP descreve como tendo fun\u00e7\u00f5es de avalia\u00e7\u00e3o meteorol\u00f3gica, t\u00eam vindo a obrigar repetidamente \u00e0 suspens\u00e3o das opera\u00e7\u00f5es no aeroporto de V\u00edlnius, sendo percecionados como uma forma de guerra h\u00edbrida.<\/p>\n<p>O executivo daquele pa\u00eds b\u00e1ltico (nordeste da Europa) invocou hoje &#8220;interesses da seguran\u00e7a nacional&#8221; e &#8220;perigo&#8221; para vidas humanas, propriedades e ambiente em virtude de bal\u00f5es que transportam &#8220;contrabando&#8221; a partir daquela antiga rep\u00fablica sovi\u00e9tica.<\/p>\n<p>O an\u00fancio aconteceu ap\u00f3s reuni\u00e3o do conselho de ministros da Litu\u00e2nia, membro da Organiza\u00e7\u00e3o do Tratado do Atl\u00e2ntico Norte (NATO, na sigla inglesa), da qual Portugal \u00e9 um dos fundadores e conta com 32 estados-membros.<\/p>\n<p data-remotead-prev-elm=\"true\" data-remotead-elm-id=\"centro1\">A Litu\u00e2nia tem sido um dos pa\u00edses que mais apoia a causa ucraniana contra a ofensiva militar e invas\u00e3o russas, que come\u00e7ou em 24 de fevereiro de 2022, at\u00e9 pela sua proximidade geogr\u00e1fica face \u00e0quela pot\u00eancia nuclear, tendo tamb\u00e9m pertencido \u00e0 extinta Uni\u00e3o das Rep\u00fablicas Socialistas Sovi\u00e9ticas (URSS).<\/p>\n<p>&#8220;A emerg\u00eancia foi declarada por causa de perturba\u00e7\u00f5es \u00e0 avia\u00e7\u00e3o civil e devido a preocupa\u00e7\u00f5es com a seguran\u00e7a nacional. H\u00e1 necessidade de coordena\u00e7\u00e3o mais pr\u00f3xima entre as institui\u00e7\u00f5es&#8221;, disse o ministro da Administra\u00e7\u00e3o Interna lituano, Vladislavas Kondratovicius.<\/p>\n<p>Aquele g\u00e9nero de bal\u00f5es s\u00e3o normalmente utilizados para o contrabando de tabaco, mas as autoridades de Vilnius consideram que o aumento do seu n\u00famero e as respetivas trajet\u00f3rias s\u00e3o atos deliberados de perturba\u00e7\u00e3o orquestrados pelas hom\u00f3logas da Bielorr\u00fassia.<\/p>\n","protected":false},"excerpt":{"rendered":"Os referidos aparelhos voadores, que a ag\u00eancia noticiosa norte-americana AP descreve como tendo fun\u00e7\u00f5es de avalia\u00e7\u00e3o meteorol\u00f3gica, t\u00eam&hellip;\n","protected":false},"author":2,"featured_media":181221,"comment_status":"","ping_status":"","sticky":false,"template":"","format":"standard","meta":{"footnotes":""},"categories":[50],"tags":[2870,27,28,15,16,14,25,26,6554,21,22,62,12,13,19,20,23,24,17,18,29,30,31,63,64,65],"class_list":{"0":"post-181220","1":"post","2":"type-post","3":"status-publish","4":"format-standard","5":"has-post-thumbnail","7":"category-mundo","8":"tag-bielorrussia","9":"tag-breaking-news","10":"tag-breakingnews","11":"tag-featured-news","12":"tag-featurednews","13":"tag-headlines","14":"tag-latest-news","15":"tag-latestnews","16":"tag-lituania","17":"tag-main-news","18":"tag-mainnews","19":"tag-mundo","20":"tag-news","21":"tag-noticias","22":"tag-noticias-principais","23":"tag-noticiasprincipais","24":"tag-principais-noticias","25":"tag-principaisnoticias","26":"tag-top-stories","27":"tag-topstories","28":"tag-ultimas","29":"tag-ultimas-noticias","30":"tag-ultimasnoticias","31":"tag-world","32":"tag-world-news","33":"tag-worldnews"},"share_on_mastodon":{"url":"https:\/\/pubeurope.com\/@pt\/115689208157172861","error":""},"_links":{"self":[{"href":"https:\/\/www.europesays.com\/pt\/wp-json\/wp\/v2\/posts\/181220","targetHints":{"allow":["GET"]}}],"collection":[{"href":"https:\/\/www.europesays.com\/pt\/wp-json\/wp\/v2\/posts"}],"about":[{"href":"https:\/\/www.europesays.com\/pt\/wp-json\/wp\/v2\/types\/post"}],"author":[{"embeddable":true,"href":"https:\/\/www.europesays.com\/pt\/wp-json\/wp\/v2\/users\/2"}],"replies":[{"embeddable":true,"href":"https:\/\/www.europesays.com\/pt\/wp-json\/wp\/v2\/comments?post=181220"}],"version-history":[{"count":0,"href":"https:\/\/www.europesays.com\/pt\/wp-json\/wp\/v2\/posts\/181220\/revisions"}],"wp:featuredmedia":[{"embeddable":true,"href":"https:\/\/www.europesays.com\/pt\/wp-json\/wp\/v2\/media\/181221"}],"wp:attachment":[{"href":"https:\/\/www.europesays.com\/pt\/wp-json\/wp\/v2\/media?parent=181220"}],"wp:term":[{"taxonomy":"category","embeddable":true,"href":"https:\/\/www.europesays.com\/pt\/wp-json\/wp\/v2\/categories?post=181220"},{"taxonomy":"post_tag","embeddable":true,"href":"https:\/\/www.europesays.com\/pt\/wp-json\/wp\/v2\/tags?post=181220"}],"curies":[{"name":"wp","href":"https:\/\/api.w.org\/{rel}","templated":true}]}}