{"id":181223,"date":"2025-12-09T10:48:34","date_gmt":"2025-12-09T10:48:34","guid":{"rendered":"https:\/\/www.europesays.com\/pt\/181223\/"},"modified":"2025-12-09T10:48:34","modified_gmt":"2025-12-09T10:48:34","slug":"judi-dench-defende-harvey-weinstein-e-fala-em-perdao","status":"publish","type":"post","link":"https:\/\/www.europesays.com\/pt\/181223\/","title":{"rendered":"Judi Dench defende Harvey Weinstein e fala em perd\u00e3o"},"content":{"rendered":"<p class=\"bullet mt-0\" data-v-232111b4=\"\">Judi Dench, 90, defendeu o ex-produtor de cinema Harvey Weinstein, preso ap\u00f3s ser condenado por estupro. Ela ainda disse manter contato com <a href=\"https:\/\/www.uol.com.br\/splash\/noticias\/2025\/11\/20\/kevin-spacey-sem-casa.htm\" rel=\"nofollow noopener\" target=\"_blank\">Kevin Spacey, tamb\u00e9m acusado de crimes <\/a><a href=\"https:\/\/www.uol.com.br\/splash\/noticias\/2025\/11\/20\/kevin-spacey-sem-casa.htm\" rel=\"nofollow noopener\" target=\"_blank\">sexuais<\/a>.<\/p>\n<p>O que aconteceu<\/p>\n<p class=\"bullet\" data-v-232111b4=\"\"><strong>A atriz disse que &#8220;nunca teve uma experi\u00eancia ruim&#8221; com Weinstein.<\/strong> &#8220;Conheci Harvey, eu o conheci bem e trabalhei com ele. N\u00e3o tive nenhuma experi\u00eancia dessas [de abuso] \u2014 felizmente para mim&#8221;, disse, em entrevista ao Radio Times, acrescentando que tem empatia pelas v\u00edtimas do ex-magnata do cinema.<\/p>\n<p class=\"bullet\" data-v-232111b4=\"\">Imagino que ele j\u00e1 pagou pelo que fez. N\u00e3o sei, para mim isso \u00e9 pessoal \u2014 o perd\u00e3o. <strong>Judi Dench<\/strong><\/p>\n","protected":false},"excerpt":{"rendered":"Judi Dench, 90, defendeu o ex-produtor de cinema Harvey Weinstein, preso ap\u00f3s ser condenado por estupro. Ela ainda&hellip;\n","protected":false},"author":2,"featured_media":181224,"comment_status":"","ping_status":"","sticky":false,"template":"","format":"standard","meta":{"footnotes":""},"categories":[145],"tags":[211,210,114,115,32,33],"class_list":{"0":"post-181223","1":"post","2":"type-post","3":"status-publish","4":"format-standard","5":"has-post-thumbnail","7":"category-celebridades","8":"tag-celebridades","9":"tag-celebrities","10":"tag-entertainment","11":"tag-entretenimento","12":"tag-portugal","13":"tag-pt"},"share_on_mastodon":{"url":"https:\/\/pubeurope.com\/@pt\/115689219918104351","error":""},"_links":{"self":[{"href":"https:\/\/www.europesays.com\/pt\/wp-json\/wp\/v2\/posts\/181223","targetHints":{"allow":["GET"]}}],"collection":[{"href":"https:\/\/www.europesays.com\/pt\/wp-json\/wp\/v2\/posts"}],"about":[{"href":"https:\/\/www.europesays.com\/pt\/wp-json\/wp\/v2\/types\/post"}],"author":[{"embeddable":true,"href":"https:\/\/www.europesays.com\/pt\/wp-json\/wp\/v2\/users\/2"}],"replies":[{"embeddable":true,"href":"https:\/\/www.europesays.com\/pt\/wp-json\/wp\/v2\/comments?post=181223"}],"version-history":[{"count":0,"href":"https:\/\/www.europesays.com\/pt\/wp-json\/wp\/v2\/posts\/181223\/revisions"}],"wp:featuredmedia":[{"embeddable":true,"href":"https:\/\/www.europesays.com\/pt\/wp-json\/wp\/v2\/media\/181224"}],"wp:attachment":[{"href":"https:\/\/www.europesays.com\/pt\/wp-json\/wp\/v2\/media?parent=181223"}],"wp:term":[{"taxonomy":"category","embeddable":true,"href":"https:\/\/www.europesays.com\/pt\/wp-json\/wp\/v2\/categories?post=181223"},{"taxonomy":"post_tag","embeddable":true,"href":"https:\/\/www.europesays.com\/pt\/wp-json\/wp\/v2\/tags?post=181223"}],"curies":[{"name":"wp","href":"https:\/\/api.w.org\/{rel}","templated":true}]}}