{"id":181225,"date":"2025-12-09T10:51:34","date_gmt":"2025-12-09T10:51:34","guid":{"rendered":"https:\/\/www.europesays.com\/pt\/181225\/"},"modified":"2025-12-09T10:51:34","modified_gmt":"2025-12-09T10:51:34","slug":"ana-e-marisa-acusam-liliana-de-fingir-simpatia-para-obter-vantagens-secret-story","status":"publish","type":"post","link":"https:\/\/www.europesays.com\/pt\/181225\/","title":{"rendered":"Ana e Marisa acusam Liliana de fingir simpatia para obter vantagens &#8211; Secret Story"},"content":{"rendered":"<p data-end=\"720\" data-start=\"221\">A Cadeira Quente do <strong>Secret Story 9<\/strong> prosseguiu com A Voz a questionar F\u00e1bio e Liliana sobre se se sentem cada vez mais isolados na Casa. Liliana admitiu sentir-se sozinha e garantiu que n\u00e3o far\u00e1 fretes ao juntar-se a pessoas com quem n\u00e3o simpatiza. Ana acusou Liliana de fingir simpatia apenas para obter benef\u00edcios, nomeadamente as suas sapatilhas. Marisa refor\u00e7ou a ideia, afirmando que Liliana foi interesseira ao pedir ajuda para colar as pestanas, o que desencadeou uma nova discuss\u00e3o na Casa.<\/p>\n<p>A gala de ontem foi cheia de emo\u00e7\u00f5es fortes, <strong>marcada por mais uma sa\u00edda da casa mais vigiada do Pa\u00eds<\/strong>. Ao longo da gala do Secret Story 9 deste domingo, dia 7 de dezembro, <strong>as percentagens foram reveladas e rapidamente se percebeu que a disputa estava mais apertada do que nunca.<\/strong><\/p>\n<p><strong>Marisa foi a primeira concorrente a ser salva<\/strong>, conquistando 36% dos votos. Os restantes quatro nomes mantiveram-se em risco, numa batalha intensa pela perman\u00eancia at\u00e9 ao fim.<\/p>\n<p>Quando chegou o momento decisivo, as diferen\u00e7as eram m\u00ednimas. <strong>Pedro somou 50% e Liliana reuniu 33%<\/strong>. Mas a concorrente menos votada e, por isso, a abandonar este domingo a casa mais vigiada do Pa\u00eds foi <strong>Bruna, com apenas 17% dos votos.\u00a0<\/strong><\/p>\n","protected":false},"excerpt":{"rendered":"A Cadeira Quente do Secret Story 9 prosseguiu com A Voz a questionar F\u00e1bio e Liliana sobre se&hellip;\n","protected":false},"author":2,"featured_media":181226,"comment_status":"","ping_status":"","sticky":false,"template":"","format":"standard","meta":{"footnotes":""},"categories":[142],"tags":[6340,114,115,19033,19016,19184,19034,32,33,151,19032],"class_list":{"0":"post-181225","1":"post","2":"type-post","3":"status-publish","4":"format-standard","5":"has-post-thumbnail","7":"category-tv","8":"tag-ana","9":"tag-entertainment","10":"tag-entretenimento","11":"tag-galas-em-video","12":"tag-liliana","13":"tag-marisa","14":"tag-melhores-momentos-casa-dos-segredos","15":"tag-portugal","16":"tag-pt","17":"tag-tv","18":"tag-videos-secret-story-tvi"},"share_on_mastodon":{"url":"https:\/\/pubeurope.com\/@pt\/115689231840483960","error":""},"_links":{"self":[{"href":"https:\/\/www.europesays.com\/pt\/wp-json\/wp\/v2\/posts\/181225","targetHints":{"allow":["GET"]}}],"collection":[{"href":"https:\/\/www.europesays.com\/pt\/wp-json\/wp\/v2\/posts"}],"about":[{"href":"https:\/\/www.europesays.com\/pt\/wp-json\/wp\/v2\/types\/post"}],"author":[{"embeddable":true,"href":"https:\/\/www.europesays.com\/pt\/wp-json\/wp\/v2\/users\/2"}],"replies":[{"embeddable":true,"href":"https:\/\/www.europesays.com\/pt\/wp-json\/wp\/v2\/comments?post=181225"}],"version-history":[{"count":0,"href":"https:\/\/www.europesays.com\/pt\/wp-json\/wp\/v2\/posts\/181225\/revisions"}],"wp:featuredmedia":[{"embeddable":true,"href":"https:\/\/www.europesays.com\/pt\/wp-json\/wp\/v2\/media\/181226"}],"wp:attachment":[{"href":"https:\/\/www.europesays.com\/pt\/wp-json\/wp\/v2\/media?parent=181225"}],"wp:term":[{"taxonomy":"category","embeddable":true,"href":"https:\/\/www.europesays.com\/pt\/wp-json\/wp\/v2\/categories?post=181225"},{"taxonomy":"post_tag","embeddable":true,"href":"https:\/\/www.europesays.com\/pt\/wp-json\/wp\/v2\/tags?post=181225"}],"curies":[{"name":"wp","href":"https:\/\/api.w.org\/{rel}","templated":true}]}}