{"id":181227,"date":"2025-12-09T10:52:16","date_gmt":"2025-12-09T10:52:16","guid":{"rendered":"https:\/\/www.europesays.com\/pt\/181227\/"},"modified":"2025-12-09T10:52:16","modified_gmt":"2025-12-09T10:52:16","slug":"a-oferta-milionaria-que-o-oasis-recusou-por-causa-de-bono-segundo-jornal","status":"publish","type":"post","link":"https:\/\/www.europesays.com\/pt\/181227\/","title":{"rendered":"A oferta milion\u00e1ria que o Oasis recusou por causa de Bono, segundo jornal"},"content":{"rendered":"<p>\n                        Vocalista do U2 teria reclamado com os irm\u00e3os Gallagher sobre a dor de cabe\u00e7a financeira que \u00e9 montar esse tipo de espet\u00e1culo\n                    <\/p>\n<ul class=\"article__header__author\">\n<li class=\"article__header__author__item\">\n                                                Por:<br \/>\n                                                                                    Pedro Hollanda \/ Rolling Stone Brasil\n                                                                        <\/li>\n<\/ul>\n<p class=\"text\">A turn\u00ea de retorno do <b>Oasis<\/b> foi uma das maiores hist\u00f3rias da ind\u00fastria musical em 2025. Agora, o futuro do grupo formado pelos irm\u00e3os <b>Noel<\/b> e <b>Liam Gallagher<\/b> parece aberto para qualquer coisa \u2014 exceto tocar em um lugar espec\u00edfico de Las Vegas.<\/p>\n<p><img loading=\"lazy\" decoding=\"async\" alt=\"Liam e Noel Gallagher no retorno do Oasis\" class=\"img-593cef4bfad469862e31eaf5478d2ccezjpa6619\" height=\"435\" src=\"https:\/\/www.europesays.com\/pt\/wp-content\/uploads\/2025\/12\/68690357-oasis-banda-show-brasil-2025-liam-gallagher-noel-gallagher-foto-simon-emmett.jpg\"  title=\"Liam e Noel Gallagher no retorno do Oasis\" width=\"774\"\/><\/p>\n<p>Liam e Noel Gallagher no retorno do Oasis<\/p>\n<p>Foto: Simon Emmett \/ Rolling Stone Brasil<\/p>\n<p class=\"text\">Segundo reportagem do tabloide ingl\u00eas The Sun, a banda de Manchester, Inglaterra, rejeitou uma oferta milion\u00e1ria para fazer uma resid\u00eancia no The Sphere. A casa de espet\u00e1culos se notabilizou por seu formato hemisf\u00e9rico e as proje\u00e7\u00f5es no exterior.<\/p>\n<p class=\"text\">O motivo? <b>Bono<\/b>. O vocalista do <b>U2<\/b> \u2014 e grande amigo de Noel \u2014 teria reclamado com os irm\u00e3os dos custos astron\u00f4micos relacionados a produzir a resid\u00eancia do grupo irland\u00eas no local em 2023. Ao que tudo indica, a situa\u00e7\u00e3o dissuadiu o Oasis de aceitar a oferta.<\/p>\n<p class=\"text\">Uma fonte n\u00e3o revelada declarou:<\/p>\n<blockquote>\n<p class=\"text\">&#8220;Ele [Noel] lembrou do Bono reclamando do custo enorme de montar um show l\u00e1. Ele sempre fica atento ao balan\u00e7o dele e da banda com rela\u00e7\u00e3o ao custo dos shows. Ele n\u00e3o vai desperdi\u00e7ar dinheiro num espet\u00e1culo que vai perder dinheiro para ele e todo mundo.&#8221;<\/p>\n<\/blockquote>\n<p class=\"text\">N\u00e3o \u00e9 como se a passagem do U2 por Las Vegas tivesse sido um fracasso. Ao longo de 40 apresenta\u00e7\u00f5es entre setembro de 2023 e mar\u00e7o de 2024, o espet\u00e1culo <b>U2:UV Achtung Baby Live at Sphere <\/b>atraiu 663 mil pessoas para The Sphere e arrecadou US$ 244,5 milh\u00f5es (mais de R$ 1,3 bilh\u00e3o na cota\u00e7\u00e3o atual) de bilheteria \u2014 a quarta maior marca para uma resid\u00eancia na hist\u00f3ria.<\/p>\n<p><b>Pr\u00f3ximo passo do Oasis<\/b><\/p>\n<p class=\"text\">No momento, o Oasis est\u00e1 de f\u00e9rias. Ap\u00f3s o show final da turn\u00ea de retorno, no Est\u00e1dio MorumBIS, em S\u00e3o Paulo, os integrantes afirmaram em comunicado que iriam tirar um tempo para refletir nos acontecimentos do ano e se reagrupar.<\/p>\n<p class=\"text\">Noel Gallagher praticamente n\u00e3o concedeu entrevistas. Enquanto isso, Liam tem publicado indiretas e piadas sobre a expectativa geral na sua conta do X\/Twitter.<\/p>\n","protected":false},"excerpt":{"rendered":"Vocalista do U2 teria reclamado com os irm\u00e3os Gallagher sobre a dor de cabe\u00e7a financeira que \u00e9 montar&hellip;\n","protected":false},"author":2,"featured_media":181228,"comment_status":"","ping_status":"","sticky":false,"template":"","format":"standard","meta":{"footnotes":""},"categories":[141],"tags":[114,115,149,150,32,33],"class_list":{"0":"post-181227","1":"post","2":"type-post","3":"status-publish","4":"format-standard","5":"has-post-thumbnail","7":"category-musica","8":"tag-entertainment","9":"tag-entretenimento","10":"tag-music","11":"tag-musica","12":"tag-portugal","13":"tag-pt"},"share_on_mastodon":{"url":"https:\/\/pubeurope.com\/@pt\/115689235874218318","error":""},"_links":{"self":[{"href":"https:\/\/www.europesays.com\/pt\/wp-json\/wp\/v2\/posts\/181227","targetHints":{"allow":["GET"]}}],"collection":[{"href":"https:\/\/www.europesays.com\/pt\/wp-json\/wp\/v2\/posts"}],"about":[{"href":"https:\/\/www.europesays.com\/pt\/wp-json\/wp\/v2\/types\/post"}],"author":[{"embeddable":true,"href":"https:\/\/www.europesays.com\/pt\/wp-json\/wp\/v2\/users\/2"}],"replies":[{"embeddable":true,"href":"https:\/\/www.europesays.com\/pt\/wp-json\/wp\/v2\/comments?post=181227"}],"version-history":[{"count":0,"href":"https:\/\/www.europesays.com\/pt\/wp-json\/wp\/v2\/posts\/181227\/revisions"}],"wp:featuredmedia":[{"embeddable":true,"href":"https:\/\/www.europesays.com\/pt\/wp-json\/wp\/v2\/media\/181228"}],"wp:attachment":[{"href":"https:\/\/www.europesays.com\/pt\/wp-json\/wp\/v2\/media?parent=181227"}],"wp:term":[{"taxonomy":"category","embeddable":true,"href":"https:\/\/www.europesays.com\/pt\/wp-json\/wp\/v2\/categories?post=181227"},{"taxonomy":"post_tag","embeddable":true,"href":"https:\/\/www.europesays.com\/pt\/wp-json\/wp\/v2\/tags?post=181227"}],"curies":[{"name":"wp","href":"https:\/\/api.w.org\/{rel}","templated":true}]}}