{"id":181231,"date":"2025-12-09T10:55:08","date_gmt":"2025-12-09T10:55:08","guid":{"rendered":"https:\/\/www.europesays.com\/pt\/181231\/"},"modified":"2025-12-09T10:55:08","modified_gmt":"2025-12-09T10:55:08","slug":"caminhao-carregado-com-alho-tomba-na-br-277-e-motorista-fica-ferido","status":"publish","type":"post","link":"https:\/\/www.europesays.com\/pt\/181231\/","title":{"rendered":"Caminh\u00e3o carregado com alho tomba na BR-277 e motorista fica ferido"},"content":{"rendered":"<p data-start=\"259\" data-end=\"552\">Um caminh\u00e3o carregado com uma carga de alho tombou na madrugada desta ter\u00e7a-feira (9) no km 415 da BR-277, em um trecho localizado entre os munic\u00edpios de Virmond e Cand\u00f3i, no Centro-Sul do Paran\u00e1. O acidente ocorreu durante a madrugada, mobilizando equipes de resgate e \u00f3rg\u00e3os de seguran\u00e7a.<\/p>\n<p data-start=\"554\" data-end=\"911\">De acordo com informa\u00e7\u00f5es repassadas pelas equipes que atenderam a ocorr\u00eancia, o motorista teve ferimentos moderados, com necessidade de atendimento m\u00e9dico, mas sem risco de morte. Ele foi socorrido ainda no local e, ap\u00f3s os primeiros cuidados, encaminhado a uma unidade hospitalar da regi\u00e3o.<\/p>\n<p data-start=\"913\" data-end=\"1208\">A carga de alho ficou espalhada \u00e0s margens da rodovia, e parte do caminh\u00e3o permaneceu tombada sobre a pista, exigindo aten\u00e7\u00e3o redobrada dos motoristas que passaram pelo trecho durante a manh\u00e3. As equipes trabalharam na remo\u00e7\u00e3o do ve\u00edculo e na limpeza da via para restabelecer totalmente o fluxo.<\/p>\n","protected":false},"excerpt":{"rendered":"Um caminh\u00e3o carregado com uma carga de alho tombou na madrugada desta ter\u00e7a-feira (9) no km 415 da&hellip;\n","protected":false},"author":2,"featured_media":181232,"comment_status":"","ping_status":"","sticky":false,"template":"","format":"standard","meta":{"footnotes":""},"categories":[86],"tags":[28621,37082,116,32,33,117],"class_list":{"0":"post-181231","1":"post","2":"type-post","3":"status-publish","4":"format-standard","5":"has-post-thumbnail","7":"category-saude","8":"tag-cascavel","9":"tag-cascavel-e-regiao","10":"tag-health","11":"tag-portugal","12":"tag-pt","13":"tag-saude"},"share_on_mastodon":{"url":"https:\/\/pubeurope.com\/@pt\/115689247536597337","error":""},"_links":{"self":[{"href":"https:\/\/www.europesays.com\/pt\/wp-json\/wp\/v2\/posts\/181231","targetHints":{"allow":["GET"]}}],"collection":[{"href":"https:\/\/www.europesays.com\/pt\/wp-json\/wp\/v2\/posts"}],"about":[{"href":"https:\/\/www.europesays.com\/pt\/wp-json\/wp\/v2\/types\/post"}],"author":[{"embeddable":true,"href":"https:\/\/www.europesays.com\/pt\/wp-json\/wp\/v2\/users\/2"}],"replies":[{"embeddable":true,"href":"https:\/\/www.europesays.com\/pt\/wp-json\/wp\/v2\/comments?post=181231"}],"version-history":[{"count":0,"href":"https:\/\/www.europesays.com\/pt\/wp-json\/wp\/v2\/posts\/181231\/revisions"}],"wp:featuredmedia":[{"embeddable":true,"href":"https:\/\/www.europesays.com\/pt\/wp-json\/wp\/v2\/media\/181232"}],"wp:attachment":[{"href":"https:\/\/www.europesays.com\/pt\/wp-json\/wp\/v2\/media?parent=181231"}],"wp:term":[{"taxonomy":"category","embeddable":true,"href":"https:\/\/www.europesays.com\/pt\/wp-json\/wp\/v2\/categories?post=181231"},{"taxonomy":"post_tag","embeddable":true,"href":"https:\/\/www.europesays.com\/pt\/wp-json\/wp\/v2\/tags?post=181231"}],"curies":[{"name":"wp","href":"https:\/\/api.w.org\/{rel}","templated":true}]}}