{"id":181239,"date":"2025-12-09T11:02:15","date_gmt":"2025-12-09T11:02:15","guid":{"rendered":"https:\/\/www.europesays.com\/pt\/181239\/"},"modified":"2025-12-09T11:02:15","modified_gmt":"2025-12-09T11:02:15","slug":"ex-fazenda-perde-posto-de-musa-na-vila-isabel","status":"publish","type":"post","link":"https:\/\/www.europesays.com\/pt\/181239\/","title":{"rendered":"ex-fazenda perde posto de musa na Vila Isabel"},"content":{"rendered":"<p class=\"bullet mt-0\" data-v-232111b4=\"\"><strong>Rayane Figliuzzi tamb\u00e9m teve seu nome envolvido em uma briga entre assessoras que teria terminado com uma ofensa racista. <\/strong>Na nota de desligamento, a Vila Isabel cita o caso ao dizer que &#8220;comportamentos discriminat\u00f3rios n\u00e3o s\u00e3o aceitos no seio da comunidade&#8221;.<\/p>\n<p class=\"bullet\" data-v-232111b4=\"\">&#8220;Preconceito \u00e9 burrice; quem o pratica deixa de ser humano para se tornar uma coisa sem valor&#8221;, afirmou o Patrono da escola, o Capit\u00e3o Guimar\u00e3es.<\/p>\n<p class=\"bullet\" data-v-232111b4=\"\"><strong>Splash entrou em contato com Rayane Figliuzzi para obter um posicionamento.<\/strong> O texto ser\u00e1 atualizado assim que houver manifesta\u00e7\u00e3o da ex-peoa de A Fazenda 17.<\/p>\n<p>Veja a nota completa da Vila Isabel:<\/p>\n<p class=\"bullet\" data-v-232111b4=\"\">A Unidos de Vila Isabel informa que Rayane Figliuzzi n\u00e3o faz mais parte do quadro de musas da escola para o Carnaval 2026. A decis\u00e3o foi tomada nesta segunda-feira (8), em virtude da impossibilidade de cumprimento das agendas e compromissos necess\u00e1rios para o cargo.<\/p>\n<p class=\"bullet\" data-v-232111b4=\"\">De acordo com o presidente da escola, Luiz Guimar\u00e3es, o posto de musa exige dedica\u00e7\u00e3o integral durante o processo de prepara\u00e7\u00e3o para o desfile. Com a aus\u00eancia de disponibilidade da influenciadora, tornou-se invi\u00e1vel manter o v\u00ednculo.<\/p>\n","protected":false},"excerpt":{"rendered":"Rayane Figliuzzi tamb\u00e9m teve seu nome envolvido em uma briga entre assessoras que teria terminado com uma ofensa&hellip;\n","protected":false},"author":2,"featured_media":181240,"comment_status":"","ping_status":"","sticky":false,"template":"","format":"standard","meta":{"footnotes":""},"categories":[145],"tags":[211,210,114,115,32,33],"class_list":{"0":"post-181239","1":"post","2":"type-post","3":"status-publish","4":"format-standard","5":"has-post-thumbnail","7":"category-celebridades","8":"tag-celebridades","9":"tag-celebrities","10":"tag-entertainment","11":"tag-entretenimento","12":"tag-portugal","13":"tag-pt"},"share_on_mastodon":{"url":"https:\/\/pubeurope.com\/@pt\/115689274915603279","error":""},"_links":{"self":[{"href":"https:\/\/www.europesays.com\/pt\/wp-json\/wp\/v2\/posts\/181239","targetHints":{"allow":["GET"]}}],"collection":[{"href":"https:\/\/www.europesays.com\/pt\/wp-json\/wp\/v2\/posts"}],"about":[{"href":"https:\/\/www.europesays.com\/pt\/wp-json\/wp\/v2\/types\/post"}],"author":[{"embeddable":true,"href":"https:\/\/www.europesays.com\/pt\/wp-json\/wp\/v2\/users\/2"}],"replies":[{"embeddable":true,"href":"https:\/\/www.europesays.com\/pt\/wp-json\/wp\/v2\/comments?post=181239"}],"version-history":[{"count":0,"href":"https:\/\/www.europesays.com\/pt\/wp-json\/wp\/v2\/posts\/181239\/revisions"}],"wp:featuredmedia":[{"embeddable":true,"href":"https:\/\/www.europesays.com\/pt\/wp-json\/wp\/v2\/media\/181240"}],"wp:attachment":[{"href":"https:\/\/www.europesays.com\/pt\/wp-json\/wp\/v2\/media?parent=181239"}],"wp:term":[{"taxonomy":"category","embeddable":true,"href":"https:\/\/www.europesays.com\/pt\/wp-json\/wp\/v2\/categories?post=181239"},{"taxonomy":"post_tag","embeddable":true,"href":"https:\/\/www.europesays.com\/pt\/wp-json\/wp\/v2\/tags?post=181239"}],"curies":[{"name":"wp","href":"https:\/\/api.w.org\/{rel}","templated":true}]}}