{"id":181243,"date":"2025-12-09T11:08:09","date_gmt":"2025-12-09T11:08:09","guid":{"rendered":"https:\/\/www.europesays.com\/pt\/181243\/"},"modified":"2025-12-09T11:08:09","modified_gmt":"2025-12-09T11:08:09","slug":"o-sporting-o-bayern-e-a-anedota-do-joaozinho-na-bicicleta-futebol-internacional","status":"publish","type":"post","link":"https:\/\/www.europesays.com\/pt\/181243\/","title":{"rendered":"O Sporting, o Bayern e a anedota do Jo\u00e3ozinho na bicicleta | Futebol internacional"},"content":{"rendered":"<p>Sem m\u00e3os, sem p\u00e9s, sem dentes. Sem Pedro Gon\u00e7alves, sem Quenda, sem Trinc\u00e3o \u2013 e, espera o Sporting, \u201ccom dentes\u201d. Se o Bayern-Sporting da Liga dos Campe\u00f5es (17h45, SPTV5) for uma anedota popular, ent\u00e3o os \u201cle\u00f5es\u201d querer\u00e3o fugir da infeliz sina do Jo\u00e3ozinho aventureiro numa bicicleta.<\/p>\n<p>\u201cM\u00e3e, olha! Agora sem Trinc\u00e3o\u201d ser\u00e1 o grito final da equipa de Rui Borges, que para este jogo provavelmente j\u00e1 contaria n\u00e3o ter Quenda e, possivelmente, n\u00e3o ter Pedro Gon\u00e7alves.<\/p>\n<p>Para os \u201cle\u00f5es\u201d, estas aus\u00eancias por les\u00e3o significam entrar em campo sem aquele que \u00e9, em teoria, o melhor trio de apoio ao avan\u00e7ado, o que reduz a capacidade ofensiva para poder jogar em Munique. E esta \u00e9 a m\u00e1 not\u00edcia.<\/p>\n<p>A boa not\u00edcia \u00e9 que este jogo permite percal\u00e7os. O Sporting est\u00e1 neste momento no oitavo lugar da Liga dos Campe\u00f5es, em posi\u00e7\u00e3o n\u00e3o s\u00f3 de seguir em frente, mas de saltar directamente para os oitavos-de-final. H\u00e1, nessa medida, espa\u00e7o para n\u00e3o ver o desafio em Munique como um tudo ou nada \u2013 at\u00e9 porque ainda h\u00e1 um desafio com um Bilbau pouco feliz na Champions at\u00e9 agora.<\/p>\n<p>Por este motivo \u2013 e tamb\u00e9m pelas les\u00f5es e pelo hist\u00f3rico de Rui Borges \u2013, \u00e9 prov\u00e1vel que o Sporting apresente um \u201conze\u201d bastante diferente do habitual no campeonato. No fundo, n\u00e3o ser\u00e1 nova a ideia de o Sporting ver a Champions como uma prova secund\u00e1ria \u2013 pelo menos a avaliar pelas escolhas em v\u00e1rias partidas.<\/p>\n<p><strong>As bolas longas<\/strong><\/p>\n<p>Para este jogo h\u00e1 algumas tend\u00eancias interessantes. Uma diz-nos que o Bayern \u00e9 a terceira equipa da Champions com menos duelos a\u00e9reos ganhos, o que pode significar uma de duas coisas (ou ambas): ou \u00e9 uma equipa fraca nesse cap\u00edtulo do jogo ou \u00e9 uma equipa que n\u00e3o permite que os jogos v\u00e3o para esse perfil de duelos.<\/p>\n<p>Outro dado relevante \u00e9 que o Bayern \u00e9 a equipa com mais bolas longas de sucesso por jogo e a s\u00e9tima com mais bolas longas tentadas. E o Sporting \u00e9, das 36 equipas em prova, a quarta que menos bolas longas permite aos advers\u00e1rios.<\/p>\n<p>Estes dados conflituantes podem trazer uma din\u00e2mica divertida para este jogo, j\u00e1 que o Bayern procura explorar o ataque ao espa\u00e7o e o jogo directo para Kane, forte a segurar de costas para a baliza advers\u00e1ria. J\u00e1 o Sporting \u00e9 a equipa da Champions que maior percentagem do tempo passa no ter\u00e7o central do campo \u2013 o que sugere que n\u00e3o pressiona alto, mas tamb\u00e9m n\u00e3o recua demasiado a linha defensiva.<\/p>\n<p>Vincent Kompany, treinador do Bayern, abordou um pouco destes tra\u00e7os na antevis\u00e3o do jogo: \u201c\u00c9 uma equipa que \u00e9 muito compacta quando tem de defender na zona interm\u00e9dia. T\u00eam uma linha defensiva muito activa, que pressiona constantemente e diminui o espa\u00e7o para a bola\u201d.<\/p>\n<p>Apesar destes dados que sugerem espa\u00e7o de manobra aos \u201cle\u00f5es\u201d, h\u00e1 outros que sugerem problemas. Um remete para o poder ofensivo do Bayern, que \u00e9 a segunda equipa com mais golos esperados e com mais oportunidades claras de golo criadas.<\/p>\n<p>Outro dado diz-nos que na distribui\u00e7\u00e3o das zonas preferenciais para atacar o Bayern n\u00e3o aparece no topo de nenhum dos tr\u00eas corredores: significa que distribui muito o seu jogo e consegue criar jogadas um pouco por todo o lado \u2013 ao contr\u00e1rio, por exemplo, do pr\u00f3prio Sporting, que faz 40% dos ataques pela direita.<\/p>\n<p><strong>Tudo a ver Munique<\/strong><\/p>\n<p>Uma solu\u00e7\u00e3o para o Sporting, at\u00e9 pelas aus\u00eancias que tem, seria o regresso a uma n\u00e3o muito habitual \u2013 embora n\u00e3o in\u00e9dita \u2013 linha de cinco defesas.<\/p>\n<p>A n\u00edvel estrat\u00e9gico, o Bayern dever\u00e1 manter a habitual press\u00e3o com refer\u00eancias individuais a campo inteiro, outro factor que pode seduzir Rui Borges a ter uma solu\u00e7\u00e3o adicional para sair a jogar \u2013 mais uma linha de passe atr\u00e1s obriga o Bayern a mover um jogador a mais para a press\u00e3o.<\/p>\n<p>Mas ter um jogador a mais na sa\u00edda de bola n\u00e3o \u00e9, por si s\u00f3, um factor que resolva problemas \u2013 possivelmente vai fazer a equipa ter bola em zonas mais recuadas e mais fluidez na sa\u00edda, mas depois ter menos gente para manter a bola na zona de cria\u00e7\u00e3o.<\/p>\n<p>Garantido, segundo Rui Borges, \u00e9 que a equipa vai ser submetida a um bloco mais baixo. \u201cEm alguns momentos vamos estar em bloco mais baixo e momento mais defensivo\u201d, disse na antevis\u00e3o do jogo. E acrescentou: \u201cClaramente n\u00e3o somos favoritos a ganhar. J\u00e1 n\u00e3o o \u00e9ramos com a equipa toda dispon\u00edvel. Estaria a ser hip\u00f3crita se dissesse que v\u00ednhamos aqui dividir 50\/50. Esque\u00e7am isso, n\u00e3o \u00e9 50\/50\u201d.<\/p>\n<p>Por fim, outra boa not\u00edcia: toda a Europa pode ver o Sporting em Munique. O desafio est\u00e1 agendado para as 17h45 e \u00e9 o \u00fanico na jornada da tarde: o Kairat-Olympiakos, por se jogar num fuso hor\u00e1rio muito oriental, est\u00e1 marcado para as 15h30 de Portugal continental.<\/p>\n","protected":false},"excerpt":{"rendered":"Sem m\u00e3os, sem p\u00e9s, sem dentes. Sem Pedro Gon\u00e7alves, sem Quenda, sem Trinc\u00e3o \u2013 e, espera o Sporting,&hellip;\n","protected":false},"author":2,"featured_media":181244,"comment_status":"","ping_status":"","sticky":false,"template":"","format":"standard","meta":{"footnotes":""},"categories":[87],"tags":[2438,135,524,138,1003,32,33,34,134],"class_list":{"0":"post-181243","1":"post","2":"type-post","3":"status-publish","4":"format-standard","5":"has-post-thumbnail","7":"category-desporto","8":"tag-bayern-munique","9":"tag-desporto","10":"tag-futebol","11":"tag-futebol-internacional","12":"tag-liga-dos-campeoes","13":"tag-portugal","14":"tag-pt","15":"tag-sporting","16":"tag-sports"},"share_on_mastodon":{"url":"https:\/\/pubeurope.com\/@pt\/115689298734865285","error":""},"_links":{"self":[{"href":"https:\/\/www.europesays.com\/pt\/wp-json\/wp\/v2\/posts\/181243","targetHints":{"allow":["GET"]}}],"collection":[{"href":"https:\/\/www.europesays.com\/pt\/wp-json\/wp\/v2\/posts"}],"about":[{"href":"https:\/\/www.europesays.com\/pt\/wp-json\/wp\/v2\/types\/post"}],"author":[{"embeddable":true,"href":"https:\/\/www.europesays.com\/pt\/wp-json\/wp\/v2\/users\/2"}],"replies":[{"embeddable":true,"href":"https:\/\/www.europesays.com\/pt\/wp-json\/wp\/v2\/comments?post=181243"}],"version-history":[{"count":0,"href":"https:\/\/www.europesays.com\/pt\/wp-json\/wp\/v2\/posts\/181243\/revisions"}],"wp:featuredmedia":[{"embeddable":true,"href":"https:\/\/www.europesays.com\/pt\/wp-json\/wp\/v2\/media\/181244"}],"wp:attachment":[{"href":"https:\/\/www.europesays.com\/pt\/wp-json\/wp\/v2\/media?parent=181243"}],"wp:term":[{"taxonomy":"category","embeddable":true,"href":"https:\/\/www.europesays.com\/pt\/wp-json\/wp\/v2\/categories?post=181243"},{"taxonomy":"post_tag","embeddable":true,"href":"https:\/\/www.europesays.com\/pt\/wp-json\/wp\/v2\/tags?post=181243"}],"curies":[{"name":"wp","href":"https:\/\/api.w.org\/{rel}","templated":true}]}}