{"id":181250,"date":"2025-12-09T11:13:16","date_gmt":"2025-12-09T11:13:16","guid":{"rendered":"https:\/\/www.europesays.com\/pt\/181250\/"},"modified":"2025-12-09T11:13:16","modified_gmt":"2025-12-09T11:13:16","slug":"lituania-declara-estado-de-emergencia-por-causa-de-baloes-da-bielorrussia-lituania","status":"publish","type":"post","link":"https:\/\/www.europesays.com\/pt\/181250\/","title":{"rendered":"Litu\u00e2nia declara estado de emerg\u00eancia por causa de bal\u00f5es da Bielorr\u00fassia | Litu\u00e2nia"},"content":{"rendered":"<p>A Litu\u00e2nia declarou nesta ter\u00e7a-feira estado de emerg\u00eancia devido a amea\u00e7as \u00e0 seguran\u00e7a p\u00fablica provocadas por bal\u00f5es de contrabando provenientes da Bielorr\u00fassia, anunciou o Governo.<\/p>\n<p>V\u00edlnius\u200b acusa Minsk de permitir que contrabandistas utilizem bal\u00f5es meteorol\u00f3gicos para transportar cigarros atrav\u00e9s da fronteira, obrigando repetidamente o aeroporto da capital a <a href=\"https:\/\/www.publico.pt\/2025\/11\/24\/mundo\/noticia\/aeroporto-vilnius-encerrado-apos-avistamento-baloes-suspeitos-2155722\" rel=\"nofollow noopener\" target=\"_blank\">suspender opera\u00e7\u00f5es<\/a> e perturbando o tr\u00e1fego a\u00e9reo, classificando estas ac\u00e7\u00f5es como constituindo um ataque h\u00edbrido da Bielorr\u00fassia, aliada da R\u00fassia.<\/p>\n<p>\u201cO estado de emerg\u00eancia \u00e9 decretado n\u00e3o s\u00f3 devido \u00e0s perturba\u00e7\u00f5es na avia\u00e7\u00e3o civil, mas tamb\u00e9m por raz\u00f5es de seguran\u00e7a nacional\u201d, afirmou o ministro do Interior, Vladislav Kondratovic, durante uma reuni\u00e3o do Governo transmitida em directo.<\/p>\n<p>A declara\u00e7\u00e3o concede \u00e0s For\u00e7as Armadas maior liberdade operacional, permitindo-lhes agir em coordena\u00e7\u00e3o com a pol\u00edcia ou de forma aut\u00f3noma, acrescentou Kondratovic.<\/p>\n<p>Se o parlamento der luz verde, o Ex\u00e9rcito poder\u00e1 limitar o acesso a determinadas \u00e1reas, parar e revistar ve\u00edculos, efectuar verifica\u00e7\u00f5es a pessoas, aos seus documentos e pertences, e deter aqueles que resistam ou sejam suspeitos de crimes.<\/p>\n<p>As For\u00e7as Armadas ficar\u00e3o autorizadas a usar a for\u00e7a no exerc\u00edcio destas fun\u00e7\u00f5es, adiantou o ministro da Defesa, Robertas Kaunas. As medidas de emerg\u00eancia permanecer\u00e3o em vigor at\u00e9 serem levantadas pelo Governo.<\/p>\n<p>A Bielorr\u00fassia, que permitiu a utiliza\u00e7\u00e3o do seu territ\u00f3rio para a invas\u00e3o russa da Ucr\u00e2nia em 2022, rejeitou qualquer responsabilidade pelos bal\u00f5es e acusou a Litu\u00e2nia de provoca\u00e7\u00f5es, incluindo o alegado envio de um drone para lan\u00e7ar \u201cmaterial extremista\u201d, acusa\u00e7\u00e3o que a Litu\u00e2nia rejeita.<\/p>\n<p>A 1 de Dezembro, a presidente da Comiss\u00e3o Europeia, Ursula von der Leyen, afirmou que a situa\u00e7\u00e3o na fronteira entre os dois pa\u00edses estava a \u201cagravar-se\u201d e classificou as incurs\u00f5es dos bal\u00f5es como um \u201cataque h\u00edbrido\u201d da Bielorr\u00fassia, \u201ctotalmente inaceit\u00e1vel\u201d.<\/p>\n<p>Em 2021, a Litu\u00e2nia imp\u00f4s o <a href=\"https:\/\/www.publico.pt\/2021\/07\/09\/mundo\/noticia\/lituania-constroi-vedacao-fronteira-bielorrussia-1969830\" rel=\"nofollow noopener\" target=\"_blank\">estado de emerg\u00eancia<\/a> na regi\u00e3o fronteiri\u00e7a com a Bielorr\u00fassia acusando o vizinho de <a href=\"https:\/\/www.publico.pt\/2021\/11\/12\/mundo\/noticia\/crise-fronteira-externa-ue-bielorrussia-1984730\" rel=\"nofollow noopener\" target=\"_blank\">fomentar<\/a> a passagem de imigrantes de forma irregular pela fronteira (isso aconteceu tamb\u00e9m nas fronteiras com a <a href=\"https:\/\/www.publico.pt\/2021\/11\/19\/mundo\/noticia\/polonia-bielorrussia-levar-novo-migrantes-autocarro-fronteira-1985619\" rel=\"nofollow noopener\" target=\"_blank\">Pol\u00f3nia<\/a> e Let\u00f3nia; morreram mais de cem migrantes nas florestas de hipotermia, exaust\u00e3o, ou afogamento\u200b).<\/p>\n<p>No ano seguinte, V\u00edlnius\u200b declarou novo estado de emerg\u00eancia ap\u00f3s a <a href=\"https:\/\/www.publico.pt\/guerra-ucrania\" rel=\"nofollow noopener\" target=\"_blank\">invas\u00e3o russa da Ucr\u00e2nia<\/a>, receando tornar-se tamb\u00e9m um alvo, e imp\u00f4s limita\u00e7\u00f5es \u00e0 liberdade de express\u00e3o para travar o que designou como potencial propaganda russa.<\/p>\n","protected":false},"excerpt":{"rendered":"A Litu\u00e2nia declarou nesta ter\u00e7a-feira estado de emerg\u00eancia devido a amea\u00e7as \u00e0 seguran\u00e7a p\u00fablica provocadas por bal\u00f5es de&hellip;\n","protected":false},"author":2,"featured_media":181251,"comment_status":"","ping_status":"","sticky":false,"template":"","format":"standard","meta":{"footnotes":""},"categories":[50],"tags":[2870,27,28,15,16,14,25,26,6554,21,22,62,12,13,19,20,23,24,17,18,29,30,31,636,63,64,65],"class_list":{"0":"post-181250","1":"post","2":"type-post","3":"status-publish","4":"format-standard","5":"has-post-thumbnail","7":"category-mundo","8":"tag-bielorrussia","9":"tag-breaking-news","10":"tag-breakingnews","11":"tag-featured-news","12":"tag-featurednews","13":"tag-headlines","14":"tag-latest-news","15":"tag-latestnews","16":"tag-lituania","17":"tag-main-news","18":"tag-mainnews","19":"tag-mundo","20":"tag-news","21":"tag-noticias","22":"tag-noticias-principais","23":"tag-noticiasprincipais","24":"tag-principais-noticias","25":"tag-principaisnoticias","26":"tag-top-stories","27":"tag-topstories","28":"tag-ultimas","29":"tag-ultimas-noticias","30":"tag-ultimasnoticias","31":"tag-uniao-europeia","32":"tag-world","33":"tag-world-news","34":"tag-worldnews"},"share_on_mastodon":{"url":"https:\/\/pubeurope.com\/@pt\/115689318314769364","error":""},"_links":{"self":[{"href":"https:\/\/www.europesays.com\/pt\/wp-json\/wp\/v2\/posts\/181250","targetHints":{"allow":["GET"]}}],"collection":[{"href":"https:\/\/www.europesays.com\/pt\/wp-json\/wp\/v2\/posts"}],"about":[{"href":"https:\/\/www.europesays.com\/pt\/wp-json\/wp\/v2\/types\/post"}],"author":[{"embeddable":true,"href":"https:\/\/www.europesays.com\/pt\/wp-json\/wp\/v2\/users\/2"}],"replies":[{"embeddable":true,"href":"https:\/\/www.europesays.com\/pt\/wp-json\/wp\/v2\/comments?post=181250"}],"version-history":[{"count":0,"href":"https:\/\/www.europesays.com\/pt\/wp-json\/wp\/v2\/posts\/181250\/revisions"}],"wp:featuredmedia":[{"embeddable":true,"href":"https:\/\/www.europesays.com\/pt\/wp-json\/wp\/v2\/media\/181251"}],"wp:attachment":[{"href":"https:\/\/www.europesays.com\/pt\/wp-json\/wp\/v2\/media?parent=181250"}],"wp:term":[{"taxonomy":"category","embeddable":true,"href":"https:\/\/www.europesays.com\/pt\/wp-json\/wp\/v2\/categories?post=181250"},{"taxonomy":"post_tag","embeddable":true,"href":"https:\/\/www.europesays.com\/pt\/wp-json\/wp\/v2\/tags?post=181250"}],"curies":[{"name":"wp","href":"https:\/\/api.w.org\/{rel}","templated":true}]}}