{"id":181254,"date":"2025-12-09T11:16:14","date_gmt":"2025-12-09T11:16:14","guid":{"rendered":"https:\/\/www.europesays.com\/pt\/181254\/"},"modified":"2025-12-09T11:16:14","modified_gmt":"2025-12-09T11:16:14","slug":"veja-a-primeira-caracterizacao-de-jim-caviezel-para-filme-sobre-bolsonaro","status":"publish","type":"post","link":"https:\/\/www.europesays.com\/pt\/181254\/","title":{"rendered":"Veja a primeira caracteriza\u00e7\u00e3o de Jim Caviezel para filme sobre Bolsonaro"},"content":{"rendered":"<p class=\"my-5 break-words group-[.isActiveSource]:text-xl\">O filme que conta a trajet\u00f3ria presidencial de <strong class=\"group-[.isActiveSource]:text-xl group-[.isActiveSource]:font-bold\">Jair Bolsonaro<\/strong>,<strong class=\"group-[.isActiveSource]:text-xl group-[.isActiveSource]:font-bold\"> &#8220;The Dark Horse&#8221;<\/strong>, j\u00e1 est\u00e1 em produ\u00e7\u00e3o. Confirmado no elenco, o ator<strong class=\"group-[.isActiveSource]:text-xl group-[.isActiveSource]:font-bold\"> Jim Caviezel<\/strong>, 57, j\u00e1 apareceu caracterizado como o ex-presidente e surpreendeu os internautas.<\/p>\n<p class=\"my-5 break-words group-[.isActiveSource]:text-xl\">Em v\u00eddeo publicado pelo filho do pol\u00edtico, o senador Fl\u00e1vio Bolsonaro, \u00e9 poss\u00edvel ver em detalhes a caracteriza\u00e7\u00e3o do ator com a peruca e as roupas que remetem a Bolsonaro.<\/p>\n<p class=\"my-5 break-words group-[.isActiveSource]:text-xl\">J\u00e1 foi <a style=\"background-color:#ffffff\" href=\"https:\/\/www.cnnbrasil.com.br\/entretenimento\/primeiro-teaser-de-filme-sobre-bolsonaro-e-lancado-assista\/\" target=\"_blank\" rel=\"noopener noreferrer nofollow\" class=\"text-red-600 underline hover:text-red-500 font-medium break-words group-[.isActiveSource]:text-xl\">divulgado um teaser do filme<\/a>, onde se pode ver <a style=\"background-color:#ffffff\" href=\"https:\/\/www.cnnbrasil.com.br\/entretenimento\/ator-de-a-paixao-de-cristo-vive-jair-bolsonaro-em-novo-filme\/\" target=\"_blank\" rel=\"noopener noreferrer nofollow\" class=\"text-red-600 underline hover:text-red-500 font-medium break-words group-[.isActiveSource]:text-xl\">Jim,\u00a0<\/a>conhecido por interpretar Jesus no filme &#8220;<a class=\"text-red-600 underline hover:text-red-500 font-medium break-words group-[.isActiveSource]:text-xl\" style=\"background-color:#ffffff\" href=\"https:\/\/www.cnnbrasil.com.br\/entretenimento\/ator-de-a-paixao-de-cristo-vive-jair-bolsonaro-em-novo-filme\/\" target=\"_blank\" rel=\"noopener noreferrer nofollow\">A Paix\u00e3o de Cristo<\/a>&#8220;, usando a camiseta &#8220;Meu partido \u00e9 o Brasil&#8221;, que referencia o dia em que o, at\u00e9 ent\u00e3o candidato \u00e0 presid\u00eancia, sofreu um atentado a facadas durante um com\u00edcio eleitoral no fim de 2021.<\/p>\n<p class=\"my-5 break-words group-[.isActiveSource]:text-xl\">A hist\u00f3ria se passa\u00a0<a class=\"text-red-600 underline hover:text-red-500 font-medium break-words group-[.isActiveSource]:text-xl\" href=\"https:\/\/www.cnnbrasil.com.br\/politica\/atentado-contra-bolsonaro-nao-teve-mandante-conclui-segundo-inquerito-da-pf\/\" target=\"_blank\" rel=\"noopener noreferrer nofollow\"><strong class=\"group-[.isActiveSource]:text-xl group-[.isActiveSource]:font-bold group-[.isActiveSource]:text-xl group-[.isActiveSource]:font-bold\">ap\u00f3s o atentado sofrido pelo ex-presidente<\/strong><\/a> durante o per\u00edodo eleitoral de 2022. A produ\u00e7\u00e3o come\u00e7ou a ser filmada em outubro deste ano, em S\u00e3o Paulo e a previs\u00e3o de estreia \u00e9 para 2026.<\/p>\n","protected":false},"excerpt":{"rendered":"O filme que conta a trajet\u00f3ria presidencial de Jair Bolsonaro, &#8220;The Dark Horse&#8221;, j\u00e1 est\u00e1 em produ\u00e7\u00e3o. Confirmado&hellip;\n","protected":false},"author":2,"featured_media":179345,"comment_status":"","ping_status":"","sticky":false,"template":"","format":"standard","meta":{"footnotes":""},"categories":[145],"tags":[211,210,114,115,32,33],"class_list":{"0":"post-181254","1":"post","2":"type-post","3":"status-publish","4":"format-standard","5":"has-post-thumbnail","7":"category-celebridades","8":"tag-celebridades","9":"tag-celebrities","10":"tag-entertainment","11":"tag-entretenimento","12":"tag-portugal","13":"tag-pt"},"share_on_mastodon":{"url":"https:\/\/pubeurope.com\/@pt\/115689329971893689","error":""},"_links":{"self":[{"href":"https:\/\/www.europesays.com\/pt\/wp-json\/wp\/v2\/posts\/181254","targetHints":{"allow":["GET"]}}],"collection":[{"href":"https:\/\/www.europesays.com\/pt\/wp-json\/wp\/v2\/posts"}],"about":[{"href":"https:\/\/www.europesays.com\/pt\/wp-json\/wp\/v2\/types\/post"}],"author":[{"embeddable":true,"href":"https:\/\/www.europesays.com\/pt\/wp-json\/wp\/v2\/users\/2"}],"replies":[{"embeddable":true,"href":"https:\/\/www.europesays.com\/pt\/wp-json\/wp\/v2\/comments?post=181254"}],"version-history":[{"count":0,"href":"https:\/\/www.europesays.com\/pt\/wp-json\/wp\/v2\/posts\/181254\/revisions"}],"wp:featuredmedia":[{"embeddable":true,"href":"https:\/\/www.europesays.com\/pt\/wp-json\/wp\/v2\/media\/179345"}],"wp:attachment":[{"href":"https:\/\/www.europesays.com\/pt\/wp-json\/wp\/v2\/media?parent=181254"}],"wp:term":[{"taxonomy":"category","embeddable":true,"href":"https:\/\/www.europesays.com\/pt\/wp-json\/wp\/v2\/categories?post=181254"},{"taxonomy":"post_tag","embeddable":true,"href":"https:\/\/www.europesays.com\/pt\/wp-json\/wp\/v2\/tags?post=181254"}],"curies":[{"name":"wp","href":"https:\/\/api.w.org\/{rel}","templated":true}]}}