{"id":181255,"date":"2025-12-09T11:19:13","date_gmt":"2025-12-09T11:19:13","guid":{"rendered":"https:\/\/www.europesays.com\/pt\/181255\/"},"modified":"2025-12-09T11:19:13","modified_gmt":"2025-12-09T11:19:13","slug":"fortalecimento-da-programacao-do-sbt-se-faz-absolutamente-necessario","status":"publish","type":"post","link":"https:\/\/www.europesays.com\/pt\/181255\/","title":{"rendered":"Fortalecimento da programa\u00e7\u00e3o do SBT se faz absolutamente necess\u00e1rio"},"content":{"rendered":"<p>A derrota do SBT para a Globo no sorteio da Copa do Mundo \u00e9 natural, mas acende alertas para fortalecer a programa\u00e7\u00e3o e competir de forma mais consistente<\/p>\n<p data-start=\"135\" data-end=\"1117\">A derrota acachapante do <a href=\"https:\/\/portalleodias.com\/colunas\/flavio-ricco\/sbt-ja-tem-novidades-definidas-para-2026\" target=\"_blank\" rel=\"noopener nofollow\">SBT<\/a> para a Globo, na audi\u00eancia do sorteio da Copa do Mundo semana passada, deve ser vista como algo natural e absolutamente dentro da l\u00f3gica, porque em nada foi diferente dos registros de todos os dias. Apenas e t\u00e3o somente se repetiram os n\u00fameros do hor\u00e1rio. Mas devem servir, isto sim, para acender todos os sinais de aviso em torno das provid\u00eancias que precisam ser tomadas para um fortalecimento mais uniforme e musculoso de toda a programa\u00e7\u00e3o.<\/p>\n<p data-start=\"135\" data-end=\"1117\">Tudo passa a depender da constru\u00e7\u00e3o de uma grade mais competitiva. S\u00f3 assim, entre esperas e entregas consistentes, como em outros tempos j\u00e1 existiu, o SBT ter\u00e1 melhores condi\u00e7\u00f5es de fazer frente aos seus diretos concorrentes. A simples conquista e as provid\u00eancias ainda em curso para a sua transmiss\u00e3o devem servir de um incentivo maior, se n\u00e3o para a quase imposs\u00edvel conquista da lideran\u00e7a, ao menos para ter condi\u00e7\u00f5es de fazer uma boa figura no mundial. \u00c9 um trabalho que precisa ser constru\u00eddo at\u00e9 l\u00e1.<\/p>\n<p><strong>A bem da verdade<\/strong><\/p>\n<p data-start=\"122\" data-end=\"215\">N\u00e3o existe sa\u00edda nem entrada de diretor no novo programa da Eliana, \u201cEm Fam\u00edlia\u201d, na Globo.<\/p>\n<p data-start=\"217\" data-end=\"324\" data-is-last-node=\"\" data-is-only-node=\"\">Como foi desde o come\u00e7o, Geninho Simonetti continua firme e forte nas fun\u00e7\u00f5es e \u00e0 frente de todo o projeto.<\/p>\n<p><img fetchpriority=\"high\" decoding=\"async\" aria-describedby=\"caption-attachment-411113\" class=\"wp-image-411113 size-medium\" src=\"https:\/\/www.europesays.com\/pt\/wp-content\/uploads\/2025\/12\/Elian-22-430x287.jpg\" alt=\"Eliana\" width=\"430\" height=\"287\" title=\"Fortalecimento da programa\u00e7\u00e3o do SBT se faz absolutamente necess\u00e1rio 1\"  \/><\/p>\n<p id=\"caption-attachment-411113\" class=\"wp-caption-text\">Foto: Daniela Toviansky<\/p>\n<p style=\"font-weight: 400;\"><strong>Outro detalhe<\/strong><\/p>\n<p data-start=\"122\" data-end=\"232\">Em 2026, al\u00e9m da estreia do \u201cEm Fam\u00edlia\u201d aos domingos da Globo, Eliana vai seguir com o \u201cSaia Justa\u201d no GNT.<\/p>\n<p data-start=\"234\" data-end=\"292\" data-is-last-node=\"\" data-is-only-node=\"\">E, muito provavelmente, com todo o time do programa atual.<\/p>\n<p><strong>Susana poss\u00edvel<\/strong><\/p>\n<p data-start=\"122\" data-end=\"273\">Homenageada recentemente na Cal\u00e7ada da Fama, nos Est\u00fadios Globo, Susana Vieira tem seu nome cogitado para uma participa\u00e7\u00e3o especial em \u201cTr\u00eas Gra\u00e7as\u201d.<\/p>\n<p data-start=\"275\" data-end=\"348\" data-is-last-node=\"\" data-is-only-node=\"\">O assunto, sob total sigilo, est\u00e1 sendo tratado nos interiores da novela.<\/p>\n<p><strong>L\u00e1 e c\u00e1<\/strong><\/p>\n<p data-start=\"122\" data-end=\"281\">Aguinaldo Silva, por causa dos seus neg\u00f3cios, teve que viajar a Portugal, ap\u00f3s resolvidas as quest\u00f5es relativas \u00e0 entrada de Viviane Ara\u00fajo em \u201cTr\u00eas Gra\u00e7as\u201d.<\/p>\n<p data-start=\"283\" data-end=\"426\" data-is-last-node=\"\" data-is-only-node=\"\">Mas, de l\u00e1 mesmo, ele acompanha essa possibilidade envolvendo Susana Vieira. Os dois tiveram muito sucesso na parceria em \u201cSenhora do Destino\u201d.<\/p>\n<p><img loading=\"lazy\" decoding=\"async\" aria-describedby=\"caption-attachment-411118\" class=\"wp-image-411118 size-medium\" src=\"https:\/\/www.europesays.com\/pt\/wp-content\/uploads\/2025\/12\/susana-vieira-287x430.jpg\" alt=\"Susana Vieira\" width=\"287\" height=\"430\" title=\"Fortalecimento da programa\u00e7\u00e3o do SBT se faz absolutamente necess\u00e1rio 2\"  \/><\/p>\n<p id=\"caption-attachment-411118\" class=\"wp-caption-text\">Foto: Globo\/Manoella Mello<\/p>\n<p><strong>Freio<\/strong><\/p>\n<p data-start=\"122\" data-end=\"309\">S\u00e3o bem consistentes as informa\u00e7\u00f5es que chegam dos Estados Unidos de que a compra da Warner pela Netflix, apesar dessa fuma\u00e7a da Paramount, trar\u00e1 efeitos nos projetos em curso por aqui.<\/p>\n<p data-start=\"311\" data-end=\"426\" data-is-last-node=\"\" data-is-only-node=\"\">Por exemplo, nas novelas padronizadas em 40 cap\u00edtulos e pensadas para os pr\u00f3ximos tempos. O tempo agora ser\u00e1 outro.<\/p>\n<p><strong>Parada obrigat\u00f3ria<\/strong><\/p>\n<p data-start=\"122\" data-end=\"290\">Em torno de novas realiza\u00e7\u00f5es entre Warner e Netflix, j\u00e1 existe um aviso de que todo e qualquer trabalho s\u00f3 poder\u00e1 ser retomado ap\u00f3s a conclus\u00e3o do processo de fus\u00e3o.<\/p>\n<p data-start=\"292\" data-end=\"369\" data-is-last-node=\"\" data-is-only-node=\"\">O pessoal da WBD, considerando experi\u00eancias passadas, sabe bem como funciona.<\/p>\n<p><strong>Resumindo a \u00f3pera<\/strong><\/p>\n<p data-start=\"122\" data-end=\"253\">N\u00e3o \u00e9 exagero nenhum afirmar que a ESPN foi a grande vencedora na licita\u00e7\u00e3o da Libertadores da Am\u00e9rica e Sul-Americana 2027\u20132030.<\/p>\n<p data-start=\"255\" data-end=\"359\" data-is-last-node=\"\" data-is-only-node=\"\">Levou as duas competi\u00e7\u00f5es e poder\u00e1 transmitir muito mais jogos que Globo e SBT, vencedoras na TV aberta.<\/p>\n<p><img loading=\"lazy\" decoding=\"async\" aria-describedby=\"caption-attachment-411121\" class=\"wp-image-411121 size-medium\" src=\"https:\/\/www.europesays.com\/pt\/wp-content\/uploads\/2025\/12\/ESPN-23-430x242.png\" alt=\"ESPN\" width=\"430\" height=\"242\" title=\"Fortalecimento da programa\u00e7\u00e3o do SBT se faz absolutamente necess\u00e1rio 3\"  \/><\/p>\n<p id=\"caption-attachment-411121\" class=\"wp-caption-text\">Foto: Divulga\u00e7\u00e3o\/ESPN<\/p>\n<p><strong>S\u00f3 o come\u00e7o<\/strong><\/p>\n<p data-start=\"122\" data-end=\"219\">Andr\u00e9 Basbaum est\u00e1 usando muito da sua experi\u00eancia de tantos anos, agora na presid\u00eancia da EBC.<\/p>\n<p data-start=\"221\" data-end=\"282\" data-is-last-node=\"\" data-is-only-node=\"\">Quer fazer, por exemplo, uma TV Brasil mais pr\u00f3xima de todos.<\/p>\n<p><strong>Duas sacadas<\/strong><\/p>\n<p data-start=\"122\" data-end=\"293\">Para se juntar a outros bons produtos que a grade da TV Brasil possui, a contrata\u00e7\u00e3o do Datena foi definida e ter\u00e1 estreia anunciada para breve, inclusive com surpresas.<\/p>\n<p data-start=\"295\" data-end=\"377\" data-is-last-node=\"\" data-is-only-node=\"\">Outra: um novo programa esportivo com Juca Kfouri, Jos\u00e9 Trajano e L\u00facio de Castro.<\/p>\n<p><strong>Expans\u00e3o<\/strong><\/p>\n<p data-start=\"122\" data-end=\"217\">A Globo est\u00e1 enxergando muito potencial nas novelas verticais para redes sociais e streaming.<\/p>\n<p data-start=\"219\" data-end=\"323\" data-is-last-node=\"\" data-is-only-node=\"\">Tanto \u00e9 que, al\u00e9m de produzir conte\u00fados originais, tamb\u00e9m haver\u00e1 uma aposta em trabalhos internacionais.<\/p>\n<p><strong>\u00c9 ele<\/strong><\/p>\n<p data-start=\"122\" data-end=\"213\">Reynaldo Gianecchini \u00e9 o convidado do nosso programa, nesta ter\u00e7a, \u00e0s 19h, na <strong>LeoDias TV<\/strong>.<\/p>\n<p data-start=\"215\" data-end=\"297\" data-is-last-node=\"\" data-is-only-node=\"\">Uma conversa sobre a vida, o trabalho e muito do que ainda vem por a\u00ed. Vai perder?<\/p>\n<p><img loading=\"lazy\" decoding=\"async\" aria-describedby=\"caption-attachment-411123\" class=\"wp-image-411123 size-medium\" src=\"https:\/\/www.europesays.com\/pt\/wp-content\/uploads\/2025\/12\/R-G-287x430.jpg\" alt=\"Reynaldo Gianecchini\" width=\"287\" height=\"430\" title=\"Fortalecimento da programa\u00e7\u00e3o do SBT se faz absolutamente necess\u00e1rio 4\"  \/><\/p>\n<p id=\"caption-attachment-411123\" class=\"wp-caption-text\">Foto: Globo\/ Evelyn Kosta<\/p>\n<p><strong>Bate \u2013 Rebate<\/strong><\/p>\n<ul>\n<li>Grosseira e covarde a atitude do lateral do Inter, Bernabei, que tirou \u00e0 for\u00e7a o fone do ouvido da rep\u00f3rter Andreana Chemello, depois do jogo com o Bragantino\u2026<\/li>\n<li>\u2026 E isto num momento de tantos casos de viol\u00eancia contra as mulheres. Revoltante.<\/li>\n<li data-start=\"413\" data-end=\"632\">Ap\u00f3s a confraterniza\u00e7\u00e3o organizada por funcion\u00e1rios do jornalismo da Record, em S\u00e3o Paulo, na sexta-feira passada, vai rolar outra, na pr\u00f3xima quinta\u2026<\/li>\n<li data-start=\"413\" data-end=\"632\">\u2026 Mas, esta, apenas para profissionais de v\u00eddeo e diretores.<\/li>\n<li data-start=\"634\" data-end=\"879\">A TV Aparecida fechou sua programa\u00e7\u00e3o especial para o fim de ano\u2026<\/li>\n<li data-start=\"634\" data-end=\"879\">\u2026 Entre celebra\u00e7\u00f5es e filmes in\u00e9ditos, tamb\u00e9m haver\u00e1 espa\u00e7o para musicais: Daniel Boaventura, dia 25, \u00e0s 21h30; Gilliard, \u00e0s 21h30, e Gian e Giovanni, \u00e0s 22h30, no dia 31.<\/li>\n<li data-start=\"881\" data-end=\"1112\">Dirigida por Fred Mayrink, a com\u00e9dia \u201cMeus Quatro Maridos\u201d est\u00e1 pronta e aguarda data de lan\u00e7amento\u2026<\/li>\n<li data-start=\"881\" data-end=\"1112\">\u2026 Em seu elenco, Naura Schneider, Monique Curi, Toni Garrido, Ant\u00f4nio Fragoso, Jorge de S\u00e1, Bruno Padilha e Carlos Sim\u00f5es.<\/li>\n<li data-start=\"1114\" data-end=\"1203\">C\u00e1tia Fonseca tem viagem de f\u00e9rias programada para o dia 27, com Portugal como destino.<\/li>\n<li data-start=\"1205\" data-end=\"1446\">Depois da temporada em S\u00e3o Paulo, \u201cAluga-se Um Namorado\u201d vai retornar ao Rio de Janeiro em 23 de janeiro, no Teatro dos Quatro\u2026<\/li>\n<li data-start=\"1205\" data-end=\"1446\">\u2026 No elenco, Eri Johnson, Raymundo de Souza, Ju Knust, Betty Erthal, Jo\u00e3o Lima J\u00fanior e Marcondes Oliveira.<\/li>\n<\/ul>\n","protected":false},"excerpt":{"rendered":"A derrota do SBT para a Globo no sorteio da Copa do Mundo \u00e9 natural, mas acende alertas&hellip;\n","protected":false},"author":2,"featured_media":181256,"comment_status":"","ping_status":"","sticky":false,"template":"","format":"standard","meta":{"footnotes":""},"categories":[142],"tags":[114,115,32,33,151],"class_list":{"0":"post-181255","1":"post","2":"type-post","3":"status-publish","4":"format-standard","5":"has-post-thumbnail","7":"category-tv","8":"tag-entertainment","9":"tag-entretenimento","10":"tag-portugal","11":"tag-pt","12":"tag-tv"},"share_on_mastodon":{"url":"https:\/\/pubeurope.com\/@pt\/115689342186212514","error":""},"_links":{"self":[{"href":"https:\/\/www.europesays.com\/pt\/wp-json\/wp\/v2\/posts\/181255","targetHints":{"allow":["GET"]}}],"collection":[{"href":"https:\/\/www.europesays.com\/pt\/wp-json\/wp\/v2\/posts"}],"about":[{"href":"https:\/\/www.europesays.com\/pt\/wp-json\/wp\/v2\/types\/post"}],"author":[{"embeddable":true,"href":"https:\/\/www.europesays.com\/pt\/wp-json\/wp\/v2\/users\/2"}],"replies":[{"embeddable":true,"href":"https:\/\/www.europesays.com\/pt\/wp-json\/wp\/v2\/comments?post=181255"}],"version-history":[{"count":0,"href":"https:\/\/www.europesays.com\/pt\/wp-json\/wp\/v2\/posts\/181255\/revisions"}],"wp:featuredmedia":[{"embeddable":true,"href":"https:\/\/www.europesays.com\/pt\/wp-json\/wp\/v2\/media\/181256"}],"wp:attachment":[{"href":"https:\/\/www.europesays.com\/pt\/wp-json\/wp\/v2\/media?parent=181255"}],"wp:term":[{"taxonomy":"category","embeddable":true,"href":"https:\/\/www.europesays.com\/pt\/wp-json\/wp\/v2\/categories?post=181255"},{"taxonomy":"post_tag","embeddable":true,"href":"https:\/\/www.europesays.com\/pt\/wp-json\/wp\/v2\/tags?post=181255"}],"curies":[{"name":"wp","href":"https:\/\/api.w.org\/{rel}","templated":true}]}}