{"id":181267,"date":"2025-12-09T11:36:11","date_gmt":"2025-12-09T11:36:11","guid":{"rendered":"https:\/\/www.europesays.com\/pt\/181267\/"},"modified":"2025-12-09T11:36:11","modified_gmt":"2025-12-09T11:36:11","slug":"conheca-o-protocolo-de-beleza-de-bruna-biancardi-para-recuperar-firmeza-e-contornos-apos-a-gravidez","status":"publish","type":"post","link":"https:\/\/www.europesays.com\/pt\/181267\/","title":{"rendered":"Conhe\u00e7a o protocolo de beleza de Bruna Biancardi para recuperar firmeza e contornos ap\u00f3s a gravidez"},"content":{"rendered":"\n<p class=\" content-text__container theme-color-primary-first-letter\" data-track-category=\"Link no Texto\" data-track-links=\"\"> Mulher de Neymar e refer\u00eancia de beleza nas redes sociais, <strong>Bruna Biancardi<\/strong> vem compartilhando sua <a class=\"\" href=\"https:\/\/oglobo.globo.com\/ela\/noticia\/2025\/07\/24\/dia-do-autocuidado-famosas-revelam-rituais-para-cuidar-do-corpo-e-da-mente.ghtml\" rel=\"nofollow noopener\" target=\"_blank\">rotina de cuidados com o corpo<\/a>, que vai al\u00e9m de uma simples preocupa\u00e7\u00e3o est\u00e9tica: \u00e9 uma estrat\u00e9gia para manter firmeza, bem-estar e autoestima. Um dos segredos da influenciadora \u00e9 o Unyque Pro, t\u00e9cnica de alta performance que combina diferentes tecnologias para tratar celulite, gordura localizada e flacidez com resultados vis\u00edveis de forma segura. <\/p>\n<ul class=\"content-unordered-list\">\n<li><strong>Veja:<\/strong><a class=\"\" href=\"https:\/\/oglobo.globo.com\/ela\/noticia\/2025\/12\/02\/quem-sao-as-celebridades-que-viralizaram-com-harmonizacao-corporal-e-por-que-chamaram-atencao.ghtml\" rel=\"nofollow noopener\" target=\"_blank\"><strong> Quem s\u00e3o as celebridades que viralizaram com harmoniza\u00e7\u00e3o corporal e por que chamaram aten\u00e7\u00e3o<\/strong><\/a><\/li>\n<li><strong>Selfies ousadas: <\/strong><a class=\"\" href=\"https:\/\/oglobo.globo.com\/ela\/noticia\/2025\/12\/04\/selfies-ousadas-as-fotos-de-celebridades-que-agitaram-2025-segundo-ranking-curioso.ghtml\" rel=\"nofollow noopener\" target=\"_blank\"><strong>as fotos de celebridades que agitaram 2025, segundo ranking curioso<\/strong><\/a><\/li>\n<\/ul>\n<p class=\" content-text__container \" data-track-category=\"Link no Texto\" data-track-links=\"\"> O procedimento integra criofrequ\u00eancia, ultrassom multifocalizado e endermologia por turbina axial, estimulando a produ\u00e7\u00e3o natural de col\u00e1geno e reorganizando as fibras j\u00e1 existentes. A combina\u00e7\u00e3o atua diretamente na textura e na firmeza da pele, com sess\u00f5es r\u00e1pidas, indolores e aplic\u00e1veis em regi\u00f5es como abd\u00f4men, bra\u00e7os, gl\u00fateos e face, \u00e1reas frequentemente afetadas pela perda de elasticidade. <\/p>\n<p class=\" content-text__container \" data-track-category=\"Link no Texto\" data-track-links=\"\"> Estudos da Sociedade Brasileira de Dermatologia indicam que a flacidez \u00e9 uma das queixas est\u00e9ticas mais comuns entre mulheres, especialmente ap\u00f3s gesta\u00e7\u00f5es ou varia\u00e7\u00f5es de peso significativas. A partir dos 25 anos, o corpo perde cerca de 1% do col\u00e1geno ao ano, e pesquisas publicadas na Journal of Cosmetic Dermatology mostram que at\u00e9 69% das mulheres percebem mudan\u00e7as na firmeza da pele depois da gravidez, com maior impacto no abd\u00f4men e nos gl\u00fateos. <\/p>\n<p class=\" content-text__container \" data-track-category=\"Link no Texto\" data-track-links=\"\"> A m\u00e9dica Daniela Sammour, especialista em est\u00e9tica facial e corporal, explica que o protocolo se tornou um dos tratamentos mais procurados por quem busca resultados vis\u00edveis sem precisar interromper a rotina. <\/p>\n<p class=\" content-text__container \" data-track-category=\"Link no Texto\" data-track-links=\"\"> &#8220;Ele entrega uma energia altamente concentrada que aquece a pele em n\u00edveis precisos, promovendo uma contra\u00e7\u00e3o imediata das fibras de col\u00e1geno e estimulando novas. \u00c9 um recurso muito eficiente para tratar flacidez leve a moderada, remodelar contornos e devolver firmeza com naturalidade&#8221;, diz. <\/p>\n<p class=\" content-text__container \" data-track-category=\"Link no Texto\" data-track-links=\"\"> Segundo Dra. Daniela, cada sess\u00e3o dura entre 20 e 40 minutos, dependendo da \u00e1rea tratada, e o est\u00edmulo ao col\u00e1geno continua mesmo ap\u00f3s a aplica\u00e7\u00e3o. &#8220;Os resultados aparecem de forma progressiva, mas muitos percebem melhora j\u00e1 na primeira sess\u00e3o. Para manter os efeitos, indicamos refor\u00e7os a cada tr\u00eas ou quatro meses&#8221;, detalha. <\/p>\n<p>      <img decoding=\"async\" class=\"content-media__image\"  src=\"https:\/\/www.europesays.com\/pt\/wp-content\/uploads\/2025\/12\/bruna-7-.jpg\" alt=\"Descubra como Bruna Biancardi recupera firmeza e trata flacidez ap\u00f3s a maternidade \u2014 Foto: Reprodu\u00e7\u00e3o Instagram\" width=\"800\" height=\"451\" loading=\"lazy\"\/>  Descubra como Bruna Biancardi recupera firmeza e trata flacidez ap\u00f3s a maternidade \u2014 Foto: Reprodu\u00e7\u00e3o Instagram        <\/p>\n<p class=\" content-text__container \" data-track-category=\"Link no Texto\" data-track-links=\"\"> Ap\u00f3s a chegada de Mel, sua segunda filha com Neymar, Bruna decidiu intensificar ainda mais os cuidados com o corpo. Determinada a recuperar a firmeza da pele ap\u00f3s a gesta\u00e7\u00e3o, per\u00edodo em que a flacidez tende a se acentuar, a modeloo montou um est\u00fadio exclusivo de est\u00e9tica dentro de casa, equipado com tecnologias de ponta, avaliado em cerca de R$ 2 milh\u00f5es. A empres\u00e1ria tamb\u00e9m \u00e9 m\u00e3e de Mavie, primeira filha do casal. <\/p>\n<p>       <img decoding=\"async\" class=\"content-media__image\"  src=\"https:\/\/www.europesays.com\/pt\/wp-content\/uploads\/2025\/12\/um-pouquinho-dos-ultimos-dias..-.jpg\" alt=\"Bruna Biancardi em foto com a fam\u00edlia \u2014 Foto: Reprodu\u00e7\u00e3o Instagram\" width=\"1080\" height=\"1440\" loading=\"lazy\"\/>  Bruna Biancardi em foto com a fam\u00edlia \u2014 Foto: Reprodu\u00e7\u00e3o Instagram       <\/p>\n","protected":false},"excerpt":{"rendered":"Mulher de Neymar e refer\u00eancia de beleza nas redes sociais, Bruna Biancardi vem compartilhando sua rotina de cuidados&hellip;\n","protected":false},"author":2,"featured_media":181268,"comment_status":"","ping_status":"","sticky":false,"template":"","format":"standard","meta":{"footnotes":""},"categories":[145],"tags":[211,210,114,115,319,32,33,318],"class_list":{"0":"post-181267","1":"post","2":"type-post","3":"status-publish","4":"format-standard","5":"has-post-thumbnail","7":"category-celebridades","8":"tag-celebridades","9":"tag-celebrities","10":"tag-entertainment","11":"tag-entretenimento","12":"tag-hard-news","13":"tag-portugal","14":"tag-pt","15":"tag-radar"},"share_on_mastodon":{"url":"https:\/\/pubeurope.com\/@pt\/115689408898738854","error":""},"_links":{"self":[{"href":"https:\/\/www.europesays.com\/pt\/wp-json\/wp\/v2\/posts\/181267","targetHints":{"allow":["GET"]}}],"collection":[{"href":"https:\/\/www.europesays.com\/pt\/wp-json\/wp\/v2\/posts"}],"about":[{"href":"https:\/\/www.europesays.com\/pt\/wp-json\/wp\/v2\/types\/post"}],"author":[{"embeddable":true,"href":"https:\/\/www.europesays.com\/pt\/wp-json\/wp\/v2\/users\/2"}],"replies":[{"embeddable":true,"href":"https:\/\/www.europesays.com\/pt\/wp-json\/wp\/v2\/comments?post=181267"}],"version-history":[{"count":0,"href":"https:\/\/www.europesays.com\/pt\/wp-json\/wp\/v2\/posts\/181267\/revisions"}],"wp:featuredmedia":[{"embeddable":true,"href":"https:\/\/www.europesays.com\/pt\/wp-json\/wp\/v2\/media\/181268"}],"wp:attachment":[{"href":"https:\/\/www.europesays.com\/pt\/wp-json\/wp\/v2\/media?parent=181267"}],"wp:term":[{"taxonomy":"category","embeddable":true,"href":"https:\/\/www.europesays.com\/pt\/wp-json\/wp\/v2\/categories?post=181267"},{"taxonomy":"post_tag","embeddable":true,"href":"https:\/\/www.europesays.com\/pt\/wp-json\/wp\/v2\/tags?post=181267"}],"curies":[{"name":"wp","href":"https:\/\/api.w.org\/{rel}","templated":true}]}}