{"id":181278,"date":"2025-12-09T11:47:09","date_gmt":"2025-12-09T11:47:09","guid":{"rendered":"https:\/\/www.europesays.com\/pt\/181278\/"},"modified":"2025-12-09T11:47:09","modified_gmt":"2025-12-09T11:47:09","slug":"nojentas-brigitte-macron-insulta-ativistas-que-protestaram-contra-humorista-acusado-de-violacao","status":"publish","type":"post","link":"https:\/\/www.europesays.com\/pt\/181278\/","title":{"rendered":"\u201cNojentas\u201d: Brigitte Macron insulta ativistas que protestaram contra humorista acusado de viola\u00e7\u00e3o"},"content":{"rendered":"<p class=\"category\"><a href=\"https:\/\/sicnoticias.pt\/mundo\" rel=\"nofollow noopener\" target=\"_blank\">Mundo<\/a><\/p>\n<p class=\"g-article-lead lead\" data-field=\"lead\">Brigitte Macron est\u00e1 envolvida numa pol\u00e9mica ap\u00f3s a divulga\u00e7\u00e3o de um v\u00eddeo que rapidamente se propagou nas redes sociais. O que aparentava ser uma noite discreta, acabou por ganhar outra dimens\u00e3o quando os coment\u00e1rios da primeira-dama, dirigidos a um grupo de ativistas, se tornaram p\u00fablicos.<\/p>\n<p><img decoding=\"async\" src=\"https:\/\/www.europesays.com\/pt\/wp-content\/uploads\/2025\/12\/1765280829_140_original.webp\" alt=\"\u201cNojentas\u201d: Brigitte Macron insulta ativistas que protestaram contra humorista acusado de viola\u00e7\u00e3o\"\/><\/p>\n<p>Gonzalo Fuentes | Reuters<\/p>\n<p><strong>Brigitte Macron foi apanhada num v\u00eddeo a insultar ativistas feministas que se manifestavam contra um comediante acusado de viola\u00e7\u00e3o. O epis\u00f3dio aconteceu no domingo, momentos antes de um espet\u00e1culo de Ary Abittan, ao qual a primeira-dama francesa assistiu acompanhada pela filha, Tiphaine Auzi\u00e8re.<\/strong><\/p>\n<p>Nas imagens, que come\u00e7aram por ser divulgadas pelo jornal Public e rapidamente circularam pelas redes sociais, v\u00ea-se Brigitte Macron a dirigir-se ao humorista nos bastidores, dando-lhe apoio antes de este subir ao palco.<\/p>\n<p>Ary Abittan estava a contar a Brigitte Macron que estava assustado, porque no dia anterior <strong>quatro ativistas tinham interrompido o espet\u00e1culo, <\/strong>envergando m\u00e1scaras com o rosto do artista e a palavra \u201cviolador\u201d, enquanto gritavam.<\/p>\n<p>As mulheres referiam-se a uma den\u00fancia apresentada em 2021, que levou \u00e0 abertura de um inqu\u00e9rito, entretanto arquivado em 2023 por falta de provas.<\/p>\n<p>No v\u00eddeo agora divulgado, Brigitte Macron \u00e9 ouvida a dizer:<strong> \u201cSe houver alguma cabra nojenta, n\u00f3s expulsamo-la\u201d.<\/strong><\/p>\n<p><strong>Feministas \u201cprofundamente chocadas e escandalizadas\u201d<\/strong><\/p>\n<p>Uma das ativistas envolvidas no protesto de s\u00e1bado revelou ao <a href=\"https:\/\/www.france24.com\/en\/live-news\/20251208-feminists-outraged-at-video-of-french-first-lady-s-outburst-against-activists\" target=\"_blank\" rel=\"noopener noreferrer nofollow\">France24<\/a> que o grupo ficou<strong> \u201cprofundamente chocado e escandalizado\u201d<\/strong> com as palavras da primeira-dama, classificando-as como <strong>\u201cmais um insulto \u00e0s v\u00edtimas e aos <\/strong><strong>grupos<\/strong> <strong>feministas\u201d<\/strong>.<\/p>\n<p>Perante a onda de cr\u00edticas, a equipa de comunica\u00e7\u00e3o de Brigitte Macron reagiu, defendendo que a troca de palavras com Abittan \u201cdeve ser entendida apenas como uma cr\u00edtica aos m\u00e9todos radicais daqueles que, usando m\u00e1scaras, perturbaram o espet\u00e1culo de Ary Abittan no s\u00e1bado, impedindo-o de atuar\u201d.<\/p>\n<p>O comunicado sublinha ainda que a primeira-dama \u201cn\u00e3o aprova estes m\u00e9todos radicais\u201d.<\/p>\n","protected":false},"excerpt":{"rendered":"Mundo Brigitte Macron est\u00e1 envolvida numa pol\u00e9mica ap\u00f3s a divulga\u00e7\u00e3o de um v\u00eddeo que rapidamente se propagou nas&hellip;\n","protected":false},"author":2,"featured_media":181279,"comment_status":"","ping_status":"","sticky":false,"template":"","format":"standard","meta":{"footnotes":""},"categories":[50],"tags":[27,28,15,16,14,25,26,21,22,62,12,13,19,20,23,24,17,18,29,30,31,63,64,65],"class_list":{"0":"post-181278","1":"post","2":"type-post","3":"status-publish","4":"format-standard","5":"has-post-thumbnail","7":"category-mundo","8":"tag-breaking-news","9":"tag-breakingnews","10":"tag-featured-news","11":"tag-featurednews","12":"tag-headlines","13":"tag-latest-news","14":"tag-latestnews","15":"tag-main-news","16":"tag-mainnews","17":"tag-mundo","18":"tag-news","19":"tag-noticias","20":"tag-noticias-principais","21":"tag-noticiasprincipais","22":"tag-principais-noticias","23":"tag-principaisnoticias","24":"tag-top-stories","25":"tag-topstories","26":"tag-ultimas","27":"tag-ultimas-noticias","28":"tag-ultimasnoticias","29":"tag-world","30":"tag-world-news","31":"tag-worldnews"},"share_on_mastodon":{"url":"https:\/\/pubeurope.com\/@pt\/115689452163608143","error":""},"_links":{"self":[{"href":"https:\/\/www.europesays.com\/pt\/wp-json\/wp\/v2\/posts\/181278","targetHints":{"allow":["GET"]}}],"collection":[{"href":"https:\/\/www.europesays.com\/pt\/wp-json\/wp\/v2\/posts"}],"about":[{"href":"https:\/\/www.europesays.com\/pt\/wp-json\/wp\/v2\/types\/post"}],"author":[{"embeddable":true,"href":"https:\/\/www.europesays.com\/pt\/wp-json\/wp\/v2\/users\/2"}],"replies":[{"embeddable":true,"href":"https:\/\/www.europesays.com\/pt\/wp-json\/wp\/v2\/comments?post=181278"}],"version-history":[{"count":0,"href":"https:\/\/www.europesays.com\/pt\/wp-json\/wp\/v2\/posts\/181278\/revisions"}],"wp:featuredmedia":[{"embeddable":true,"href":"https:\/\/www.europesays.com\/pt\/wp-json\/wp\/v2\/media\/181279"}],"wp:attachment":[{"href":"https:\/\/www.europesays.com\/pt\/wp-json\/wp\/v2\/media?parent=181278"}],"wp:term":[{"taxonomy":"category","embeddable":true,"href":"https:\/\/www.europesays.com\/pt\/wp-json\/wp\/v2\/categories?post=181278"},{"taxonomy":"post_tag","embeddable":true,"href":"https:\/\/www.europesays.com\/pt\/wp-json\/wp\/v2\/tags?post=181278"}],"curies":[{"name":"wp","href":"https:\/\/api.w.org\/{rel}","templated":true}]}}