{"id":181282,"date":"2025-12-09T11:50:13","date_gmt":"2025-12-09T11:50:13","guid":{"rendered":"https:\/\/www.europesays.com\/pt\/181282\/"},"modified":"2025-12-09T11:50:13","modified_gmt":"2025-12-09T11:50:13","slug":"carlos-alberto-de-nobrega-conta-venda-relampago-de-carro-velho-por-silvio-santos","status":"publish","type":"post","link":"https:\/\/www.europesays.com\/pt\/181282\/","title":{"rendered":"Carlos Alberto de N\u00f3brega conta venda rel\u00e2mpago de carro velho por Silvio Santos"},"content":{"rendered":"<p data-start=\"259\" data-end=\"610\">Durante entrevista ao NaTelinha Talk, nesta segunda-feira (8), <a href=\"https:\/\/natelinha.uol.com.br\/famosos\/tudo-sobre\/carlos-alberto-de-nobrega\" rel=\"nofollow noopener\" target=\"_blank\">Carlos Alberto de N\u00f3brega<\/a> descreveu um epis\u00f3dio vivido ao lado de <a href=\"https:\/\/natelinha.uol.com.br\/famosos\/tudo-sobre\/silvio-santos\" rel=\"nofollow noopener\" target=\"_blank\">Silvio Santos<\/a> no per\u00edodo em que conciliava a faculdade em Santos com o trabalho em r\u00e1dio. Ele afirmou que acompanhou o apresentador na avalia\u00e7\u00e3o de um carro em S\u00e3o Vicente e presenciou sua venda poucas horas ap\u00f3s a compra.<\/p>\n<p data-start=\"612\" data-end=\"1129\">Carlos Alberto contou que, na \u00e9poca, seguia diariamente de \u00f4nibus para Santos antes do amanhecer para assistir \u00e0s aulas. \u201cEu sa\u00eda 5 horas da madrugada. Ia pra Santos pegar um \u00f4nibus, ia pra Santos e voltava de carro com colegas pra fazer 12h30 pra fazer programas de r\u00e1dio. Todo dia\u201d, disse.<\/p>\n<p data-start=\"612\" data-end=\"1129\">Ele relatou que Silvio buscava adquirir um autom\u00f3vel e pediu sua ajuda. \u201cO Silvio n\u00e3o tinha carro e falou: \u2018Carlos, tem um carro l\u00e1 em S\u00e3o Vicente que eu estou querendo comprar. \u00c9 um Dodge convers\u00edvel. Voc\u00ea pode ir comigo?\u2019\u201d.<\/p>\n<p data-start=\"612\" data-end=\"1129\">+\u00a0<a href=\"https:\/\/natelinha.uol.com.br\/televisao\/2025\/12\/08\/carlos-alberto-de-nobrega-revela-divergencias-com-manoel-carlos-chato-235025.php\" target=\"_blank\" rel=\"noopener noreferrer nofollow\">Carlos Alberto de N\u00f3brega revela diverg\u00eancias com Manoel Carlos: &#8220;Chato&#8221;<\/a><\/p>\n<p data-start=\"1131\" data-end=\"1543\">Ao chegar ao local, Carlos Alberto afirmou que encontrou o ve\u00edculo em condi\u00e7\u00f5es ruins. \u201cEra um Dodge 38, um baga\u00e7o, um Dodge convers\u00edvel. A\u00ed eu falei: \u2018Silvio, n\u00e3o compra esse carro\u2019\u201d, relatou.<\/p>\n<p data-start=\"1131\" data-end=\"1543\">Ele descreveu que, ao testar o autom\u00f3vel, percebeu sinais de desgaste e instabilidade. Segundo ele, o carro n\u00e3o poderia parar sob risco de n\u00e3o funcionar novamente. \u201cSe parar, ele n\u00e3o vai. N\u00e3o pode parar, n\u00e3o sustenta.\u201d<\/p>\n<p>Carlos Alberto de N\u00f3brega fala de talento de Silvio Santos<\/p>\n<p><img decoding=\"async\" loading=\"lazy\" class=\"horizontal\" src=\"https:\/\/www.europesays.com\/pt\/wp-content\/uploads\/2025\/12\/silvio-santos-carlos-alberto-reproducao-globo_7916.jpeg\" alt=\"imagem-texto\"\/><\/p>\n<p data-start=\"1545\" data-end=\"1878\">Apesar das observa\u00e7\u00f5es, Silvio decidiu seguir com a compra. Carlos Alberto afirmou que o apresentador conduziu o ve\u00edculo at\u00e9 S\u00e3o Paulo e s\u00f3 o deixou desligar depois de chegar ao destino. No Largo do Arouche, ele presenciou a negocia\u00e7\u00e3o imediata. \u201cDeixou o carro para o camarada, pegou o dinheiro e ganhou, na \u00e9poca, mil por cento.\u201d<\/p>\n<p data-start=\"1545\" data-end=\"1878\">+\u00a0<a href=\"https:\/\/natelinha.uol.com.br\/televisao\/2025\/12\/08\/carlos-alberto-de-nobrega-entrega-segredo-de-jo-soares-na-familia-trapo-235024.php\" target=\"_blank\" rel=\"noopener noreferrer nofollow\">Carlos Alberto de N\u00f3brega entrega segredo de J\u00f4 Soares na Fam\u00edlia Trapo<\/a><\/p>\n<p data-start=\"1880\" data-end=\"2159\">Segundo Carlos Alberto, Silvio pagou 15 mil pelo autom\u00f3vel e o revendeu no mesmo dia. Ele afirmou que o epis\u00f3dio refletia pr\u00e1ticas j\u00e1 comuns ao colega naquele per\u00edodo. \u201cJ\u00e1 era um empres\u00e1rio. Ele j\u00e1 fazia isso. Era mais profissional que a gente. Sempre com os olhos dos neg\u00f3cios.\u201d<\/p>\n<p data-start=\"2161\" data-end=\"2513\" data-is-last-node=\"\" data-is-only-node=\"\">A entrevista, conduzida por Carol Gazal no canal NaTelinha Talk, tamb\u00e9m retomou a trajet\u00f3ria de Carlos Alberto. Filho de Manoel de N\u00f3brega, ele iniciou a carreira escrevendo roteiros para r\u00e1dio e TV e passou por emissoras como Record, Tupi e Globo. Consolidou-se no SBT a partir do fim dos anos 1980, onde escreve, dirige e apresenta A Pra\u00e7a \u00e9 Nossa.<\/p>\n","protected":false},"excerpt":{"rendered":"Durante entrevista ao NaTelinha Talk, nesta segunda-feira (8), Carlos Alberto de N\u00f3brega descreveu um epis\u00f3dio vivido ao lado&hellip;\n","protected":false},"author":2,"featured_media":181283,"comment_status":"","ping_status":"","sticky":false,"template":"","format":"standard","meta":{"footnotes":""},"categories":[145],"tags":[22439,211,210,114,115,32,33,10646],"class_list":{"0":"post-181282","1":"post","2":"type-post","3":"status-publish","4":"format-standard","5":"has-post-thumbnail","7":"category-celebridades","8":"tag-carlos-alberto-de-nobrega","9":"tag-celebridades","10":"tag-celebrities","11":"tag-entertainment","12":"tag-entretenimento","13":"tag-portugal","14":"tag-pt","15":"tag-silvio-santos"},"share_on_mastodon":{"url":"https:\/\/pubeurope.com\/@pt\/115689463910307442","error":""},"_links":{"self":[{"href":"https:\/\/www.europesays.com\/pt\/wp-json\/wp\/v2\/posts\/181282","targetHints":{"allow":["GET"]}}],"collection":[{"href":"https:\/\/www.europesays.com\/pt\/wp-json\/wp\/v2\/posts"}],"about":[{"href":"https:\/\/www.europesays.com\/pt\/wp-json\/wp\/v2\/types\/post"}],"author":[{"embeddable":true,"href":"https:\/\/www.europesays.com\/pt\/wp-json\/wp\/v2\/users\/2"}],"replies":[{"embeddable":true,"href":"https:\/\/www.europesays.com\/pt\/wp-json\/wp\/v2\/comments?post=181282"}],"version-history":[{"count":0,"href":"https:\/\/www.europesays.com\/pt\/wp-json\/wp\/v2\/posts\/181282\/revisions"}],"wp:featuredmedia":[{"embeddable":true,"href":"https:\/\/www.europesays.com\/pt\/wp-json\/wp\/v2\/media\/181283"}],"wp:attachment":[{"href":"https:\/\/www.europesays.com\/pt\/wp-json\/wp\/v2\/media?parent=181282"}],"wp:term":[{"taxonomy":"category","embeddable":true,"href":"https:\/\/www.europesays.com\/pt\/wp-json\/wp\/v2\/categories?post=181282"},{"taxonomy":"post_tag","embeddable":true,"href":"https:\/\/www.europesays.com\/pt\/wp-json\/wp\/v2\/tags?post=181282"}],"curies":[{"name":"wp","href":"https:\/\/api.w.org\/{rel}","templated":true}]}}