{"id":181284,"date":"2025-12-09T11:53:20","date_gmt":"2025-12-09T11:53:20","guid":{"rendered":"https:\/\/www.europesays.com\/pt\/181284\/"},"modified":"2025-12-09T11:53:20","modified_gmt":"2025-12-09T11:53:20","slug":"catarina-miranda-revela-cada-vez-que-sai-que-nos-terminamos-o-afonso-e-obrigado-a-dar-me-um-anel-tvi-player","status":"publish","type":"post","link":"https:\/\/www.europesays.com\/pt\/181284\/","title":{"rendered":"Catarina Miranda revela: \u00abCada vez que sai que n\u00f3s termin\u00e1mos, o Afonso \u00e9 obrigado a dar-me um anel &#8211; TVI Player"},"content":{"rendered":"<ol>\n<li><a href=\"https:\/\/news.google.com\/rss\/articles\/CBMipAFBVV95cUxQb1JjMG1iSEg0ZU1pM1paZVZYd3N2Y1cyUXgySjRMWDZPTFVCdVptcUFkRG51THFJcmhJdDl5WHdISXE1cVVZQmVvT09tWVd1RWpaQ3B5Y1dWWF9sY0pweHVzbWVjNXVuTGZiNzNBOFF0aF8xclRmQ3dNVU1JY3JyUUVhRFo3WTh5cGVNQkVrcjdtYTN0Smtzd0ZCS21IVFp1bE5faw?oc=5\" target=\"_blank\" rel=\"nofollow noopener\">Catarina Miranda revela: \u00abCada vez que sai que n\u00f3s termin\u00e1mos, o Afonso \u00e9 obrigado a dar-me um anel<\/a>&nbsp;&nbsp;TVI Player<\/li>\n<li><a href=\"https:\/\/news.google.com\/rss\/articles\/CBMiwwFBVV95cUxNVWJUNWVnSHF6aThKZldvUmdCOWdSWjBfWEoyVFFUbEY2NzFNNlRGYzlNcWhUbEVCU2V3T0JjeWZpYy0zMjVTdHpXTFVDRngtMGJTa1U0RV9ucVlHZnhTY1JCLTdmcUFXTHJBNmUzTkR4SkhSYXBVS2NoRUdMYzlGLVpsNkxLQmh0bTB3UWxSZFNubUNxMW5qYjdfcDFNZ0NDNzZlbXZBclBNMXNVYnhGZjg4QmhXcHhOaWt2VkY4RDQ4V0E?oc=5\" target=\"_blank\" rel=\"nofollow noopener\">\u201cO Afonso \u00e9 obrigado a dar-me um anel\u201d: Catarina Miranda explica motivo para ter recebido um novo presente<\/a>&nbsp;&nbsp;Hiper Fm<\/li>\n<li><a href=\"https:\/\/news.google.com\/rss\/articles\/CBMiqwFBVV95cUxPWGVwc0JGT3ctS1ZhQWgxLWdraUU1dk5lbkFyM0pDU3phT21MR0pNS0l1U3lYX1R5dGRkS3JLNTVGRkd0eHRxSFJoVzBJbDBfWEpJd0l3SjR1Z0lGYjZOQUx6cTVDUHNpMlVFTUlqaHlic0pwMTRiVGlUcF9YTnlnaTNpZW11RzVNX2t3NUpfeXUwa2lQdVM1d21zM01SY0ZxMzBKbVpVZmR1RXPSAasBQVVfeXFMT1hlcHNCRk93LUtWYUFoMS1na2lFNXZOZW5BcjNKQ1N6YU9tTEdKTUtJdVN5WF9UeXRkZEtySzU1RkZHdHh0cUhSaFcwSWwwX1hKSXdJd0o0dWdJRmI2TkFMenE1Q1BzaTJVRU1Jamh5YnNKcDE0YlRpVHBfWE55Z2kzaWVtdUc1TV9rdzVKX3l1MGtpUHVTNXdtczNNUmNGcTMwSm1aVWZkdUVz?oc=5\" target=\"_blank\" rel=\"nofollow noopener\">Catarina Miranda quebra o sil\u00eancio e responde a rumores sobre fim da rela\u00e7\u00e3o com Afonso<\/a>&nbsp;&nbsp;infocul.pt<\/li>\n<li><a href=\"https:\/\/news.google.com\/rss\/articles\/CBMi1gFBVV95cUxOdGxMSWVobVJQX2pnQWVuVkJEZzFPYndnMUc2elFBQzBOY0E1MV9rZnNPQVF2WW82T3A3OUt2dkJTcDl2clBSVVcwdFIyd3VGVGszWGFUSkNzOHhidWlZUDY1VmRDR29JYkdlRmh0Z1lLbHAxVDhHY1c4M3JnUXVaYkJETUNvaDJyQXZPdEcwbEVFQjdlVTV2R3dYVEd6NDlXTndxbUREdV9oaXRzUkd1OFBpZERRaURYOHdyWkFLUm9RSjRESW1QeWg3M2xkbTRhdDl2OUhn0gHbAUFVX3lxTFBMU2pid1dRdk95QktvWm9IU3VDdVJlLURvbTlvUFJwYWlFV3h0bVF2TXNBYnVaWkRka1hOazRkQ0xTU2lUSV9TRWIzWjd2SGtPLW9OeHl1R0tpT3VBb09IbTVZOFczYWZGWVFwQ3JqZnhCRmxaTW9GbXZGbm4zM1loeE9vT1laTVNkRFlaZ1dIZUNwMEpUY3ZLaHFyaFE2SjAwZW1pT2J3NEhobl9yMlpEcGcxM21PNk82bWZUWDNjZWZUMFJLQzVndXBpQUs0UVFFTWljMGN0NFpqTQ?oc=5\" target=\"_blank\" rel=\"nofollow noopener\">Fim do namoro? Catarina Miranda revela verdade sobre rela\u00e7\u00e3o com Afonso Leit\u00e3o<\/a>&nbsp;&nbsp;TVI<\/li>\n<li><a href=\"https:\/\/news.google.com\/rss\/articles\/CBMiuAFBVV95cUxOT3djejA1M0I0UzF4ai0yRlBKMVM3eXp1MjBzbjBzaWdYWnZCQmI3eGpaMHpWR1RhekZ5TE5RT3Bac2diZzJRWDFWSnk0WHdDVktzVFdQU2FSVmlFMjlvalNlNFRydTNYdG9pQy1OOTU3dDdSNE5YUzBrSl9EdUtFcXE3OHllOGd2ZXdMQVhxLXA3cEhPYjhObnZ5cDc1ZXZqb2hfM3h2b3FBV0prSjg0NzBMNnZyaWpn?oc=5\" target=\"_blank\" rel=\"nofollow noopener\">Mensagem melanc\u00f3lica de Catarina Miranda intriga f\u00e3s: &#8220;Preciso de tempo e dist\u00e2ncia&#8221;<\/a>&nbsp;&nbsp;A Televis\u00e3o<\/li>\n<\/ol>\n","protected":false},"excerpt":{"rendered":"Catarina Miranda revela: \u00abCada vez que sai que n\u00f3s termin\u00e1mos, o Afonso \u00e9 obrigado a dar-me um anel&nbsp;&nbsp;TVI&hellip;\n","protected":false},"author":2,"featured_media":181285,"comment_status":"","ping_status":"","sticky":false,"template":"","format":"standard","meta":{"footnotes":""},"categories":[142],"tags":[2031,342,114,115,32,33,151],"class_list":{"0":"post-181284","1":"post","2":"type-post","3":"status-publish","4":"format-standard","5":"has-post-thumbnail","7":"category-tv","8":"tag-afonso-leitao","9":"tag-catarina-miranda","10":"tag-entertainment","11":"tag-entretenimento","12":"tag-portugal","13":"tag-pt","14":"tag-tv"},"share_on_mastodon":{"url":"https:\/\/pubeurope.com\/@pt\/115689475472045420","error":""},"_links":{"self":[{"href":"https:\/\/www.europesays.com\/pt\/wp-json\/wp\/v2\/posts\/181284","targetHints":{"allow":["GET"]}}],"collection":[{"href":"https:\/\/www.europesays.com\/pt\/wp-json\/wp\/v2\/posts"}],"about":[{"href":"https:\/\/www.europesays.com\/pt\/wp-json\/wp\/v2\/types\/post"}],"author":[{"embeddable":true,"href":"https:\/\/www.europesays.com\/pt\/wp-json\/wp\/v2\/users\/2"}],"replies":[{"embeddable":true,"href":"https:\/\/www.europesays.com\/pt\/wp-json\/wp\/v2\/comments?post=181284"}],"version-history":[{"count":0,"href":"https:\/\/www.europesays.com\/pt\/wp-json\/wp\/v2\/posts\/181284\/revisions"}],"wp:featuredmedia":[{"embeddable":true,"href":"https:\/\/www.europesays.com\/pt\/wp-json\/wp\/v2\/media\/181285"}],"wp:attachment":[{"href":"https:\/\/www.europesays.com\/pt\/wp-json\/wp\/v2\/media?parent=181284"}],"wp:term":[{"taxonomy":"category","embeddable":true,"href":"https:\/\/www.europesays.com\/pt\/wp-json\/wp\/v2\/categories?post=181284"},{"taxonomy":"post_tag","embeddable":true,"href":"https:\/\/www.europesays.com\/pt\/wp-json\/wp\/v2\/tags?post=181284"}],"curies":[{"name":"wp","href":"https:\/\/api.w.org\/{rel}","templated":true}]}}