{"id":181288,"date":"2025-12-09T11:57:10","date_gmt":"2025-12-09T11:57:10","guid":{"rendered":"https:\/\/www.europesays.com\/pt\/181288\/"},"modified":"2025-12-09T11:57:10","modified_gmt":"2025-12-09T11:57:10","slug":"alagoas-atualiza-cenario-da-aids-em-2025","status":"publish","type":"post","link":"https:\/\/www.europesays.com\/pt\/181288\/","title":{"rendered":"Alagoas atualiza cen\u00e1rio da Aids em 2025"},"content":{"rendered":"\n<p>Por Reda\u00e7\u00e3o com assessoria<\/p>\n<p data-start=\"321\" data-end=\"617\">Alagoas contabiliza 300 casos de Aids em 2025, de acordo com dados divulgados pelo Minist\u00e9rio da Sa\u00fade nesta segunda-feira (1\u00ba), durante o Dia Mundial de Luta contra a Aids. A faixa et\u00e1ria de 20 a 34 anos concentrou 115 diagn\u00f3sticos, representando o maior n\u00famero entre todos os grupos analisados.<\/p>\n<p data-start=\"619\" data-end=\"1047\">Entre pessoas de 35 a 49 anos, foram registrados 105 casos, enquanto o grupo de 50 a 64 anos somou 53 notifica\u00e7\u00f5es. A faixa de 65 a 79 anos contabilizou 15 diagn\u00f3sticos, seguida pelos adolescentes de 15 a 19 anos, com sete registros. Idosos com 80 anos ou mais tiveram dois casos. Tr\u00eas faixas infantis \u2014 menores de 1 ano, de 1 a 4 anos e de 5 a 9 anos \u2014 registraram um caso cada. N\u00e3o houve notifica\u00e7\u00f5es no grupo de 10 a 14 anos.<\/p>\n<p data-start=\"1049\" data-end=\"1192\">Os dados tamb\u00e9m apontam 137 mortes por Aids no estado ao longo de 2025, indicando a necessidade de ampliar a\u00e7\u00f5es de preven\u00e7\u00e3o e acompanhamento.<\/p>\n<p data-start=\"1194\" data-end=\"1475\">O infectologista da Secretaria de Estado da Sa\u00fade (Sesau) afirmou que a predomin\u00e2ncia dos casos entre jovens reflete falhas no uso de m\u00e9todos b\u00e1sicos de preven\u00e7\u00e3o. Segundo ele, a Aids pode ser evitada com uso de preservativos e com a n\u00e3o reutiliza\u00e7\u00e3o de materiais perfurocortantes.<\/p>\n<p data-start=\"1477\" data-end=\"1682\">O especialista refor\u00e7ou que preservativos masculinos e femininos est\u00e3o dispon\u00edveis gratuitamente nos postos de sa\u00fade dos 102 munic\u00edpios e que o acesso \u00e0s orienta\u00e7\u00f5es de preven\u00e7\u00e3o reduz o risco de infec\u00e7\u00e3o.<\/p>\n<p data-start=\"1684\" data-end=\"2142\">Al\u00e9m dos preservativos, o Sistema \u00danico de Sa\u00fade oferece duas estrat\u00e9gias de preven\u00e7\u00e3o: a Profilaxia Pr\u00e9-Exposi\u00e7\u00e3o (PrEP) e a Profilaxia P\u00f3s-Exposi\u00e7\u00e3o (PEP). A PrEP \u00e9 indicada para pessoas sem HIV, mas com maior risco de exposi\u00e7\u00e3o, e est\u00e1 dispon\u00edvel no PAM Salgadinho, no Servi\u00e7o de Aten\u00e7\u00e3o Especializada do Hospital Escola Helvio Auto, na Cl\u00ednica da Fam\u00edlia do Jacintinho e nos servi\u00e7os especializados de Arapiraca, Uni\u00e3o dos Palmares e Palmeira dos \u00cdndios.<\/p>\n<p data-start=\"2144\" data-end=\"2758\">A PEP \u00e9 utilizada em situa\u00e7\u00f5es de urg\u00eancia, como viol\u00eancia sexual, rela\u00e7\u00e3o sexual sem prote\u00e7\u00e3o ou acidentes com materiais perfurocortantes. O tratamento deve ser iniciado o mais r\u00e1pido poss\u00edvel e segue por 28 dias. Em Macei\u00f3, o atendimento \u00e9 realizado nas UPAs do Trapiche, Benedito Bentes e Tabuleiro do Martins, al\u00e9m do Helvio Auto, HGE e Hospital da Mulher. No interior, o servi\u00e7o est\u00e1 dispon\u00edvel em unidades como o Hospital de Emerg\u00eancia do Agreste, Hospital Ib Gatto Falc\u00e3o, Hospital Clodolfo Rodrigues, Hospital Regional do Norte e nas UPAs de Marechal Deodoro, Palmeira dos \u00cdndios, Delmiro Gouveia e Vi\u00e7osa.<\/p>\n","protected":false},"excerpt":{"rendered":"Por Reda\u00e7\u00e3o com assessoria Alagoas contabiliza 300 casos de Aids em 2025, de acordo com dados divulgados pelo&hellip;\n","protected":false},"author":2,"featured_media":181289,"comment_status":"","ping_status":"","sticky":false,"template":"","format":"standard","meta":{"footnotes":""},"categories":[86],"tags":[37089,37088,37090,9012,116,15040,13,52,987,32,33,117,37092,37091],"class_list":{"0":"post-181288","1":"post","2":"type-post","3":"status-publish","4":"format-standard","5":"has-post-thumbnail","7":"category-saude","8":"tag-37089","9":"tag-al102","10":"tag-alagoano","11":"tag-alagoas","12":"tag-health","13":"tag-maceio","14":"tag-noticias","15":"tag-politica","16":"tag-portal","17":"tag-portugal","18":"tag-pt","19":"tag-saude","20":"tag-ua-232152528-1","21":"tag-www-al102"},"share_on_mastodon":{"url":"https:\/\/pubeurope.com\/@pt\/115689491193051935","error":""},"_links":{"self":[{"href":"https:\/\/www.europesays.com\/pt\/wp-json\/wp\/v2\/posts\/181288","targetHints":{"allow":["GET"]}}],"collection":[{"href":"https:\/\/www.europesays.com\/pt\/wp-json\/wp\/v2\/posts"}],"about":[{"href":"https:\/\/www.europesays.com\/pt\/wp-json\/wp\/v2\/types\/post"}],"author":[{"embeddable":true,"href":"https:\/\/www.europesays.com\/pt\/wp-json\/wp\/v2\/users\/2"}],"replies":[{"embeddable":true,"href":"https:\/\/www.europesays.com\/pt\/wp-json\/wp\/v2\/comments?post=181288"}],"version-history":[{"count":0,"href":"https:\/\/www.europesays.com\/pt\/wp-json\/wp\/v2\/posts\/181288\/revisions"}],"wp:featuredmedia":[{"embeddable":true,"href":"https:\/\/www.europesays.com\/pt\/wp-json\/wp\/v2\/media\/181289"}],"wp:attachment":[{"href":"https:\/\/www.europesays.com\/pt\/wp-json\/wp\/v2\/media?parent=181288"}],"wp:term":[{"taxonomy":"category","embeddable":true,"href":"https:\/\/www.europesays.com\/pt\/wp-json\/wp\/v2\/categories?post=181288"},{"taxonomy":"post_tag","embeddable":true,"href":"https:\/\/www.europesays.com\/pt\/wp-json\/wp\/v2\/tags?post=181288"}],"curies":[{"name":"wp","href":"https:\/\/api.w.org\/{rel}","templated":true}]}}