{"id":181292,"date":"2025-12-09T12:00:14","date_gmt":"2025-12-09T12:00:14","guid":{"rendered":"https:\/\/www.europesays.com\/pt\/181292\/"},"modified":"2025-12-09T12:00:14","modified_gmt":"2025-12-09T12:00:14","slug":"comerciantes-otimistas-com-vendas-de-natal-apesar-de-os-clientes-falarem-em-contencao","status":"publish","type":"post","link":"https:\/\/www.europesays.com\/pt\/181292\/","title":{"rendered":"Comerciantes otimistas com vendas de Natal apesar de os clientes falarem em conten\u00e7\u00e3o"},"content":{"rendered":"<p data-remotead-prev-elm=\"true\" data-remotead-elm-id=\"inread\">A az\u00e1fama dos lojistas e o corrupio de gente que, apesar do mau tempo, enche diariamente &#8211; domingos e feriados inclu\u00eddos &#8211; a Rua de Santa Catarina, principal zona de com\u00e9rcio do Porto, confirmam as &#8220;perspetivas de otimismo&#8221;, para a \u00e9poca de Natal, das associa\u00e7\u00f5es que representam os comerciantes: &#8220;As pessoas est\u00e3o a comprar e a gastar mais&#8221;, relativamente ao ano passado.<\/p>\n","protected":false},"excerpt":{"rendered":"A az\u00e1fama dos lojistas e o corrupio de gente que, apesar do mau tempo, enche diariamente &#8211; domingos&hellip;\n","protected":false},"author":2,"featured_media":181293,"comment_status":"","ping_status":"","sticky":false,"template":"","format":"standard","meta":{"footnotes":""},"categories":[83],"tags":[88,3398,37093,20018,89,90,32,33],"class_list":{"0":"post-181292","1":"post","2":"type-post","3":"status-publish","4":"format-standard","5":"has-post-thumbnail","7":"category-empresas","8":"tag-business","9":"tag-comercio","10":"tag-compras-de-natal","11":"tag-concelho-porto","12":"tag-economy","13":"tag-empresas","14":"tag-portugal","15":"tag-pt"},"share_on_mastodon":{"url":"https:\/\/pubeurope.com\/@pt\/115689503088005702","error":""},"_links":{"self":[{"href":"https:\/\/www.europesays.com\/pt\/wp-json\/wp\/v2\/posts\/181292","targetHints":{"allow":["GET"]}}],"collection":[{"href":"https:\/\/www.europesays.com\/pt\/wp-json\/wp\/v2\/posts"}],"about":[{"href":"https:\/\/www.europesays.com\/pt\/wp-json\/wp\/v2\/types\/post"}],"author":[{"embeddable":true,"href":"https:\/\/www.europesays.com\/pt\/wp-json\/wp\/v2\/users\/2"}],"replies":[{"embeddable":true,"href":"https:\/\/www.europesays.com\/pt\/wp-json\/wp\/v2\/comments?post=181292"}],"version-history":[{"count":0,"href":"https:\/\/www.europesays.com\/pt\/wp-json\/wp\/v2\/posts\/181292\/revisions"}],"wp:featuredmedia":[{"embeddable":true,"href":"https:\/\/www.europesays.com\/pt\/wp-json\/wp\/v2\/media\/181293"}],"wp:attachment":[{"href":"https:\/\/www.europesays.com\/pt\/wp-json\/wp\/v2\/media?parent=181292"}],"wp:term":[{"taxonomy":"category","embeddable":true,"href":"https:\/\/www.europesays.com\/pt\/wp-json\/wp\/v2\/categories?post=181292"},{"taxonomy":"post_tag","embeddable":true,"href":"https:\/\/www.europesays.com\/pt\/wp-json\/wp\/v2\/tags?post=181292"}],"curies":[{"name":"wp","href":"https:\/\/api.w.org\/{rel}","templated":true}]}}