{"id":181294,"date":"2025-12-09T12:01:10","date_gmt":"2025-12-09T12:01:10","guid":{"rendered":"https:\/\/www.europesays.com\/pt\/181294\/"},"modified":"2025-12-09T12:01:10","modified_gmt":"2025-12-09T12:01:10","slug":"adiada-conferencia-de-imprensa-de-maria-corina-machado-antes-de-receber-nobel-da-paz","status":"publish","type":"post","link":"https:\/\/www.europesays.com\/pt\/181294\/","title":{"rendered":"Adiada confer\u00eancia de imprensa de Mar\u00eda Corina Machado antes de receber Nobel da Paz"},"content":{"rendered":"<p data-remotead-prev-elm=\"true\" data-remotead-elm-id=\"inread\">Segundo o Instituto Nobel da Noruega, o encontro de Corina Machado com jornalistas, marcado para as 13 horas em Oslo (12 horas em Portugal continental), seria realizado noutro hor\u00e1rio, sem explicar o motivo do adiamento. &#8220;Tudo indica que vamos conseguir organizar uma confer\u00eancia de imprensa hoje&#8221;, disse o porta-voz do instituto, Erik Aasheim, \u00e0 AFP.<\/p>\n<p>Espera-se que Corina Machado, de 58 anos, esteja em Oslo para receber pessoalmente o Pr\u00e9mio Nobel numa cerim\u00f3nia na quarta-feira. Por\u00e9m, n\u00e3o se sabe se a venezuelana j\u00e1 chegou \u00e0 capital norueguesa.<\/p>\n<p>A viver escondida, a opositora venezuelana n\u00e3o tem garantias de que, se sair do esconderijo e viajar para Oslo, o presidente da Venezuela, Nicol\u00e1s Maduro permitir\u00e1 o regresso ao pa\u00eds. Em novembro, o procurador-geral da Venezuela disse \u00e0 AFP que Corina Machado seria considerada uma &#8220;fugitiva&#8221; se abandonasse o pa\u00eds para receber o pr\u00e9mio.<\/p>\n","protected":false},"excerpt":{"rendered":"Segundo o Instituto Nobel da Noruega, o encontro de Corina Machado com jornalistas, marcado para as 13 horas&hellip;\n","protected":false},"author":2,"featured_media":181295,"comment_status":"","ping_status":"","sticky":false,"template":"","format":"standard","meta":{"footnotes":""},"categories":[50],"tags":[27,28,15,16,14,25,26,21,22,29493,62,12,24802,965,13,19,20,37094,23,24,17,18,29,30,31,63,64,65],"class_list":{"0":"post-181294","1":"post","2":"type-post","3":"status-publish","4":"format-standard","5":"has-post-thumbnail","7":"category-mundo","8":"tag-breaking-news","9":"tag-breakingnews","10":"tag-featured-news","11":"tag-featurednews","12":"tag-headlines","13":"tag-latest-news","14":"tag-latestnews","15":"tag-main-news","16":"tag-mainnews","17":"tag-maria-corina-machado","18":"tag-mundo","19":"tag-news","20":"tag-nobel-da-paz","21":"tag-noruega","22":"tag-noticias","23":"tag-noticias-principais","24":"tag-noticiasprincipais","25":"tag-premio-nobel-da-paz","26":"tag-principais-noticias","27":"tag-principaisnoticias","28":"tag-top-stories","29":"tag-topstories","30":"tag-ultimas","31":"tag-ultimas-noticias","32":"tag-ultimasnoticias","33":"tag-world","34":"tag-world-news","35":"tag-worldnews"},"share_on_mastodon":{"url":"https:\/\/pubeurope.com\/@pt\/115689507058973933","error":""},"_links":{"self":[{"href":"https:\/\/www.europesays.com\/pt\/wp-json\/wp\/v2\/posts\/181294","targetHints":{"allow":["GET"]}}],"collection":[{"href":"https:\/\/www.europesays.com\/pt\/wp-json\/wp\/v2\/posts"}],"about":[{"href":"https:\/\/www.europesays.com\/pt\/wp-json\/wp\/v2\/types\/post"}],"author":[{"embeddable":true,"href":"https:\/\/www.europesays.com\/pt\/wp-json\/wp\/v2\/users\/2"}],"replies":[{"embeddable":true,"href":"https:\/\/www.europesays.com\/pt\/wp-json\/wp\/v2\/comments?post=181294"}],"version-history":[{"count":0,"href":"https:\/\/www.europesays.com\/pt\/wp-json\/wp\/v2\/posts\/181294\/revisions"}],"wp:featuredmedia":[{"embeddable":true,"href":"https:\/\/www.europesays.com\/pt\/wp-json\/wp\/v2\/media\/181295"}],"wp:attachment":[{"href":"https:\/\/www.europesays.com\/pt\/wp-json\/wp\/v2\/media?parent=181294"}],"wp:term":[{"taxonomy":"category","embeddable":true,"href":"https:\/\/www.europesays.com\/pt\/wp-json\/wp\/v2\/categories?post=181294"},{"taxonomy":"post_tag","embeddable":true,"href":"https:\/\/www.europesays.com\/pt\/wp-json\/wp\/v2\/tags?post=181294"}],"curies":[{"name":"wp","href":"https:\/\/api.w.org\/{rel}","templated":true}]}}