{"id":181296,"date":"2025-12-09T12:02:09","date_gmt":"2025-12-09T12:02:09","guid":{"rendered":"https:\/\/www.europesays.com\/pt\/181296\/"},"modified":"2025-12-09T12:02:09","modified_gmt":"2025-12-09T12:02:09","slug":"indisposicao-de-cinco-passageiros-provoca-atrasos-significativos-na-fertagus","status":"publish","type":"post","link":"https:\/\/www.europesays.com\/pt\/181296\/","title":{"rendered":"Indisposi\u00e7\u00e3o de cinco passageiros provoca &#8220;atrasos significativos&#8221; na Fertagus"},"content":{"rendered":"<p>                Trataram-se de situa\u00e7\u00f5es de indisposi\u00e7\u00e3o de passageiros, com tr\u00eas pessoas a sentirem-se mal em Campolide, em Lisboa, e duas no Pragal, em Almada.<\/p>\n<p>No caso do Pragal, uma das indisposi\u00e7\u00f5es foi numa mulher gr\u00e1vida enquanto a outra foi uma mulher que n\u00e3o tomou o pequeno-almo\u00e7o, adiantou \u00e0 Antena 1 fonte da esta\u00e7\u00e3o.<\/p>\n<p>Nas redes sociais, a Fertagus j\u00e1 tinha alertado esta manh\u00e3 para \u201catrasos significativos\u201d devido a \u201cdoen\u00e7a s\u00fabita\u201d de um passageiro.<\/p>\n<p>Fonte oficial da empresa diz que com o passar das horas \u00e9 esperado que os hor\u00e1rios voltem ao normal.&#13;\n            <\/p>\n","protected":false},"excerpt":{"rendered":"Trataram-se de situa\u00e7\u00f5es de indisposi\u00e7\u00e3o de passageiros, com tr\u00eas pessoas a sentirem-se mal em Campolide, em Lisboa, e&hellip;\n","protected":false},"author":2,"featured_media":181297,"comment_status":"","ping_status":"","sticky":false,"template":"","format":"standard","meta":{"footnotes":""},"categories":[10],"tags":[27,28,15,16,14,25,26,21,22,12,13,19,20,32,23,24,33,420,421,17,18,29,30,31],"class_list":{"0":"post-181296","1":"post","2":"type-post","3":"status-publish","4":"format-standard","5":"has-post-thumbnail","7":"category-portugal","8":"tag-breaking-news","9":"tag-breakingnews","10":"tag-featured-news","11":"tag-featurednews","12":"tag-headlines","13":"tag-latest-news","14":"tag-latestnews","15":"tag-main-news","16":"tag-mainnews","17":"tag-news","18":"tag-noticias","19":"tag-noticias-principais","20":"tag-noticiasprincipais","21":"tag-portugal","22":"tag-principais-noticias","23":"tag-principaisnoticias","24":"tag-pt","25":"tag-rtp","26":"tag-rtp-noticias","27":"tag-top-stories","28":"tag-topstories","29":"tag-ultimas","30":"tag-ultimas-noticias","31":"tag-ultimasnoticias"},"share_on_mastodon":{"url":"https:\/\/pubeurope.com\/@pt\/115689511077567589","error":""},"_links":{"self":[{"href":"https:\/\/www.europesays.com\/pt\/wp-json\/wp\/v2\/posts\/181296","targetHints":{"allow":["GET"]}}],"collection":[{"href":"https:\/\/www.europesays.com\/pt\/wp-json\/wp\/v2\/posts"}],"about":[{"href":"https:\/\/www.europesays.com\/pt\/wp-json\/wp\/v2\/types\/post"}],"author":[{"embeddable":true,"href":"https:\/\/www.europesays.com\/pt\/wp-json\/wp\/v2\/users\/2"}],"replies":[{"embeddable":true,"href":"https:\/\/www.europesays.com\/pt\/wp-json\/wp\/v2\/comments?post=181296"}],"version-history":[{"count":0,"href":"https:\/\/www.europesays.com\/pt\/wp-json\/wp\/v2\/posts\/181296\/revisions"}],"wp:featuredmedia":[{"embeddable":true,"href":"https:\/\/www.europesays.com\/pt\/wp-json\/wp\/v2\/media\/181297"}],"wp:attachment":[{"href":"https:\/\/www.europesays.com\/pt\/wp-json\/wp\/v2\/media?parent=181296"}],"wp:term":[{"taxonomy":"category","embeddable":true,"href":"https:\/\/www.europesays.com\/pt\/wp-json\/wp\/v2\/categories?post=181296"},{"taxonomy":"post_tag","embeddable":true,"href":"https:\/\/www.europesays.com\/pt\/wp-json\/wp\/v2\/tags?post=181296"}],"curies":[{"name":"wp","href":"https:\/\/api.w.org\/{rel}","templated":true}]}}