{"id":181300,"date":"2025-12-09T12:04:11","date_gmt":"2025-12-09T12:04:11","guid":{"rendered":"https:\/\/www.europesays.com\/pt\/181300\/"},"modified":"2025-12-09T12:04:11","modified_gmt":"2025-12-09T12:04:11","slug":"o-tao-esperado-reencontro-nuno-markl-partilha-foto-em-cadeira-de-rodas-com-as-suas-cadelinhas-pets-and-company","status":"publish","type":"post","link":"https:\/\/www.europesays.com\/pt\/181300\/","title":{"rendered":"O t\u00e3o esperado reencontro! Nuno Markl partilha foto em cadeira de rodas com as suas cadelinhas &#8211; Pets and Company"},"content":{"rendered":"<p>                    10:01<\/p>\n<p>O humorista partilhou uma imagem com as suas cadelas Flor e Chiclete e os f\u00e3s n\u00e3o ficaram indiferentes<\/p>\n<p class=\"\">&#13;<br \/>\n        Nuno Markl voltou a dar not\u00edcias aos seguidores atrav\u00e9s de uma publica\u00e7\u00e3o no Instagram onde surge ao lado das suas duas cadelas, Chiclete e Flor.\u00a0<\/p>\n<p>Na legenda da fotografia, o humorista escreve: &#8220;O meu jejum de instagram vai continuar, mas queria s\u00f3 melhorar a vossa tarde com estas fotos da minha bela tarde. A escalada continua. \u00c9 \u00edngreme, mas n\u00e3o faz mal. At\u00e9 breve e obrigado pelo apoio!&#8221; <\/p>\n<p>&#13;\n    <\/p>\n<p class=\"\">&#13;<br \/>\n        A publica\u00e7\u00e3o assinala um reencontro com as suas &#8220;meninas&#8221;, depois do AVC que sofreu a 20 de novembro. Nos coment\u00e1rios, multiplicam-se as mensagens de apoio de f\u00e3s e colegas, que celebram o reencontro com Flor e Chiclete. Leia o artigo na \u00edntegra no <b><a href=\"https:\/\/www.petsandcompany.pt\/familia\/detalhe\/o-tao-esperado-reencontro-nuno-markl-partilha-foto-em-cadeira-de-rodas-e-com-as-suas-cadelinhas\" title=\"O t\u00e3o esperado reencontro! Nuno Markl partilha foto em cadeira de rodas e com as suas cadelinhas\" target=\"_blank\" rel=\"tag nofollow noopener\">Pets and Company<\/a><\/b>.&#13;\n    <\/p>\n","protected":false},"excerpt":{"rendered":"10:01 O humorista partilhou uma imagem com as suas cadelas Flor e Chiclete e os f\u00e3s n\u00e3o ficaram&hellip;\n","protected":false},"author":2,"featured_media":181301,"comment_status":"","ping_status":"","sticky":false,"template":"","format":"standard","meta":{"footnotes":""},"categories":[145],"tags":[211,210,114,115,32,33],"class_list":{"0":"post-181300","1":"post","2":"type-post","3":"status-publish","4":"format-standard","5":"has-post-thumbnail","7":"category-celebridades","8":"tag-celebridades","9":"tag-celebrities","10":"tag-entertainment","11":"tag-entretenimento","12":"tag-portugal","13":"tag-pt"},"share_on_mastodon":{"url":"https:\/\/pubeurope.com\/@pt\/115689518722480378","error":""},"_links":{"self":[{"href":"https:\/\/www.europesays.com\/pt\/wp-json\/wp\/v2\/posts\/181300","targetHints":{"allow":["GET"]}}],"collection":[{"href":"https:\/\/www.europesays.com\/pt\/wp-json\/wp\/v2\/posts"}],"about":[{"href":"https:\/\/www.europesays.com\/pt\/wp-json\/wp\/v2\/types\/post"}],"author":[{"embeddable":true,"href":"https:\/\/www.europesays.com\/pt\/wp-json\/wp\/v2\/users\/2"}],"replies":[{"embeddable":true,"href":"https:\/\/www.europesays.com\/pt\/wp-json\/wp\/v2\/comments?post=181300"}],"version-history":[{"count":0,"href":"https:\/\/www.europesays.com\/pt\/wp-json\/wp\/v2\/posts\/181300\/revisions"}],"wp:featuredmedia":[{"embeddable":true,"href":"https:\/\/www.europesays.com\/pt\/wp-json\/wp\/v2\/media\/181301"}],"wp:attachment":[{"href":"https:\/\/www.europesays.com\/pt\/wp-json\/wp\/v2\/media?parent=181300"}],"wp:term":[{"taxonomy":"category","embeddable":true,"href":"https:\/\/www.europesays.com\/pt\/wp-json\/wp\/v2\/categories?post=181300"},{"taxonomy":"post_tag","embeddable":true,"href":"https:\/\/www.europesays.com\/pt\/wp-json\/wp\/v2\/tags?post=181300"}],"curies":[{"name":"wp","href":"https:\/\/api.w.org\/{rel}","templated":true}]}}