{"id":181308,"date":"2025-12-09T12:11:09","date_gmt":"2025-12-09T12:11:09","guid":{"rendered":"https:\/\/www.europesays.com\/pt\/181308\/"},"modified":"2025-12-09T12:11:09","modified_gmt":"2025-12-09T12:11:09","slug":"ha-um-novo-exame-que-identifica-mais-de-50-cancros-antes-de-surgirem-sintomas-dois-as-10","status":"publish","type":"post","link":"https:\/\/www.europesays.com\/pt\/181308\/","title":{"rendered":"H\u00e1 um novo exame que identifica mais de 50 cancros antes de surgirem sintomas &#8211; Dois \u00e0s 10"},"content":{"rendered":"<p>                        Um novo exame de sangue promete revolucionar o diagn\u00f3stico oncol\u00f3gico ao conseguir detetar mais de 50 tipos de cancro ainda antes de surgirem quaisquer sintomas, oferecendo a possibilidade de identificar a doen\u00e7a numa fase muito mais precoce e potencialmente aumentar as hip\u00f3teses de tratamento eficaz.<\/p>\n<p>Um novo exame ao sangue, denominado Galleri, pode transformar o modo como se faz o diagn\u00f3stico precoce do cancro. De acordo com investigadores da Calif\u00f3rnia, este teste \u00e9 capaz de detetar mais de 50 tipos de cancro, mesmo antes de qualquer sintoma aparecer.<\/p>\n<p>Segundo o <a href=\"https:\/\/nypost.com\/2025\/10\/21\/health\/breakthrough-blood-test-could-detect-over-50-types-of-cancer-even-before-symptoms-appear\/\" rel=\"nofollow noopener\" target=\"_blank\">New York Post<\/a>, o estudo \u2014 conduzido pela empresa de biotecnologia GRAIL \u2014 envolveu mais de 23 mil participantes nos Estados Unidos e no Canad\u00e1. Foram avaliadas pessoas com 50 anos ou mais que n\u00e3o apresentavam ind\u00edcios da doen\u00e7a. Os dados revelam que o teste identificou potenciais sinais de cancro em 216 indiv\u00edduos, sendo que 133 acabaram por ter o diagn\u00f3stico confirmado.<\/p>\n<p>Mais de metade destes casos encontrava-se nos est\u00e1dios iniciais (1 ou 2), o que evidencia o potencial do teste para salvar vidas atrav\u00e9s de um diagn\u00f3stico mais r\u00e1pido. A taxa de falsos positivos ficou nos 0,4%, considerada muito reduzida pelos investigadores.<\/p>\n<p>Para a m\u00e9dica Nicole Saphier, do Memorial Sloan Kettering Cancer Center, este tipo de exame \u201cpode ser um complemento promissor aos rastreios existentes\u201d, permitindo identificar doen\u00e7as que os m\u00e9todos tradicionais ainda n\u00e3o conseguem detetar.<\/p>\n<p>Ainda assim, os especialistas refor\u00e7am que o Galleri n\u00e3o substitui os rastreios habituais, devendo ser introduzido de forma gradual e sustentada em evid\u00eancia cient\u00edfica. Est\u00e3o previstos novos estudos, com um n\u00famero maior de participantes e acompanhamento prolongado, para determinar o verdadeiro impacto cl\u00ednico deste avan\u00e7o.<\/p>\n","protected":false},"excerpt":{"rendered":"Um novo exame de sangue promete revolucionar o diagn\u00f3stico oncol\u00f3gico ao conseguir detetar mais de 50 tipos de&hellip;\n","protected":false},"author":2,"featured_media":181309,"comment_status":"","ping_status":"","sticky":false,"template":"","format":"standard","meta":{"footnotes":""},"categories":[86],"tags":[1207,329,166,3412,3406,3409,801,3410,3411,3407,3408,116,3413,338,32,33,117],"class_list":{"0":"post-181308","1":"post","2":"type-post","3":"status-publish","4":"format-standard","5":"has-post-thumbnail","7":"category-saude","8":"tag-cancro","9":"tag-claudio-ramos","10":"tag-cristina-ferreira","11":"tag-dois-10","12":"tag-dois-a-s-10-dois-a-s-10","13":"tag-dois-a-s-dez","14":"tag-dois-as-10","15":"tag-dois-as-dez","16":"tag-dois-dez","17":"tag-doisas10","18":"tag-doisasdez","19":"tag-health","20":"tag-manha-tvi","21":"tag-maria-botelho-moniz","22":"tag-portugal","23":"tag-pt","24":"tag-saude"},"share_on_mastodon":{"url":"https:\/\/pubeurope.com\/@pt\/115689546252685972","error":""},"_links":{"self":[{"href":"https:\/\/www.europesays.com\/pt\/wp-json\/wp\/v2\/posts\/181308","targetHints":{"allow":["GET"]}}],"collection":[{"href":"https:\/\/www.europesays.com\/pt\/wp-json\/wp\/v2\/posts"}],"about":[{"href":"https:\/\/www.europesays.com\/pt\/wp-json\/wp\/v2\/types\/post"}],"author":[{"embeddable":true,"href":"https:\/\/www.europesays.com\/pt\/wp-json\/wp\/v2\/users\/2"}],"replies":[{"embeddable":true,"href":"https:\/\/www.europesays.com\/pt\/wp-json\/wp\/v2\/comments?post=181308"}],"version-history":[{"count":0,"href":"https:\/\/www.europesays.com\/pt\/wp-json\/wp\/v2\/posts\/181308\/revisions"}],"wp:featuredmedia":[{"embeddable":true,"href":"https:\/\/www.europesays.com\/pt\/wp-json\/wp\/v2\/media\/181309"}],"wp:attachment":[{"href":"https:\/\/www.europesays.com\/pt\/wp-json\/wp\/v2\/media?parent=181308"}],"wp:term":[{"taxonomy":"category","embeddable":true,"href":"https:\/\/www.europesays.com\/pt\/wp-json\/wp\/v2\/categories?post=181308"},{"taxonomy":"post_tag","embeddable":true,"href":"https:\/\/www.europesays.com\/pt\/wp-json\/wp\/v2\/tags?post=181308"}],"curies":[{"name":"wp","href":"https:\/\/api.w.org\/{rel}","templated":true}]}}