{"id":181317,"date":"2025-12-09T12:18:12","date_gmt":"2025-12-09T12:18:12","guid":{"rendered":"https:\/\/www.europesays.com\/pt\/181317\/"},"modified":"2025-12-09T12:18:12","modified_gmt":"2025-12-09T12:18:12","slug":"barbara-e-monique-evans-celebram-os-91-anos-da-mae-da-modelo-maria-da-conceicao","status":"publish","type":"post","link":"https:\/\/www.europesays.com\/pt\/181317\/","title":{"rendered":"B\u00e1rbara e Monique Evans celebram os 91 anos da m\u00e3e da modelo, Maria da Concei\u00e7\u00e3o"},"content":{"rendered":"\n<p class=\" content-text__container \" data-track-category=\"Link no Texto\" data-track-links=\"\"> &#8220;Eu e minha fam\u00edlia, como j\u00e1 tinha dito&#8230; n\u00e3o iremos mais nos pronunciar sobre o assunto. As escolhas j\u00e1 foram tomadas, tanto as dela, quanto as minhas. Mas qualquer mentira que seja dita, eu irei provar. Porque tenho provas de tudo. Fora isso, ficaremos vivendo nossa vidinha deliciosa que sempre sonhei. Sonhei e conquistei com muita f\u00e9! Minha fam\u00edlia em primeiro lugar sempre. Deus aben\u00e7oe&#8221;, escreveu B\u00e1rbara. <\/p>\n","protected":false},"excerpt":{"rendered":"&#8220;Eu e minha fam\u00edlia, como j\u00e1 tinha dito&#8230; n\u00e3o iremos mais nos pronunciar sobre o assunto. As escolhas&hellip;\n","protected":false},"author":2,"featured_media":181318,"comment_status":"","ping_status":"","sticky":false,"template":"","format":"standard","meta":{"footnotes":""},"categories":[145],"tags":[211,210,114,115,32,33],"class_list":{"0":"post-181317","1":"post","2":"type-post","3":"status-publish","4":"format-standard","5":"has-post-thumbnail","7":"category-celebridades","8":"tag-celebridades","9":"tag-celebrities","10":"tag-entertainment","11":"tag-entretenimento","12":"tag-portugal","13":"tag-pt"},"share_on_mastodon":{"url":"","error":""},"_links":{"self":[{"href":"https:\/\/www.europesays.com\/pt\/wp-json\/wp\/v2\/posts\/181317","targetHints":{"allow":["GET"]}}],"collection":[{"href":"https:\/\/www.europesays.com\/pt\/wp-json\/wp\/v2\/posts"}],"about":[{"href":"https:\/\/www.europesays.com\/pt\/wp-json\/wp\/v2\/types\/post"}],"author":[{"embeddable":true,"href":"https:\/\/www.europesays.com\/pt\/wp-json\/wp\/v2\/users\/2"}],"replies":[{"embeddable":true,"href":"https:\/\/www.europesays.com\/pt\/wp-json\/wp\/v2\/comments?post=181317"}],"version-history":[{"count":0,"href":"https:\/\/www.europesays.com\/pt\/wp-json\/wp\/v2\/posts\/181317\/revisions"}],"wp:featuredmedia":[{"embeddable":true,"href":"https:\/\/www.europesays.com\/pt\/wp-json\/wp\/v2\/media\/181318"}],"wp:attachment":[{"href":"https:\/\/www.europesays.com\/pt\/wp-json\/wp\/v2\/media?parent=181317"}],"wp:term":[{"taxonomy":"category","embeddable":true,"href":"https:\/\/www.europesays.com\/pt\/wp-json\/wp\/v2\/categories?post=181317"},{"taxonomy":"post_tag","embeddable":true,"href":"https:\/\/www.europesays.com\/pt\/wp-json\/wp\/v2\/tags?post=181317"}],"curies":[{"name":"wp","href":"https:\/\/api.w.org\/{rel}","templated":true}]}}