{"id":18132,"date":"2025-08-06T09:16:10","date_gmt":"2025-08-06T09:16:10","guid":{"rendered":"https:\/\/www.europesays.com\/pt\/18132\/"},"modified":"2025-08-06T09:16:10","modified_gmt":"2025-08-06T09:16:10","slug":"guarda-costeira-dos-eua-conclui-que-a-implosao-do-titan-era-evitavel-oceano","status":"publish","type":"post","link":"https:\/\/www.europesays.com\/pt\/18132\/","title":{"rendered":"Guarda Costeira dos EUA conclui que a implos\u00e3o do Titan era \u201cevit\u00e1vel\u201d | Oceano"},"content":{"rendered":"<p>A Guarda Costeira dos Estados Unidos concluiu que a <a href=\"https:\/\/www.publico.pt\/2023\/06\/22\/ciencia\/noticia\/buscas-titan-ja-estara-ficar-oxigenio-intensificamse-2054235\" target=\"_blank\" rel=\"nofollow noopener\">trag\u00e9dia<\/a> do submers\u00edvel Titan, que a 18 de Junho de 2023 implodiu e provocou a morte a cinco pessoas, se deveu a uma s\u00e9rie de falhas graves de seguran\u00e7a, neglig\u00eancia por parte da OceanGate \u2014 empresa respons\u00e1vel pela opera\u00e7\u00e3o \u2014 e \u00e0 aus\u00eancia de supervis\u00e3o eficaz.<\/p>\n<p>Segundo o relat\u00f3rio oficial divulgado esta ter\u00e7a-feira, \u201cos principais factores que contribu\u00edram para a<a href=\"https:\/\/www.publico.pt\/2024\/09\/17\/ciencia\/noticia\/imagem-destrocos-submersivel-titan-revelada-2104427\" target=\"_blank\" rel=\"nofollow noopener\"> implos\u00e3o<\/a> foram o processo inadequado de projecto, certifica\u00e7\u00e3o, manuten\u00e7\u00e3o e inspec\u00e7\u00e3o do Titan\u201d, al\u00e9m de uma \u201ccultura t\u00f3xica no local de trabalho\u201d. A empresa, com sede no estado de Washington, operava fora dos protocolos estabelecidos para submers\u00edveis em \u00e1guas profundas e frequentemente ignorava sinais de alerta.<\/p>\n<p>\u201cO Titan nunca foi submetido a uma avalia\u00e7\u00e3o independente, como deveria ser pr\u00e1tica comum\u201d, afirmou a Guarda Costeira no documento de mais de 300 p\u00e1ginas. O relat\u00f3rio detalha que o Director Executivo da OceanGate, Stockton Rush, \u201cdemonstrou neglig\u00eancia\u201d ao desconsiderar advert\u00eancias t\u00e9cnicas, relat\u00f3rios de falhas de design e a necessidade de supervis\u00e3o externa. \u201cSe Rush tivesse sobrevivido, o caso teria sido encaminhado ao Departamento de Justi\u00e7a e ele poderia ter enfrentado acusa\u00e7\u00f5es criminais\u201d, afirmou o Conselho Mar\u00edtimo de Investiga\u00e7\u00e3o.<\/p>\n<p>        &#13;<\/p>\n<p>&#13;<br \/>\n                &#13;\n            <\/p>\n<p>&#13;<\/p>\n<p>Jason Neubauer, que faz parte do programa de investiga\u00e7\u00e3o da Guarda Costeira, sublinhou que \u201ch\u00e1 necessidade de uma supervis\u00e3o mais forte e op\u00e7\u00f5es claras para operadoras que est\u00e3o a explorar novos conceitos fora da estrutura existente\u201d. Para Neubauer, a investiga\u00e7\u00e3o de dois anos forneceu \u201cli\u00e7\u00f5es valiosas para evitar uma ocorr\u00eancia futura\u201d.<\/p>\n<p>As v\u00edtimas da implos\u00e3o inclu\u00edram, al\u00e9m de Rush, o empres\u00e1rio brit\u00e2nico Hamish Harding, o mergulhador franc\u00eas Paul-Henri Nargeolet, o paquistan\u00eas Shahzada Dawood e o filho de 19 anos, Suleman Dawood. A fam\u00edlia de Nargeolet processou a empresa, exigindo mais de 50 milh\u00f5es de d\u00f3lares, alegando que a tripula\u00e7\u00e3o sofreu \u201cterror e ang\u00fastia mental\u201d antes da trag\u00e9dia.<\/p>\n<p>O relat\u00f3rio descreve ainda que \u201cas crescentes press\u00f5es financeiras em 2023 levaram a OceanGate a armazenar o submers\u00edvel Titan ao ar livre durante o inverno canadiano\u201d, expondo o casco a varia\u00e7\u00f5es extremas de temperatura que comprometeram a sua integridade.<\/p>\n<p>V\u00e1rios antigos funcion\u00e1rios da empresa confirmaram ainda o ambiente de intimida\u00e7\u00e3o que se vivia dentro de portas. Tony Nissen, engenheiro-chefe do submers\u00edvel, admitiu sentir-se pressionado a preparar a embarca\u00e7\u00e3o e chegou inclusive a recusar pilotar anos antes.<\/p>\n<p>        &#13;<\/p>\n<p>&#13;<br \/>\n                &#13;\n            <\/p>\n<p>&#13;<\/p>\n<p>A OceanGate encerrou oficialmente as suas opera\u00e7\u00f5es em Julho de 2023. \u201cApresentamos as nossas mais profundas condol\u00eancias \u00e0s fam\u00edlias daqueles que faleceram em 18 de Junho de 2023 e a todos os afectados pela trag\u00e9dia\u201d, disse o porta-voz da empresa, Christian Hammond.<\/p>\n<p>As conclus\u00f5es da investiga\u00e7\u00e3o agora divulgada refor\u00e7am o apelo global por uma regulamenta\u00e7\u00e3o mais r\u00edgida das expedi\u00e7\u00f5es privadas a ambientes extremos. Como afirmou Neubauer, \u201co objectivo \u00e9 que esta trag\u00e9dia n\u00e3o volte a acontecer\u201d.<\/p>\n","protected":false},"excerpt":{"rendered":"A Guarda Costeira dos Estados Unidos concluiu que a trag\u00e9dia do submers\u00edvel Titan, que a 18 de Junho&hellip;\n","protected":false},"author":2,"featured_media":18133,"comment_status":"","ping_status":"","sticky":false,"template":"","format":"standard","meta":{"footnotes":""},"categories":[8],"tags":[27,28,15,16,14,25,26,21,22,62,12,13,19,20,6760,32,23,24,33,110,6761,17,18,29,30,31],"class_list":{"0":"post-18132","1":"post","2":"type-post","3":"status-publish","4":"format-standard","5":"has-post-thumbnail","7":"category-principais-noticias","8":"tag-breaking-news","9":"tag-breakingnews","10":"tag-featured-news","11":"tag-featurednews","12":"tag-headlines","13":"tag-latest-news","14":"tag-latestnews","15":"tag-main-news","16":"tag-mainnews","17":"tag-mundo","18":"tag-news","19":"tag-noticias","20":"tag-noticias-principais","21":"tag-noticiasprincipais","22":"tag-oceano","23":"tag-portugal","24":"tag-principais-noticias","25":"tag-principaisnoticias","26":"tag-pt","27":"tag-tecnologia","28":"tag-titanic","29":"tag-top-stories","30":"tag-topstories","31":"tag-ultimas","32":"tag-ultimas-noticias","33":"tag-ultimasnoticias"},"share_on_mastodon":{"url":"","error":""},"_links":{"self":[{"href":"https:\/\/www.europesays.com\/pt\/wp-json\/wp\/v2\/posts\/18132","targetHints":{"allow":["GET"]}}],"collection":[{"href":"https:\/\/www.europesays.com\/pt\/wp-json\/wp\/v2\/posts"}],"about":[{"href":"https:\/\/www.europesays.com\/pt\/wp-json\/wp\/v2\/types\/post"}],"author":[{"embeddable":true,"href":"https:\/\/www.europesays.com\/pt\/wp-json\/wp\/v2\/users\/2"}],"replies":[{"embeddable":true,"href":"https:\/\/www.europesays.com\/pt\/wp-json\/wp\/v2\/comments?post=18132"}],"version-history":[{"count":0,"href":"https:\/\/www.europesays.com\/pt\/wp-json\/wp\/v2\/posts\/18132\/revisions"}],"wp:featuredmedia":[{"embeddable":true,"href":"https:\/\/www.europesays.com\/pt\/wp-json\/wp\/v2\/media\/18133"}],"wp:attachment":[{"href":"https:\/\/www.europesays.com\/pt\/wp-json\/wp\/v2\/media?parent=18132"}],"wp:term":[{"taxonomy":"category","embeddable":true,"href":"https:\/\/www.europesays.com\/pt\/wp-json\/wp\/v2\/categories?post=18132"},{"taxonomy":"post_tag","embeddable":true,"href":"https:\/\/www.europesays.com\/pt\/wp-json\/wp\/v2\/tags?post=18132"}],"curies":[{"name":"wp","href":"https:\/\/api.w.org\/{rel}","templated":true}]}}