{"id":181331,"date":"2025-12-09T12:30:22","date_gmt":"2025-12-09T12:30:22","guid":{"rendered":"https:\/\/www.europesays.com\/pt\/181331\/"},"modified":"2025-12-09T12:30:22","modified_gmt":"2025-12-09T12:30:22","slug":"urgencias-no-amadora-sintra-ha-um-problema-e-e-um-problema-serio","status":"publish","type":"post","link":"https:\/\/www.europesays.com\/pt\/181331\/","title":{"rendered":"Urg\u00eancias no Amadora-Sintra. &#8220;H\u00e1 um problema e \u00e9 um problema s\u00e9rio&#8221;"},"content":{"rendered":"<p>O diretor-executivo do Servi\u00e7o Nacional de Sa\u00fade (SNS), \u00c1lvaro Almeida, reconheceu, esta ter\u00e7a-feira, aos jornalistas, que o Hospital Fernando da Fonseca, mais conhecido como Amadora-Sintra, est\u00e1 a lidar com um &#8220;problema s\u00e9rio&#8221; no servi\u00e7o de urg\u00eancia, onde a espera no atendimento \u00e9 de mais de uma dezena de horas.<\/p>\n<p>&#8220;\u00c9 a Unidade Local de Sa\u00fade (ULS) com mais utentes sem m\u00e9dico de fam\u00edlia por falta de recursos humanos. E, portanto, no caso do Fernando da Fonseca n\u00e3o \u00e9 poss\u00edvel colmatar as necessidades com recurso aos cuidados de sa\u00fade prim\u00e1rios porque tamb\u00e9m nos cuidados de sa\u00fade prim\u00e1rios n\u00e3o temos esses recursos&#8221;, come\u00e7ou por salientar o respons\u00e1vel, \u00e0 margem de uma visita ao Hospital da P\u00f3voa de Varzim, garantindo que est\u00e3o j\u00e1 a &#8220;refor\u00e7ar as equipas&#8221;, o que &#8220;n\u00e3o \u00e9 f\u00e1cil porque h\u00e1 uma falta de recursos humanos estrutural&#8221; e est\u00e3o tamb\u00e9m a &#8220;reorganizar o funciomento da urg\u00eancia&#8221;.<\/p>\n<p>&#8220;No Amadora-Sintra h\u00e1 um problema e \u00e9 um problema s\u00e9rio. \u00c9 o principal problema, neste momento, no SNS. Aquilo que mais preocupa a equipa executiva do SNS&#8221;, admitiu.<\/p>\n<p>Para \u00c1lvaro Almeida para esta situa\u00e7\u00e3o contribuem &#8220;v\u00e1rios problemas&#8221;. &#8220;O problema de base, de fundo, \u00e9 a falta de recursos humanos. Depois h\u00e1 outros problemas associados, a forma como as urg\u00eancias est\u00e3o organizadas, diferente de outros hospitais, contratos de trabalho diferentes, portanto, h\u00e1 uma s\u00e9rie de quest\u00f5es que se conjugam para criar um problema&#8221;, reiterou.<\/p>\n<p>Questionado sobre as solu\u00e7\u00f5es que est\u00e3o a ser avaliadas para resolver o problema do atendimento nas urg\u00eancias do Amadora-Sintra, o respons\u00e1vel disse apenas que estas est\u00e3o a ser discutidas junto com a administra\u00e7\u00e3o do hospital.<\/p>\n<p>&#8220;Estamos a trabalhar ativamente neste sentido&#8221;, assegurou, sem querer adiantar mais sobre o assunto.<\/p>\n<p>&#8220;Como indica qualquer plano de contig\u00eancia, o que o hospital tem de fazer \u00e9 reorganizar o seu modo de trabalhar para responder ao aumento da procura. No caso do Amadora-Sintra, n\u00f3s temos, por exemplo, o problema dos internamentos sociais. \u00c9 o hospital com mais internamentos inapropriados. Temos o problema dos recursos humanos. Temos uma s\u00e9rie de problemas que vamos resolver mas que n\u00e3o \u00e9 f\u00e1cil porque v\u00eam h\u00e1 anos e que vamos resolvendo dentro do poss\u00edvel, mas n\u00e3o h\u00e1 solu\u00e7\u00f5es milagrosas. H\u00e1 solu\u00e7\u00f5es para minimizar o problema. N\u00e3o vamos aceitar que se mantenham as 13h de espera&#8221;, afian\u00e7ou.<\/p>\n<p>Recorde-se que, de acordo com a ministra da Sa\u00fade, &#8220;as pr\u00f3ximas oito semanas ser\u00e3o particularmente exigentes&#8221; devido \u00e0 gripe.<\/p>\n<p>Leia Tamb\u00e9m: <a href=\"https:\/\/www.noticiasaominuto.com\/pais\/2901246\/gripe-proximas-8-semanas-serao-particularmente-exigentes\" target=\"_blank\" rel=\"noopener noreferrer nofollow\">Gripe? &#8220;As pr\u00f3ximas oito semanas ser\u00e3o particularmente exigentes&#8221;<\/a><\/p>\n","protected":false},"excerpt":{"rendered":"O diretor-executivo do Servi\u00e7o Nacional de Sa\u00fade (SNS), \u00c1lvaro Almeida, reconheceu, esta ter\u00e7a-feira, aos jornalistas, que o Hospital&hellip;\n","protected":false},"author":2,"featured_media":181332,"comment_status":"","ping_status":"","sticky":false,"template":"","format":"standard","meta":{"footnotes":""},"categories":[10],"tags":[27,28,15,16,14,25,26,21,22,12,13,19,20,32,23,24,33,17,18,29,30,31],"class_list":{"0":"post-181331","1":"post","2":"type-post","3":"status-publish","4":"format-standard","5":"has-post-thumbnail","7":"category-portugal","8":"tag-breaking-news","9":"tag-breakingnews","10":"tag-featured-news","11":"tag-featurednews","12":"tag-headlines","13":"tag-latest-news","14":"tag-latestnews","15":"tag-main-news","16":"tag-mainnews","17":"tag-news","18":"tag-noticias","19":"tag-noticias-principais","20":"tag-noticiasprincipais","21":"tag-portugal","22":"tag-principais-noticias","23":"tag-principaisnoticias","24":"tag-pt","25":"tag-top-stories","26":"tag-topstories","27":"tag-ultimas","28":"tag-ultimas-noticias","29":"tag-ultimasnoticias"},"share_on_mastodon":{"url":"https:\/\/pubeurope.com\/@pt\/115689621101572961","error":""},"_links":{"self":[{"href":"https:\/\/www.europesays.com\/pt\/wp-json\/wp\/v2\/posts\/181331","targetHints":{"allow":["GET"]}}],"collection":[{"href":"https:\/\/www.europesays.com\/pt\/wp-json\/wp\/v2\/posts"}],"about":[{"href":"https:\/\/www.europesays.com\/pt\/wp-json\/wp\/v2\/types\/post"}],"author":[{"embeddable":true,"href":"https:\/\/www.europesays.com\/pt\/wp-json\/wp\/v2\/users\/2"}],"replies":[{"embeddable":true,"href":"https:\/\/www.europesays.com\/pt\/wp-json\/wp\/v2\/comments?post=181331"}],"version-history":[{"count":0,"href":"https:\/\/www.europesays.com\/pt\/wp-json\/wp\/v2\/posts\/181331\/revisions"}],"wp:featuredmedia":[{"embeddable":true,"href":"https:\/\/www.europesays.com\/pt\/wp-json\/wp\/v2\/media\/181332"}],"wp:attachment":[{"href":"https:\/\/www.europesays.com\/pt\/wp-json\/wp\/v2\/media?parent=181331"}],"wp:term":[{"taxonomy":"category","embeddable":true,"href":"https:\/\/www.europesays.com\/pt\/wp-json\/wp\/v2\/categories?post=181331"},{"taxonomy":"post_tag","embeddable":true,"href":"https:\/\/www.europesays.com\/pt\/wp-json\/wp\/v2\/tags?post=181331"}],"curies":[{"name":"wp","href":"https:\/\/api.w.org\/{rel}","templated":true}]}}