{"id":181337,"date":"2025-12-09T12:35:10","date_gmt":"2025-12-09T12:35:10","guid":{"rendered":"https:\/\/www.europesays.com\/pt\/181337\/"},"modified":"2025-12-09T12:35:10","modified_gmt":"2025-12-09T12:35:10","slug":"a-protegida-mariana-volta-a-usar-a-alianca-de-casamento-novelas","status":"publish","type":"post","link":"https:\/\/www.europesays.com\/pt\/181337\/","title":{"rendered":"A\u00a0Protegida: Mariana volta a usar a alian\u00e7a de casamento &#8211; Novelas"},"content":{"rendered":"<p>Em \u00abA\u00a0Protegida\u00bb, Laura (Alexandra Lencastre) j\u00e1 foi informada de que Jorge (Paulo Pires) n\u00e3o ficou detido e que a investiga\u00e7\u00e3o n\u00e3o deu em nada, mas ela n\u00e3o pretende desistir. Laura nota que Mariana (Matilde Reym\u00e3o) voltou a usar o fio com a alian\u00e7a e esta diz-lhe que se sente mais confiante quando o usa. Mariana aprendeu que deve seguir a sua intui\u00e7\u00e3o e sente que deve usar a alian\u00e7a. Laura s\u00f3 n\u00e3o quer que a filha sofra mais.<\/p>\n","protected":false},"excerpt":{"rendered":"Em \u00abA\u00a0Protegida\u00bb, Laura (Alexandra Lencastre) j\u00e1 foi informada de que Jorge (Paulo Pires) n\u00e3o ficou detido e que&hellip;\n","protected":false},"author":2,"featured_media":181338,"comment_status":"","ping_status":"","sticky":false,"template":"","format":"standard","meta":{"footnotes":""},"categories":[142],"tags":[168,160,166,114,115,157,167,164,2931,161,158,165,159,32,33,156,163,151,162],"class_list":{"0":"post-181337","1":"post","2":"type-post","3":"status-publish","4":"format-standard","5":"has-post-thumbnail","7":"category-tv","8":"tag-a-protegida","9":"tag-ana-guiomar","10":"tag-cristina-ferreira","11":"tag-entertainment","12":"tag-entretenimento","13":"tag-festa-e-festa","14":"tag-ficcao","15":"tag-jose-fidalgo","16":"tag-novela","17":"tag-novelas","18":"tag-para-sempre","19":"tag-pedro-sousa","20":"tag-pedro-teixeira","21":"tag-portugal","22":"tag-pt","23":"tag-queridos-papas","24":"tag-tiago-teotonio-pereira","25":"tag-tv","26":"tag-tvi"},"share_on_mastodon":{"url":"https:\/\/pubeurope.com\/@pt\/115689640868127258","error":""},"_links":{"self":[{"href":"https:\/\/www.europesays.com\/pt\/wp-json\/wp\/v2\/posts\/181337","targetHints":{"allow":["GET"]}}],"collection":[{"href":"https:\/\/www.europesays.com\/pt\/wp-json\/wp\/v2\/posts"}],"about":[{"href":"https:\/\/www.europesays.com\/pt\/wp-json\/wp\/v2\/types\/post"}],"author":[{"embeddable":true,"href":"https:\/\/www.europesays.com\/pt\/wp-json\/wp\/v2\/users\/2"}],"replies":[{"embeddable":true,"href":"https:\/\/www.europesays.com\/pt\/wp-json\/wp\/v2\/comments?post=181337"}],"version-history":[{"count":0,"href":"https:\/\/www.europesays.com\/pt\/wp-json\/wp\/v2\/posts\/181337\/revisions"}],"wp:featuredmedia":[{"embeddable":true,"href":"https:\/\/www.europesays.com\/pt\/wp-json\/wp\/v2\/media\/181338"}],"wp:attachment":[{"href":"https:\/\/www.europesays.com\/pt\/wp-json\/wp\/v2\/media?parent=181337"}],"wp:term":[{"taxonomy":"category","embeddable":true,"href":"https:\/\/www.europesays.com\/pt\/wp-json\/wp\/v2\/categories?post=181337"},{"taxonomy":"post_tag","embeddable":true,"href":"https:\/\/www.europesays.com\/pt\/wp-json\/wp\/v2\/tags?post=181337"}],"curies":[{"name":"wp","href":"https:\/\/api.w.org\/{rel}","templated":true}]}}