{"id":181355,"date":"2025-12-09T12:44:16","date_gmt":"2025-12-09T12:44:16","guid":{"rendered":"https:\/\/www.europesays.com\/pt\/181355\/"},"modified":"2025-12-09T12:44:16","modified_gmt":"2025-12-09T12:44:16","slug":"apos-greve-geral-outra-greve-vai-afetar-servicos-no-dia-12-observador","status":"publish","type":"post","link":"https:\/\/www.europesays.com\/pt\/181355\/","title":{"rendered":"Ap\u00f3s greve geral, outra greve vai afetar servi\u00e7os no dia 12 \u2013 Observador"},"content":{"rendered":"<p>Um dia depois da greve geral, marcada para quinta-feira, h\u00e1 uma nova greve \u00e0 vista, convocada para o dia seguinte (sexta-feira) e que pode condicionar de forma significativa os servi\u00e7os p\u00fablicos. Trata-se de uma paralisa\u00e7\u00e3o convocada pelo Sindicato Independente dos Trabalhadores dos Organismos P\u00fablicos e Apoio Social (SITOPAS) e tamb\u00e9m, na \u00e1rea da Sa\u00fade, pelo Sindicato Democr\u00e1tico dos Enfermeiros de Portugal (SINDEPOR).<\/p>\n<p>O SITOPAS decretou greve, nos dias 11 de dezembro e 12 de dezembro, para os trabalhadores da Administra\u00e7\u00e3o P\u00fablica Central, Regional e Local, sejam de \u201ccarreiras gerais, especiais e subsistentes, dos servi\u00e7os da Administra\u00e7\u00e3o Direta e Indireta do Estado\u201d, como forma de luta e protesto contra o pacote laboral apresentado pelo Governo. Desta forma, podem ficar condicionados servi\u00e7os como reparti\u00e7\u00f5es de F<strong>inan\u00e7as<\/strong>, servi\u00e7os de Seguran\u00e7a Social, escolas, servi\u00e7os municipais de v\u00e1rios tipos, servi\u00e7os das juntas de freguesia (como a <strong>recolha de lixo<\/strong>).<\/p>\n<p>Por causa deste pr\u00e9-aviso de greve, muitas <strong>escolas<\/strong> alertaram j\u00e1 os encarregados de educa\u00e7\u00e3o para a possibilidade de estarem fechadas tamb\u00e9m na sexta-feira.<\/p>\n<p>No pr\u00e9-aviso de greve publicado no <a href=\"https:\/\/www.sitopas.pt\/\" rel=\"nofollow noopener\" target=\"_blank\">site<\/a>, o SITOPAS considera o anteprojeto da reforma da legisla\u00e7\u00e3o laboral um \u201cataque sem precedentes \u00e0s condi\u00e7\u00f5es de trabalho dos trabalhadores e op\u00f5e-se ao que diz ser o \u201cagravamento da precariedade\u201d, \u201cliberaliza\u00e7\u00e3o dos despedimentos\u201d, \u201ccortes na parentalidade\u201d, \u201cataque ao direito \u00e0 greve\u201d ou \u00e0 negocia\u00e7\u00e3o coletiva.<\/p>\n<blockquote class=\"wp-embedded-content\" data-secret=\"HARwIRmBlf\">\n<p><a href=\"https:\/\/observador.pt\/2025\/12\/07\/greve-geral-pode-ter-um-custo-de-ate-793-milhoes-de-euros-para-a-economia-portuguesa\/\" rel=\"nofollow noopener\" target=\"_blank\">Greve geral pode ter um custo de at\u00e9 793 milh\u00f5es de euros para a economia portuguesa<\/a><\/p>\n<\/blockquote>\n<p>A \u00e1rea da Sa\u00fade \u2014 que n\u00e3o est\u00e1 abrangida na greve decretada pelo SITOPAS \u2014\u00a0pode, no entanto, vir tamb\u00e9m a ser afetada pela greve na pr\u00f3xima sexta-feira. Isto porque o SINDEPOR (um dos principais sindicatos de enfermeiros) tamb\u00e9m convocou uma paralisa\u00e7\u00e3o para 12 de dezembro, devido ao que considera ser um impasse nas negocia\u00e7\u00f5es com o Minist\u00e9rio da Sa\u00fade para a cria\u00e7\u00e3o de um Acordo Coletivo de Trabalho.<\/p>\n<p>O presidente do SINDEPOR, Carlos Ramalho, lembrou, em declara\u00e7\u00f5es \u00e0 Lusa, que o Governo se comprometeu a iniciar negocia\u00e7\u00f5es em janeiro, mas s\u00f3 o fez em junho, apresentando propostas \u201ccompletamente absurdas\u201d. Entre as medidas contestadas est\u00e3o a introdu\u00e7\u00e3o da bolsa de horas e da adaptabilidade, que, segundo o dirigente, \u201ccomprometem seriamente a vida pessoal e familiar dos enfermeiros, porque nunca sabem com o que contam\u201d. Por isso, o sindicato decidiu avan\u00e7ar com uma greve de 16 horas, entre, entre as 8h e as 24h da pr\u00f3xima sexta-feira, 12 de dezembro.<\/p>\n<p>O SINDEPOR garante, no entanto, que vai respeitar os servi\u00e7os m\u00ednimos decretados para a \u00e1rea da Sa\u00fade. J\u00e1 quanto ao SITOPAS, este sindicato chegou a acordo com a Dire\u00e7\u00e3o-Geral da Administra\u00e7\u00e3o da Justi\u00e7a para que sejam garantidos servi\u00e7os m\u00ednimos nesta \u00e1rea no dia 12 de dezembro.<\/p>\n","protected":false},"excerpt":{"rendered":"Um dia depois da greve geral, marcada para quinta-feira, h\u00e1 uma nova greve \u00e0 vista, convocada para o&hellip;\n","protected":false},"author":2,"featured_media":181356,"comment_status":"","ping_status":"","sticky":false,"template":"","format":"standard","meta":{"footnotes":""},"categories":[10],"tags":[27,28,476,15,16,22128,1322,14,25,26,21,22,12,13,19,20,32,23,24,33,17,18,849,29,30,31],"class_list":{"0":"post-181355","1":"post","2":"type-post","3":"status-publish","4":"format-standard","5":"has-post-thumbnail","7":"category-portugal","8":"tag-breaking-news","9":"tag-breakingnews","10":"tag-economia","11":"tag-featured-news","12":"tag-featurednews","13":"tag-funu00e7u00e3o-pu00fablica","14":"tag-greve","15":"tag-headlines","16":"tag-latest-news","17":"tag-latestnews","18":"tag-main-news","19":"tag-mainnews","20":"tag-news","21":"tag-noticias","22":"tag-noticias-principais","23":"tag-noticiasprincipais","24":"tag-portugal","25":"tag-principais-noticias","26":"tag-principaisnoticias","27":"tag-pt","28":"tag-top-stories","29":"tag-topstories","30":"tag-trabalho","31":"tag-ultimas","32":"tag-ultimas-noticias","33":"tag-ultimasnoticias"},"share_on_mastodon":{"url":"https:\/\/pubeurope.com\/@pt\/115689676187066341","error":""},"_links":{"self":[{"href":"https:\/\/www.europesays.com\/pt\/wp-json\/wp\/v2\/posts\/181355","targetHints":{"allow":["GET"]}}],"collection":[{"href":"https:\/\/www.europesays.com\/pt\/wp-json\/wp\/v2\/posts"}],"about":[{"href":"https:\/\/www.europesays.com\/pt\/wp-json\/wp\/v2\/types\/post"}],"author":[{"embeddable":true,"href":"https:\/\/www.europesays.com\/pt\/wp-json\/wp\/v2\/users\/2"}],"replies":[{"embeddable":true,"href":"https:\/\/www.europesays.com\/pt\/wp-json\/wp\/v2\/comments?post=181355"}],"version-history":[{"count":0,"href":"https:\/\/www.europesays.com\/pt\/wp-json\/wp\/v2\/posts\/181355\/revisions"}],"wp:featuredmedia":[{"embeddable":true,"href":"https:\/\/www.europesays.com\/pt\/wp-json\/wp\/v2\/media\/181356"}],"wp:attachment":[{"href":"https:\/\/www.europesays.com\/pt\/wp-json\/wp\/v2\/media?parent=181355"}],"wp:term":[{"taxonomy":"category","embeddable":true,"href":"https:\/\/www.europesays.com\/pt\/wp-json\/wp\/v2\/categories?post=181355"},{"taxonomy":"post_tag","embeddable":true,"href":"https:\/\/www.europesays.com\/pt\/wp-json\/wp\/v2\/tags?post=181355"}],"curies":[{"name":"wp","href":"https:\/\/api.w.org\/{rel}","templated":true}]}}