{"id":181357,"date":"2025-12-09T12:45:45","date_gmt":"2025-12-09T12:45:45","guid":{"rendered":"https:\/\/www.europesays.com\/pt\/181357\/"},"modified":"2025-12-09T12:45:45","modified_gmt":"2025-12-09T12:45:45","slug":"ventura-a-frente-de-nova-sondagem-com-mendes-em-segundo-observador","status":"publish","type":"post","link":"https:\/\/www.europesays.com\/pt\/181357\/","title":{"rendered":"Ventura \u00e0 frente de nova sondagem com Mendes em segundo \u2013 Observador"},"content":{"rendered":"<p>Andr\u00e9 Ventura lidera uma <a href=\"https:\/\/www.dn.pt\/pol%C3%ADtica\/barmetro-dnaximage-com-gouveia-e-melo-em-queda-andr-ventura-quem-lidera-inteno-de-voto-presidencial\" rel=\"nofollow noopener\" target=\"_blank\">nova sondagem<\/a> das Presidenciais feita pela Aximage para o Di\u00e1rio de Not\u00edcias. O l\u00edder e candidato apoiado pelo Chega lidera as inten\u00e7\u00f5es de voto com 19,1% apesar de ter perdido uns residuais 0,1 pontos percentuais relativamente ao mesmo bar\u00f3metro feito um m\u00eas antes. Em segundo lugar, bem perto, surge Lu\u00eds Marques Mendes que perdeu um ponto percentual relativamente a 3 de novembro, mas ainda tem 18,2% das inten\u00e7\u00f5es de voto. J\u00e1 o almirante Gouveia e Melo \u2014 que h\u00e1 um m\u00eas estava em, primeiro lugar com 24,4% dos votos caiu 6,9 pontos estando agora em terceiro com 17,5% dos votos. Apesar destas oscila\u00e7\u00f5es, os tr\u00eas est\u00e3o em empato t\u00e9cnico, j\u00e1 que a margem de erro da sondagem \u00e9 de 4%.<\/p>\n<p>Quem tamb\u00e9m teve uma queda acentuada foi Ant\u00f3nio Jos\u00e9 Seguro que passou de 15,7% das inten\u00e7\u00f5es de voto para apenas 9,6%, descendo ao quinto lugar. Est\u00e1 agora atr\u00e1s de Jo\u00e3o Cotrim Figueiredo \u2014 o candidato que sobe mais neste per\u00edodo de um m\u00eas \u2014 tendo passado de 8,2% para 10,5% das inten\u00e7\u00f5es de voto.<\/p>\n<p>Bem mais atr\u00e1s, mas com ligeiras subidas, surgem Catarina Martins (que sobe de 5 para 5,9%), Ant\u00f3nio Filipe (que sobe de 2,7 para 2.9%) e Jorge Pinto (que sobe de 0,9 para 1,9%).<\/p>\n<p>O bar\u00f3metro tem ainda conclus\u00f5es sobre quem, no entender dos inquiridos, tem estado melhor nos debates (Marques Mendes), o favorito dos jovens (Andr\u00e9 Ventura) e, noutro dado curioso, que h\u00e1 quase tantos eleitores do PS a votar em Gouveia e Melo (24%) do que em Seguro (26,6%).<\/p>\n<p>A amostra foi feita com 607 entrevistas efetivas e foi realizada entre 28 de novembro e 3 de dezembro de 2025.<\/p>\n","protected":false},"excerpt":{"rendered":"Andr\u00e9 Ventura lidera uma nova sondagem das Presidenciais feita pela Aximage para o Di\u00e1rio de Not\u00edcias. O l\u00edder&hellip;\n","protected":false},"author":2,"featured_media":181358,"comment_status":"","ping_status":"","sticky":false,"template":"","format":"standard","meta":{"footnotes":""},"categories":[8],"tags":[3368,27,28,1077,15,16,14,25,26,21,22,12,13,19,20,3369,302,32,5215,23,24,33,17,18,29,30,31],"class_list":{"0":"post-181357","1":"post","2":"type-post","3":"status-publish","4":"format-standard","5":"has-post-thumbnail","7":"category-principais-noticias","8":"tag-andru00e9-ventura","9":"tag-breaking-news","10":"tag-breakingnews","11":"tag-eleiu00e7u00f5es","12":"tag-featured-news","13":"tag-featurednews","14":"tag-headlines","15":"tag-latest-news","16":"tag-latestnews","17":"tag-main-news","18":"tag-mainnews","19":"tag-news","20":"tag-noticias","21":"tag-noticias-principais","22":"tag-noticiasprincipais","23":"tag-partido-chega","24":"tag-polu00edtica","25":"tag-portugal","26":"tag-presidenciais","27":"tag-principais-noticias","28":"tag-principaisnoticias","29":"tag-pt","30":"tag-top-stories","31":"tag-topstories","32":"tag-ultimas","33":"tag-ultimas-noticias","34":"tag-ultimasnoticias"},"share_on_mastodon":{"url":"https:\/\/pubeurope.com\/@pt\/115689680100879989","error":""},"_links":{"self":[{"href":"https:\/\/www.europesays.com\/pt\/wp-json\/wp\/v2\/posts\/181357","targetHints":{"allow":["GET"]}}],"collection":[{"href":"https:\/\/www.europesays.com\/pt\/wp-json\/wp\/v2\/posts"}],"about":[{"href":"https:\/\/www.europesays.com\/pt\/wp-json\/wp\/v2\/types\/post"}],"author":[{"embeddable":true,"href":"https:\/\/www.europesays.com\/pt\/wp-json\/wp\/v2\/users\/2"}],"replies":[{"embeddable":true,"href":"https:\/\/www.europesays.com\/pt\/wp-json\/wp\/v2\/comments?post=181357"}],"version-history":[{"count":0,"href":"https:\/\/www.europesays.com\/pt\/wp-json\/wp\/v2\/posts\/181357\/revisions"}],"wp:featuredmedia":[{"embeddable":true,"href":"https:\/\/www.europesays.com\/pt\/wp-json\/wp\/v2\/media\/181358"}],"wp:attachment":[{"href":"https:\/\/www.europesays.com\/pt\/wp-json\/wp\/v2\/media?parent=181357"}],"wp:term":[{"taxonomy":"category","embeddable":true,"href":"https:\/\/www.europesays.com\/pt\/wp-json\/wp\/v2\/categories?post=181357"},{"taxonomy":"post_tag","embeddable":true,"href":"https:\/\/www.europesays.com\/pt\/wp-json\/wp\/v2\/tags?post=181357"}],"curies":[{"name":"wp","href":"https:\/\/api.w.org\/{rel}","templated":true}]}}